{"id":4682,"date":"2026-04-27T05:28:03","date_gmt":"2026-04-27T05:28:03","guid":{"rendered":"https:\/\/www.chnk.pl\/?p=4682"},"modified":"2026-04-27T05:28:03","modified_gmt":"2026-04-27T05:28:03","slug":"iii-niedziela-zmartwychwstania-panskiego","status":"publish","type":"post","link":"https:\/\/www.chnk.pl\/?p=4682","title":{"rendered":"III NIEDZIELA ZMARTWYCHWSTANIA PA\u0143SKIEGO"},"content":{"rendered":"<ol>\n<li>Dzi\u015b III Niedziela Zmartwychwstania Pa\u0144skiego &#8211; Niedziela Biblijna, rozpoczynamy Tydzie\u0144 Biblijny.<\/li>\n<li>We wtorek zapraszam o&nbsp;godz. 19.00 na spotkania: Wsp\u00f3lnoty AA oraz naszej Scholii Doros\u0142ych, kt\u00f3re odbywaj\u0105 si\u0119 na salkach parafialnych.<\/li>\n<li>W czwartek przypada Uroczysto\u015b\u0107 \u015bw. Wojciecha, bp. i m., g\u0142\u00f3wnego patrona Polski, Zapraszam na Adoracj\u0119 Naj\u015bwi\u0119tszego Sakramentu po zako\u0144czonej Mszy \u015bw. do godz. 18.00.<\/li>\n<li>W przysz\u0142\u0105 niedziel\u0119 przypada \u015bwiatowy dzie\u0144 modlitwy o powo\u0142ania.<\/li>\n<li>Dzi\u0119kuj\u0119 wszystkim zaanga\u017cowanym w prace porz\u0105dkowe przy naszej \u015bwi\u0105tyni. Zapraszamy do grupy sprz\u0105taj\u0105cej osoby, kt\u00f3re mog\u0105 pom\u00f3c w bie\u017c\u0105cych pracach w soboty o godz. 08.30.<\/li>\n<\/ol>\n<p>B\u00f3g zap\u0142a\u0107 za ofiary na utrzymanie naszego ko\u015bcio\u0142a i na danin\u0119 diecezjaln\u0105.<\/p>\n<ol start=\"6\">\n<li>Biuro Parafialne czynne:<\/li>\n<\/ol>\n<p>&#8211; w poniedzia\u0142ek&nbsp;&nbsp;&nbsp; 08.30 \u2013 09.30;<\/p>\n<p>&#8211; w czwartek &nbsp;&nbsp;&nbsp;&nbsp;&nbsp;&nbsp;&nbsp;&nbsp; 15.30 \u2013 16.30;<\/p>\n<p>&#8211; w pi\u0105tek &nbsp;&nbsp;&nbsp;&nbsp;&nbsp;&nbsp;&nbsp;&nbsp;&nbsp;&nbsp;&nbsp;&nbsp;&nbsp; 17.30 \u2013 18.30.<\/p>\n<p>Sprawy pilne prosz\u0119 zg\u0142asza\u0107 po nabo\u017ce\u0144stwach<\/p>\n","protected":false},"excerpt":{"rendered":"<p>Dzi\u015b III Niedziela Zmartwychwstania Pa\u0144skiego &#8211; Niedziela Biblijna, rozpoczynamy Tydzie\u0144 Biblijny. We wtorek zapraszam o&nbsp;godz. 19.00 na spotkania: Wsp\u00f3lnoty AA oraz naszej Scholii Doros\u0142ych, kt\u00f3re odbywaj\u0105 si\u0119 na salkach parafialnych. W czwartek przypada Uroczysto\u015b\u0107 \u015bw. Wojciecha, bp. i m., g\u0142\u00f3wnego patrona Polski, Zapraszam na Adoracj\u0119 Naj\u015bwi\u0119tszego Sakramentu po zako\u0144czonej Mszy \u015bw. do godz. 18.00. W &#8230; <span class=\"more\"><a class=\"more-link\" href=\"https:\/\/www.chnk.pl\/?p=4682\">czytaj wi\u0119cej<\/a><\/span><\/p>\n","protected":false},"author":6,"featured_media":0,"comment_status":"open","ping_status":"open","sticky":false,"template":"","format":"standard","meta":{"ngg_post_thumbnail":0,"footnotes":""},"categories":[3],"tags":[],"_links":{"self":[{"href":"https:\/\/www.chnk.pl\/index.php?rest_route=\/wp\/v2\/posts\/4682"}],"collection":[{"href":"https:\/\/www.chnk.pl\/index.php?rest_route=\/wp\/v2\/posts"}],"about":[{"href":"https:\/\/www.chnk.pl\/index.php?rest_route=\/wp\/v2\/types\/post"}],"author":[{"embeddable":true,"href":"https:\/\/www.chnk.pl\/index.php?rest_route=\/wp\/v2\/users\/6"}],"replies":[{"embeddable":true,"href":"https:\/\/www.chnk.pl\/index.php?rest_route=%2Fwp%2Fv2%2Fcomments&post=4682"}],"version-history":[{"count":1,"href":"https:\/\/www.chnk.pl\/index.php?rest_route=\/wp\/v2\/posts\/4682\/revisions"}],"predecessor-version":[{"id":4683,"href":"https:\/\/www.chnk.pl\/index.php?rest_route=\/wp\/v2\/posts\/4682\/revisions\/4683"}],"wp:attachment":[{"href":"https:\/\/www.chnk.pl\/index.php?rest_route=%2Fwp%2Fv2%2Fmedia&parent=4682"}],"wp:term":[{"taxonomy":"category","embeddable":true,"href":"https:\/\/www.chnk.pl\/index.php?rest_route=%2Fwp%2Fv2%2Fcategories&post=4682"},{"taxonomy":"post_tag","embeddable":true,"href":"https:\/\/www.chnk.pl\/index.php?rest_route=%2Fwp%2Fv2%2Ftags&post=4682"}],"curies":[{"name":"wp","href":"https:\/\/api.w.org\/{rel}","templated":true}]}}