{"id":4665,"date":"2026-03-14T14:41:43","date_gmt":"2026-03-14T14:41:43","guid":{"rendered":"https:\/\/www.chnk.pl\/?p=4665"},"modified":"2026-03-14T14:41:43","modified_gmt":"2026-03-14T14:41:43","slug":"iv-niedziela-wielkiego-postu","status":"publish","type":"post","link":"https:\/\/www.chnk.pl\/?p=4665","title":{"rendered":"IV NIEDZIELA WIELKIEGO POSTU"},"content":{"rendered":"<ol>\n<li>Dzi\u015b IV Niedziela Wielkiego Postu. Zapraszam na nabo\u017ce\u0144stwo Gorzkich \u017bali na godz. 16.20. Dzi\u015b na Mszy \u015bw. o godz. 11.15 b\u0119dzie mia\u0142o miejsce po\u015bwi\u0119cenie Modlitewnik\u00f3w dzieci, kt\u00f3re w tym roku szkolnym przyst\u0105pi\u0105 do I Komunii \u015aw.; po&nbsp;zako\u0144czonej Eucharystii dzieci wraz z rodzicami zapraszam na salk\u0119 na katechetyczn\u0105.<\/li>\n<li>W okresie Wielkiego Postu sk\u0142adamy danin\u0119 diecezjaln\u0105. Koperty na danin\u0119 oraz potrzeby naszej parafii wy\u0142o\u017cone s\u0105 w kruchcie i w kaplicy przy zakrystii.<\/li>\n<li>W czwartek 19.03.26 w Uroczysto\u015b\u0107 \u015bw. J\u00f3zefa prze\u017cywa\u0107 b\u0119dziemy coroczn\u0105, ca\u0142odzienna, adoracj\u0119 Naj\u015bwi\u0119tszego Sakramentu w naszej Parafii. Rozpoczniemy j\u0105 po porannej Mszy \u015bw. o godz. 09.00 i potrwa do godz. 18.30. Proponujemy, aby o godz. 09.00 rozpocz\u0119\u0142o Apostolstwo Dobrej \u015amierci, o 10.00 Parafianie z blok\u00f3w 15 do 20, o godz. 11.00 Parafianie z blok\u00f3w 122 do129, o godz. 12.00 z blok\u00f3w 39, 40, 42, o godz. 13.00 Parafianie z blok\u00f3w czteropi\u0119trowych, o godz. 14.00 \u017bywy R\u00f3\u017caniec, o godz. 15.00 grupa CARITAS i Schola, o&nbsp;godz. 16.00 m\u0119\u017cczy\u017ani, o godz. 17.30 rodzice kandydat\u00f3w do bierzmowania i dzieci komunijnych Plan adoracji nale\u017cy traktowa\u0107 ramowo. Nie mo\u017cna zlekcewa\u017cy\u0107 dnia uroczystej czci oddawanej Panu Jezusowi w Naj\u015bwi\u0119tszym Sakramencie.<\/li>\n<li>W pi\u0105tek nabo\u017ce\u0144stwa Drogi Krzy\u017cowej. Dzieci i m\u0142odzie\u017c zapraszam na godz. 16.20, pozosta\u0142ych parafian na godz. 17.30.<\/li>\n<li>M\u0142odzie\u017c przygotowuj\u0105c\u0105 si\u0119 do Sakramentu Bierzmowania zapraszamy na spotkanie \u2013 odwiedziny w&nbsp;sobot\u0119 21.03.26 Domu Pomocy Spo\u0142ecznej si\u00f3str Urszulanek w Pokrzywnie. Zbi\u00f3rka o godz. 09.15 przed ko\u015bcio\u0142em. Powr\u00f3t oko\u0142o godz. 12.00.<\/li>\n<li>Dzi\u0119kuj\u0119 wszystkim zaanga\u017cowanym w prace porz\u0105dkowe przy naszej \u015bwi\u0105tyni. Zapraszamy do grupy sprz\u0105taj\u0105cej osoby, kt\u00f3re mog\u0105 pom\u00f3c w bie\u017c\u0105cych pracach w soboty o godz. 08.30.<\/li>\n<li>Biuro Parafialne w tygodniu czynne:<\/li>\n<\/ol>\n<p>&#8211; w poniedzia\u0142ek &nbsp;&nbsp; 08.30 \u2013 09.30<\/p>\n<p>&#8211; czwartek&nbsp;&nbsp;&nbsp; &nbsp;&nbsp;&nbsp;&nbsp;&nbsp;&nbsp;&nbsp;&nbsp;&nbsp; 15.30 \u2013 16.30;<\/p>\n<p>&#8211; w pi\u0105tek &nbsp;&nbsp;&nbsp;&nbsp;&nbsp;&nbsp;&nbsp;&nbsp;&nbsp;&nbsp;&nbsp;&nbsp;&nbsp; po nabo\u017ce\u0144stwie \u2013 18.30<\/p>\n","protected":false},"excerpt":{"rendered":"<p>Dzi\u015b IV Niedziela Wielkiego Postu. Zapraszam na nabo\u017ce\u0144stwo Gorzkich \u017bali na godz. 16.20. Dzi\u015b na Mszy \u015bw. o godz. 11.15 b\u0119dzie mia\u0142o miejsce po\u015bwi\u0119cenie Modlitewnik\u00f3w dzieci, kt\u00f3re w tym roku szkolnym przyst\u0105pi\u0105 do I Komunii \u015aw.; po&nbsp;zako\u0144czonej Eucharystii dzieci wraz z rodzicami zapraszam na salk\u0119 na katechetyczn\u0105. W okresie Wielkiego Postu sk\u0142adamy danin\u0119 diecezjaln\u0105. Koperty &#8230; <span class=\"more\"><a class=\"more-link\" href=\"https:\/\/www.chnk.pl\/?p=4665\">czytaj wi\u0119cej<\/a><\/span><\/p>\n","protected":false},"author":6,"featured_media":0,"comment_status":"open","ping_status":"open","sticky":false,"template":"","format":"standard","meta":{"ngg_post_thumbnail":0,"footnotes":""},"categories":[3],"tags":[],"_links":{"self":[{"href":"https:\/\/www.chnk.pl\/index.php?rest_route=\/wp\/v2\/posts\/4665"}],"collection":[{"href":"https:\/\/www.chnk.pl\/index.php?rest_route=\/wp\/v2\/posts"}],"about":[{"href":"https:\/\/www.chnk.pl\/index.php?rest_route=\/wp\/v2\/types\/post"}],"author":[{"embeddable":true,"href":"https:\/\/www.chnk.pl\/index.php?rest_route=\/wp\/v2\/users\/6"}],"replies":[{"embeddable":true,"href":"https:\/\/www.chnk.pl\/index.php?rest_route=%2Fwp%2Fv2%2Fcomments&post=4665"}],"version-history":[{"count":1,"href":"https:\/\/www.chnk.pl\/index.php?rest_route=\/wp\/v2\/posts\/4665\/revisions"}],"predecessor-version":[{"id":4666,"href":"https:\/\/www.chnk.pl\/index.php?rest_route=\/wp\/v2\/posts\/4665\/revisions\/4666"}],"wp:attachment":[{"href":"https:\/\/www.chnk.pl\/index.php?rest_route=%2Fwp%2Fv2%2Fmedia&parent=4665"}],"wp:term":[{"taxonomy":"category","embeddable":true,"href":"https:\/\/www.chnk.pl\/index.php?rest_route=%2Fwp%2Fv2%2Fcategories&post=4665"},{"taxonomy":"post_tag","embeddable":true,"href":"https:\/\/www.chnk.pl\/index.php?rest_route=%2Fwp%2Fv2%2Ftags&post=4665"}],"curies":[{"name":"wp","href":"https:\/\/api.w.org\/{rel}","templated":true}]}}