{"id":4662,"date":"2026-03-06T14:54:43","date_gmt":"2026-03-06T14:54:43","guid":{"rendered":"https:\/\/www.chnk.pl\/?p=4662"},"modified":"2026-03-06T14:54:43","modified_gmt":"2026-03-06T14:54:43","slug":"iii-niedziela-wielkiego-postu","status":"publish","type":"post","link":"https:\/\/www.chnk.pl\/?p=4662","title":{"rendered":"III NIEDZIELA WIELKIEGO POSTU"},"content":{"rendered":"<ol>\n<li>Dzi\u015b III Niedziela Wielkiego Postu. Dzi\u015b zapraszam na nabo\u017ce\u0144stwo Gorzkich \u017bali na godz. 16.20. Dzi\u015b przez r\u0119ce Maryi matki naszego Zbawiciela, \u017cycz\u0119 wszystkim paniom obfito\u015bci \u0142ask Bo\u017cych. Po Mszy \u015bw. o godz. 11.15 zapraszamy dzieci na spotkanie duszpasterstwa dzieci.<\/li>\n<li>W okresie Wielkiego Postu sk\u0142adamy danin\u0119 diecezjaln\u0105. Koperty na danin\u0119 oraz potrzeby naszej parafii wy\u0142o\u017cone s\u0105 w kruchcie i w kaplicy przy zakrystii.<\/li>\n<li>W czwartek 12.03.26 na godz. 16.45 zapraszam rodzic\u00f3w dzieci pierwszokomunijnych na&nbsp;katechez\u0119 dla nich dedykowan\u0105; po zako\u0144czonej Mszy \u015bw. od&nbsp;godz. 17.30 do 18.00 Adoracja Naj\u015bwi\u0119tszego Sakramentu; tego dnia o godz. 18.00 zapraszam wszystkich zainteresowanych do\u0142\u0105czeniem do Wsp\u00f3lnoty JESTEM na spotkanie modlitewne, kt\u00f3re odb\u0119dzie si\u0119 na salkach parafialnych.<\/li>\n<li>W pi\u0105tek nabo\u017ce\u0144stwa Drogi Krzy\u017cowej. Dzieci i m\u0142odzie\u017c zapraszam na godz. 16.20, pozosta\u0142ych parafian na godz. 17.30.<\/li>\n<li>Kontynuujemy remonty obiekt\u00f3w parafialnych. B\u00f3g zap\u0142a\u0107 za pa\u0144stwa ofiary sk\u0142adane na&nbsp;utrzymanie naszego ko\u015bcio\u0142a.<\/li>\n<li>Informuj\u0119, \u017ce Ks. Bp Jan Glapiak potwierdzi\u0142 nam pisemnie, i\u017c 31 maja br. o godz. 17.00 odprawi w naszej wsp\u00f3lnocie parafialnej Eucharysti\u0119, podczas kt\u00f3rej udzieli naszej m\u0142odzie\u017cy Sakramentu Bierzmowania.<\/li>\n<li>Za tydzie\u0144 w niedziel\u0119 na Mszy \u015bw. o godz. 11.15 b\u0119dzie mia\u0142o miejsce po\u015bwi\u0119cenie Modlitewnik\u00f3w dzieci, kt\u00f3re w tym roku szkolnym przyst\u0105pi\u0105 do I Komunii \u015aw.; po&nbsp;zako\u0144czonej Eucharystii dzieci wraz z rodzicami zapraszam na salk\u0119 na katechetyczn\u0105.<\/li>\n<li>Dzi\u0119kuj\u0119 r\u00f3wnie\u017c wszystkim zaanga\u017cowanym w prace porz\u0105dkowe przy naszej \u015bwi\u0105tyni. Zapraszamy do grupy sprz\u0105taj\u0105cej osoby, kt\u00f3re mog\u0105 pom\u00f3c w bie\u017c\u0105cych pracach w soboty o godz. 08.30.<\/li>\n<li>Biuro Parafialne w tygodniu czynne:<\/li>\n<\/ol>\n<p>&#8211; w poniedzia\u0142ek i czwartek&nbsp;&nbsp;&nbsp;&nbsp;&nbsp;&nbsp;&nbsp;&nbsp;&nbsp; 15.30 \u2013 16.30;<\/p>\n<p>&#8211; w pi\u0105tek &nbsp;&nbsp;&nbsp;&nbsp;&nbsp;&nbsp;&nbsp;&nbsp;&nbsp;&nbsp;&nbsp;&nbsp;&nbsp;&nbsp;&nbsp;&nbsp;&nbsp;&nbsp;&nbsp;&nbsp;&nbsp;&nbsp;&nbsp; &nbsp;&nbsp;&nbsp;&nbsp;&nbsp;&nbsp;&nbsp;&nbsp;&nbsp; po zako\u0144czonym nabo\u017ce\u0144stwie \u2013 18.30.<\/p>\n<ol start=\"11\">\n<li>M\u00f3dlmy si\u0119 za zmar\u0142ych Parafian. Za dusz\u0119 \u015bp. Miros\u0142awy R\u00f3\u017ca\u0144skiej, os. Lech 46 (pogrzeb mia\u0142 miejsce w pi\u0105tek), \u015bp. Wies\u0142awy Chojnackiej, os. Lecha 127 (pogrzeb b\u0119dzie mia\u0142 miejsce 09.03.26 tj. w poniedzia\u0142ek o godz. 10.30), \u015bp. Teodory Ksi\u0105\u017cek, os. Lecha 122 (Msza \u015bw. pogrzebowa 13.03.26 tj. w pi\u0105tek o godz. 09.00). Wieczny odpoczynek racz zmar\u0142ej da\u0107 Panie.<\/li>\n<\/ol>\n","protected":false},"excerpt":{"rendered":"<p>Dzi\u015b III Niedziela Wielkiego Postu. Dzi\u015b zapraszam na nabo\u017ce\u0144stwo Gorzkich \u017bali na godz. 16.20. Dzi\u015b przez r\u0119ce Maryi matki naszego Zbawiciela, \u017cycz\u0119 wszystkim paniom obfito\u015bci \u0142ask Bo\u017cych. Po Mszy \u015bw. o godz. 11.15 zapraszamy dzieci na spotkanie duszpasterstwa dzieci. W okresie Wielkiego Postu sk\u0142adamy danin\u0119 diecezjaln\u0105. Koperty na danin\u0119 oraz potrzeby naszej parafii wy\u0142o\u017cone s\u0105 &#8230; <span class=\"more\"><a class=\"more-link\" href=\"https:\/\/www.chnk.pl\/?p=4662\">czytaj wi\u0119cej<\/a><\/span><\/p>\n","protected":false},"author":6,"featured_media":0,"comment_status":"open","ping_status":"open","sticky":false,"template":"","format":"standard","meta":{"ngg_post_thumbnail":0,"footnotes":""},"categories":[3],"tags":[],"_links":{"self":[{"href":"https:\/\/www.chnk.pl\/index.php?rest_route=\/wp\/v2\/posts\/4662"}],"collection":[{"href":"https:\/\/www.chnk.pl\/index.php?rest_route=\/wp\/v2\/posts"}],"about":[{"href":"https:\/\/www.chnk.pl\/index.php?rest_route=\/wp\/v2\/types\/post"}],"author":[{"embeddable":true,"href":"https:\/\/www.chnk.pl\/index.php?rest_route=\/wp\/v2\/users\/6"}],"replies":[{"embeddable":true,"href":"https:\/\/www.chnk.pl\/index.php?rest_route=%2Fwp%2Fv2%2Fcomments&post=4662"}],"version-history":[{"count":1,"href":"https:\/\/www.chnk.pl\/index.php?rest_route=\/wp\/v2\/posts\/4662\/revisions"}],"predecessor-version":[{"id":4663,"href":"https:\/\/www.chnk.pl\/index.php?rest_route=\/wp\/v2\/posts\/4662\/revisions\/4663"}],"wp:attachment":[{"href":"https:\/\/www.chnk.pl\/index.php?rest_route=%2Fwp%2Fv2%2Fmedia&parent=4662"}],"wp:term":[{"taxonomy":"category","embeddable":true,"href":"https:\/\/www.chnk.pl\/index.php?rest_route=%2Fwp%2Fv2%2Fcategories&post=4662"},{"taxonomy":"post_tag","embeddable":true,"href":"https:\/\/www.chnk.pl\/index.php?rest_route=%2Fwp%2Fv2%2Ftags&post=4662"}],"curies":[{"name":"wp","href":"https:\/\/api.w.org\/{rel}","templated":true}]}}