{"id":4552,"date":"2025-11-08T13:06:26","date_gmt":"2025-11-08T13:06:26","guid":{"rendered":"https:\/\/www.chnk.pl\/?p=4552"},"modified":"2025-11-08T13:06:26","modified_gmt":"2025-11-08T13:06:26","slug":"niedziela-xxxii-zwykla-2","status":"publish","type":"post","link":"https:\/\/www.chnk.pl\/?p=4552","title":{"rendered":"NIEDZIELA XXXII ZWYK\u0141A"},"content":{"rendered":"<ol>\n<li>Dzi\u015b \u015bwi\u0119to Rocznicy po\u015bwi\u0119cenia Bazyliki Latera\u0144skiej. W naszej parafii prze\u017cywamy Wizytacj\u0119 Biskupi\u0105 \u2013 wraz z nami modli si\u0119 Ks. Bp Jan Glapiak. Ta niedziela to r\u00f3wnie\u017c Dzie\u0144 Solidarno\u015bci z Ko\u015bcio\u0142em Prze\u015bladowanym.<\/li>\n<li>Przez kolejne dni modlimy si\u0119 za naszych bliskich prze\u017cywaj\u0105cych rzeczywisto\u015b\u0107 Czy\u015b\u0107ca, odmawiaj\u0105c r\u00f3\u017caniec za zmar\u0142ych polecanych w zaduszkach przed wieczorn\u0105 Msz\u0105 \u015bw. o&nbsp;godz. 17.20.<\/li>\n<li>We wtorek wspomnienie liturgiczne \u015bw. Marcina z Tours; tego dnia dzi\u0119kujemy Panu Bogu za woln\u0105 i niepodleg\u0142\u0105 Ojczyzn\u0119. Zapraszam do wsp\u00f3lnej modlitwy dzi\u0119kczynnej; na Mszach \u015bw. b\u0119dziemy zbiera\u0107 ofiary na potrzeby Stolicy Apostolskiej.<\/li>\n<li>Dzi\u0119kuj\u0119 rodzicom dzieci I komunijnych za liczny udzia\u0142 w katechezie, kt\u00f3ra odby\u0142a si\u0119 w&nbsp;minionym tygodniu.<\/li>\n<li>Biuro Parafialne czynne w tym tygodniu:<\/li>\n<\/ol>\n<p>&#8211; w poniedzia\u0142ek &nbsp; 09.00 \u2013 10.30;<\/p>\n<p>&#8211; w czwartek &nbsp;&nbsp;&nbsp;&nbsp;&nbsp;&nbsp;&nbsp; 16.00 &#8211; 17.30;<\/p>\n<p>&#8211; w pi\u0105tek &nbsp;&nbsp;&nbsp;&nbsp;&nbsp;&nbsp;&nbsp;&nbsp;&nbsp;&nbsp;&nbsp; 18.30 &#8211; 19.30.<\/p>\n","protected":false},"excerpt":{"rendered":"<p>Dzi\u015b \u015bwi\u0119to Rocznicy po\u015bwi\u0119cenia Bazyliki Latera\u0144skiej. W naszej parafii prze\u017cywamy Wizytacj\u0119 Biskupi\u0105 \u2013 wraz z nami modli si\u0119 Ks. Bp Jan Glapiak. Ta niedziela to r\u00f3wnie\u017c Dzie\u0144 Solidarno\u015bci z Ko\u015bcio\u0142em Prze\u015bladowanym. Przez kolejne dni modlimy si\u0119 za naszych bliskich prze\u017cywaj\u0105cych rzeczywisto\u015b\u0107 Czy\u015b\u0107ca, odmawiaj\u0105c r\u00f3\u017caniec za zmar\u0142ych polecanych w zaduszkach przed wieczorn\u0105 Msz\u0105 \u015bw. o&nbsp;godz. 17.20. &#8230; <span class=\"more\"><a class=\"more-link\" href=\"https:\/\/www.chnk.pl\/?p=4552\">czytaj wi\u0119cej<\/a><\/span><\/p>\n","protected":false},"author":6,"featured_media":0,"comment_status":"open","ping_status":"open","sticky":false,"template":"","format":"standard","meta":{"ngg_post_thumbnail":0,"footnotes":""},"categories":[1],"tags":[],"_links":{"self":[{"href":"https:\/\/www.chnk.pl\/index.php?rest_route=\/wp\/v2\/posts\/4552"}],"collection":[{"href":"https:\/\/www.chnk.pl\/index.php?rest_route=\/wp\/v2\/posts"}],"about":[{"href":"https:\/\/www.chnk.pl\/index.php?rest_route=\/wp\/v2\/types\/post"}],"author":[{"embeddable":true,"href":"https:\/\/www.chnk.pl\/index.php?rest_route=\/wp\/v2\/users\/6"}],"replies":[{"embeddable":true,"href":"https:\/\/www.chnk.pl\/index.php?rest_route=%2Fwp%2Fv2%2Fcomments&post=4552"}],"version-history":[{"count":1,"href":"https:\/\/www.chnk.pl\/index.php?rest_route=\/wp\/v2\/posts\/4552\/revisions"}],"predecessor-version":[{"id":4553,"href":"https:\/\/www.chnk.pl\/index.php?rest_route=\/wp\/v2\/posts\/4552\/revisions\/4553"}],"wp:attachment":[{"href":"https:\/\/www.chnk.pl\/index.php?rest_route=%2Fwp%2Fv2%2Fmedia&parent=4552"}],"wp:term":[{"taxonomy":"category","embeddable":true,"href":"https:\/\/www.chnk.pl\/index.php?rest_route=%2Fwp%2Fv2%2Fcategories&post=4552"},{"taxonomy":"post_tag","embeddable":true,"href":"https:\/\/www.chnk.pl\/index.php?rest_route=%2Fwp%2Fv2%2Ftags&post=4552"}],"curies":[{"name":"wp","href":"https:\/\/api.w.org\/{rel}","templated":true}]}}