{"id":4514,"date":"2025-09-27T15:34:31","date_gmt":"2025-09-27T15:34:31","guid":{"rendered":"https:\/\/www.chnk.pl\/?p=4514"},"modified":"2025-09-27T15:34:31","modified_gmt":"2025-09-27T15:34:31","slug":"niedziela-xxvi-zwykla-2","status":"publish","type":"post","link":"https:\/\/www.chnk.pl\/?p=4514","title":{"rendered":"NIEDZIELA XXVI ZWYK\u0141A"},"content":{"rendered":"<p style=\"text-align: center;\">PODZI\u0118KOWANIE<\/p>\n<p style=\"text-align: center;\">&nbsp;R\u00f3wnie\u017c kap\u0142an bywa czasem \u201esamotn\u0105 wysp\u0105\u201d. Gdy Jednak w chwilach trudnych czy wznios\u0142ych stoj\u0105 przy nim i z nim \u017cyczliwi ludzie, jest im bardzo wdzi\u0119czny.<\/p>\n<p style=\"text-align: center;\">&nbsp; &nbsp; &nbsp; &nbsp; &nbsp; &nbsp; &nbsp; &nbsp; &nbsp; &nbsp; &nbsp;S\u0105 oni bowiem DOBROCZY\u0143CAMI PAMI\u0118CI.<\/p>\n<p>Za obecno\u015b\u0107, modlitwy, pami\u0119\u0107, za dary r\u0105k i serc w dniach mojego Z\u0142otego Jubileuszu Kap\u0142a\u0144stw i odej\u015bcia z Parafii na emerytur\u0119, sk\u0142adam ogromne dzi\u0119ki.<\/p>\n<p>Wspierajmy si\u0119 modlitw\u0105<\/p>\n<p>Pozna\u0144, 30 wrze\u015bnia 2025 r.<\/p>\n<p>ks. Wojciech Nogalski<\/p>\n<p>&nbsp;<\/p>\n<p>&nbsp;<\/p>\n<p>OG\u0141OSZENIA DUSZPASTERSKIE<\/p>\n<p>NIEDZIELA XXVI ZWYK\u0141A<\/p>\n<p>28 wrze\u015bnia 2025 r.<\/p>\n<p>1. Kalendarz liturgiczny: poniedzia\u0142ek \u2013 \u015bw. Archanio\u0142\u00f3w Micha\u0142a Gabriela i Rafa\u0142a, wtorek -\u015bw. Hieronima, \u015broda \u2013 \u015bw. Teresy od Dzieci\u0105tka Jezus, czwartek &#8211; \u015bw. Anio\u0142\u00f3w Str\u00f3\u017c\u00f3w, sobota \u2013 \u015bw. Franciszka z Asy\u017cu, niedziela \u2013 \u015bw. Faustyny Kowalskiej.<\/p>\n<p>2. Nabo\u017ce\u0144stwa r\u00f3\u017ca\u0144cowe od \u015brody codziennie o godz. 17.30. Prosimy rodzic\u00f3w, aby do\u0142o\u017cyli stara\u0144, by dzieci uczestniczy\u0142y w nabo\u017ce\u0144stwach r\u00f3\u017ca\u0144cowym.<\/p>\n<p>3. W tym tygodniu : I czwartek I pi\u0105tek i I sobota miesi\u0105ca. W czwartek adoracja Naj\u015bwi\u0119tszego Sakramentu od 17.00 do 18.00 w intencji poszanowania \u017cycia ludzkiego. Po mszy \u015bw. wieczornej adoracja do godz. 21.00 w intencji nowych powo\u0142a\u0144 kap\u0142a\u0144skich, zakonnych i misyjnych. Spowied\u017a i Komunia \u015bw. dla dzieci i m\u0142odzie\u017cy w pi\u0105tek od godz. 15.00 i komunia \u015bw. o godz. 16.30. W sobot\u0119 r\u00f3\u017caniec do Niepokalanego Serca Matki Bo\u017cej o godz. 7.15 i msza \u015bw.<\/p>\n<p>4. Zapraszamy do scholi parafialnej dla doros\u0142ych. Pr\u00f3by odbywaj\u0105 si\u0119 w pi\u0105tki o godz. 19.00 w salce parafialne i s\u0105 po\u0142\u0105czone z warsztatami emisji g\u0142osu.<\/p>\n<p>5. Spowied\u017a w pa\u017adzierniku: w poniedzia\u0142ki i wtorki p\u00f3\u0142 godziny przed rann\u0105 msz\u0105 \u015bw.; od \u015brody do pi\u0105tku p\u00f3\u0142 godziny przed rann\u0105 i wieczorn\u0105 msz\u0105 \u015bw.; w soboty p\u00f3\u0142 godziny przed rann\u0105 msz\u0105 \u015bw. oraz 16:00-18:00; w niedziele przed mszami \u015bw. z wyj\u0105tkiem wieczornej.<\/p>\n<p>6. B\u00f3g zap\u0142a\u0107 za owoce tegorocznego lata ( zostan\u0105 przekazane SS. Albertynkom do jad\u0142odajni Caritas) .<\/p>\n<p>7. Zach\u0119camy do czytania prasy katolickiej. Przy zakrystii Przewodnik Katolicki, Ma\u0142y Przewodnik Katolicki, Go\u015b\u0107 Niedzielny.<\/p>\n<p>8. M\u00f3dlmy si\u0119 za zmar\u0142ych Parafian. Za dusz\u0119 \u015bp. Zbigniewa R\u00f3\u017cyckiego, os. Lecha 39, \u015bp. Iwony Wojciechowskiej, os. Lecha 31( msza \u015bw. pogrzebowa 7 pa\u017adziernika o godz. 9.00) , \u015bp. Danuty Owsi\u0144skiej, os. Lecha 46 (msza \u015bw. pogrzebowa w \u015brod\u0119 o godz. 9.30), \u015bp. Marii Lewandowskiej, os. Lecha 124 (termin pogrzebu jeszcze nie ustalony). Wieczny odpoczynek racz zmar\u0142ym da\u0107 Panie.<\/p>\n<p>9. M\u00f3dlmy si\u0119 do Anio\u0142a Str\u00f3\u017ca. Aniele Bo\u017cy, Str\u00f3\u017cu m\u00f3j,Ty zawsze przy mnie st\u00f3j. Rano, wiecz\u00f3r, we dnie, w nocy, b\u0105d\u017a mi zawsze ku pomocy. Bro\u0144 mnie od wszelkiego z\u0142ego i doprowad\u017a do \u017cywota wiecznego. Amen.<\/p>\n<p>&nbsp;Spowied\u017a w pa\u017adzierniku:<\/p>\n<p>w poniedzia\u0142ki i wtorki p\u00f3\u0142 godziny przed rann\u0105 msz\u0105 \u015bw.;<\/p>\n<p>od \u015brody do pi\u0105tku p\u00f3\u0142 godziny przed rann\u0105 i wieczorn\u0105 msz\u0105 \u015bw.;<\/p>\n<p>w soboty p\u00f3\u0142 godziny przed rann\u0105 msz\u0105 \u015bw. oraz 16:00-18:00;<\/p>\n<p>w niedziele przed mszami \u015bw. z wyj\u0105tkiem wieczornej.<\/p>\n<p>&nbsp;<\/p>\n<p>&nbsp;<\/p>\n<p>&nbsp;<\/p>\n<p>&nbsp;<\/p>\n<p>&nbsp;<\/p>\n<p>&nbsp;<\/p>\n<p>&nbsp;<\/p>\n<p>&nbsp;<\/p>\n<p>&nbsp;<\/p>\n<p>&nbsp;<\/p>\n<p>&nbsp;<\/p>\n<p>&nbsp;<\/p>\n<p>&nbsp;<\/p>\n<p>&nbsp;<\/p>\n<p>&nbsp;<\/p>\n<p>&nbsp;<\/p>\n<p>&nbsp;<\/p>\n<p>&nbsp;<\/p>\n<p>&nbsp;<\/p>\n<p>&nbsp;<\/p>\n<p>&nbsp;<\/p>\n<p>&nbsp;<\/p>\n<p>&nbsp;<\/p>\n<p>&nbsp;<\/p>\n<p>&nbsp;<\/p>\n<p>&nbsp;<\/p>\n<p>&nbsp;<\/p>\n<p>&nbsp;<\/p>\n<p>&nbsp;<\/p>\n<p>&nbsp;<\/p>\n<p>&nbsp;<\/p>\n<p>&nbsp;<\/p>\n<p>&nbsp;<\/p>\n<p>&nbsp;<\/p>\n<p>&nbsp;<\/p>\n<p>&nbsp;<\/p>\n<p>&nbsp;<\/p>\n","protected":false},"excerpt":{"rendered":"<p>PODZI\u0118KOWANIE &nbsp;R\u00f3wnie\u017c kap\u0142an bywa czasem \u201esamotn\u0105 wysp\u0105\u201d. Gdy Jednak w chwilach trudnych czy wznios\u0142ych stoj\u0105 przy nim i z nim \u017cyczliwi ludzie, jest im bardzo wdzi\u0119czny. &nbsp; &nbsp; &nbsp; &nbsp; &nbsp; &nbsp; &nbsp; &nbsp; &nbsp; &nbsp; &nbsp;S\u0105 oni bowiem DOBROCZY\u0143CAMI PAMI\u0118CI. Za obecno\u015b\u0107, modlitwy, pami\u0119\u0107, za dary r\u0105k i serc w dniach mojego Z\u0142otego Jubileuszu &#8230; <span class=\"more\"><a class=\"more-link\" href=\"https:\/\/www.chnk.pl\/?p=4514\">czytaj wi\u0119cej<\/a><\/span><\/p>\n","protected":false},"author":3,"featured_media":0,"comment_status":"open","ping_status":"open","sticky":false,"template":"","format":"standard","meta":{"ngg_post_thumbnail":0,"footnotes":""},"categories":[4,3],"tags":[],"_links":{"self":[{"href":"https:\/\/www.chnk.pl\/index.php?rest_route=\/wp\/v2\/posts\/4514"}],"collection":[{"href":"https:\/\/www.chnk.pl\/index.php?rest_route=\/wp\/v2\/posts"}],"about":[{"href":"https:\/\/www.chnk.pl\/index.php?rest_route=\/wp\/v2\/types\/post"}],"author":[{"embeddable":true,"href":"https:\/\/www.chnk.pl\/index.php?rest_route=\/wp\/v2\/users\/3"}],"replies":[{"embeddable":true,"href":"https:\/\/www.chnk.pl\/index.php?rest_route=%2Fwp%2Fv2%2Fcomments&post=4514"}],"version-history":[{"count":1,"href":"https:\/\/www.chnk.pl\/index.php?rest_route=\/wp\/v2\/posts\/4514\/revisions"}],"predecessor-version":[{"id":4515,"href":"https:\/\/www.chnk.pl\/index.php?rest_route=\/wp\/v2\/posts\/4514\/revisions\/4515"}],"wp:attachment":[{"href":"https:\/\/www.chnk.pl\/index.php?rest_route=%2Fwp%2Fv2%2Fmedia&parent=4514"}],"wp:term":[{"taxonomy":"category","embeddable":true,"href":"https:\/\/www.chnk.pl\/index.php?rest_route=%2Fwp%2Fv2%2Fcategories&post=4514"},{"taxonomy":"post_tag","embeddable":true,"href":"https:\/\/www.chnk.pl\/index.php?rest_route=%2Fwp%2Fv2%2Ftags&post=4514"}],"curies":[{"name":"wp","href":"https:\/\/api.w.org\/{rel}","templated":true}]}}