{"id":4511,"date":"2025-09-20T14:46:47","date_gmt":"2025-09-20T14:46:47","guid":{"rendered":"https:\/\/www.chnk.pl\/?p=4511"},"modified":"2025-09-20T14:47:00","modified_gmt":"2025-09-20T14:47:00","slug":"niedziela-xxv-zwykla-2","status":"publish","type":"post","link":"https:\/\/www.chnk.pl\/?p=4511","title":{"rendered":"NIEDZIELA XXV ZWYK\u0141A"},"content":{"rendered":"<p>&nbsp;<\/p>\n<p>&nbsp;<\/p>\n<p>OG\u0141OSZENIA DUSZPASTERSKIE<\/p>\n<p>&nbsp; &nbsp; &nbsp; &nbsp; &nbsp; &nbsp; &nbsp; &nbsp; &nbsp; &nbsp; &nbsp; &nbsp; &nbsp; &nbsp; &nbsp; &nbsp; &nbsp; &nbsp; &nbsp; &nbsp; &nbsp; &nbsp; &nbsp; &nbsp; &nbsp; &nbsp; &nbsp; &nbsp; &nbsp; &nbsp; &nbsp; &nbsp; &nbsp; &nbsp; &nbsp; &nbsp; &nbsp; &nbsp; &nbsp; &nbsp; &nbsp; &nbsp; &nbsp;<\/p>\n<p>NIEDZIELA XXV ZWYK\u0141A<\/p>\n<p>21 wrze\u015bnia 2025 r.<\/p>\n<p>1. Kalendarz liturgiczny:<\/p>\n<p>wtorek \u2013 \u015bw. Ojca Pio<\/p>\n<p>pi\u0105tek \u2013 \u015bw. Kosmy i Damiana,<\/p>\n<p>sobota &#8211; \u015bw. Wincentego a Paulo,<\/p>\n<p>niedziela \u2013 \u015bw. Wac\u0142awa,<\/p>\n<p>2. W przysz\u0142\u0105 niedziel\u0119, 28 wrze\u015bnia, b\u0119dziemy dzi\u0119kowa\u0107 Panu Bogu za tegoroczne urodzaje. Mo\u017cna ofiarowa\u0107 w czasie mszy \u015bw. warzywa i owoce z w\u0142asnych upraw lub zakupione, kt\u00f3re zostan\u0105 przekazane do jad\u0142odajni, SS. Albertynek. W ten spos\u00f3b wyra\u017camy wdzi\u0119czno\u015b\u0107 Panu Bogu za urodzaje i okazujemy mi\u0142osierdzie b\u0119d\u0105cym w potrzebie. Dary mo\u017cna sk\u0142ada\u0107 do koszy pod ch\u00f3rem.<\/p>\n<p>3. Zapraszamy do Katedry ma\u0142\u017ce\u0144stwa, kt\u00f3re prze\u017cywaj\u0105 25 i 50 rocznic\u0119 udzielenia Sakramentu Ma\u0142\u017ce\u0144stwa. Msza \u015bw. celebrowana przez Ksi\u0119dza Biskupa Jana Glapiaka, po\u0142\u0105czona z obrz\u0119dem odnowienia przyrzecze\u0144 ma\u0142\u017ce\u0144skich, zostanie odprawiona w niedziel\u0119 19 pa\u017adziernika br. o godz. 16.00. Po Mszy \u015bw. zapraszamy na pocz\u0119stunek w budynku przy ul. Ostr\u00f3w Tumski 3.<\/p>\n<p>4. Prosimy o pomoc w sprz\u0105taniu ko\u015bcio\u0142a w soboty o godz. 9.00. Parafian ch\u0119tnych do pomocy prosimy, aby zadeklarowali pomoc, po mszy \u015bw., przy stoliku z pras\u0105. Chodzi o podtrzymanie i uzupe\u0142nienie czterech zespo\u0142\u00f3w, dy\u017curuj\u0105cych raz w miesi\u0105cu.<\/p>\n<p>5. Ch\u00f3r Ch\u0142opi\u0119cy i M\u0119ski Filharmonii Pozna\u0144skiej Pozna\u0144skie S\u0142owiki poszukuje utalentowanych muzycznie nowych ch\u00f3rzyst\u00f3w w wieku 7 &#8211; 10 lat. Ch\u0119tnych do \u015bpiewu kandydat\u00f3w mo\u017cna zg\u0142asza\u0107 telefonicznie pod numerem telefonu 602-711-512. Dane kontaktowe znajduj\u0105 si\u0119 na stronie www.slowiki.poznan.pl<\/p>\n<p>6. Zach\u0119camy do czytania Przewodnika Katolickiego. Jest Go\u015b\u0107 Niedzielny, Ma\u0142y Przewodnik Katolicki, gazetka parafialna.<\/p>\n<p>7. M\u00f3dlmy si\u0119 za cierpi\u0105cych chrze\u015bcijan i wszystkich poszkodowanych przez wojn\u0119 w Ziemi \u015awi\u0119tej. \u015awi\u0119ty Bo\u017ce, \u015awi\u0119ty Mocny, \u015awi\u0119ty nie\u015bmiertelny. Zmi\u0142uj si\u0119 nad nami.<\/p>\n<p>&nbsp;<\/p>\n<p>&nbsp;<\/p>\n<p>&nbsp;<\/p>\n<p>&nbsp;<\/p>\n<p>&nbsp;<\/p>\n<p>&nbsp;<\/p>\n<p>&nbsp;<\/p>\n<p>&nbsp;<\/p>\n<p>&nbsp;<\/p>\n<p>&nbsp;<\/p>\n<p>&nbsp;<\/p>\n<p>&nbsp;<\/p>\n<p>&nbsp;<\/p>\n<p>&nbsp;<\/p>\n<p>&nbsp;<\/p>\n<p>&nbsp;<\/p>\n<p>&nbsp;<\/p>\n<p>&nbsp;<\/p>\n<p>&nbsp;<\/p>\n<p>&nbsp;<\/p>\n<p>&nbsp;<\/p>\n<p>&nbsp;<\/p>\n<p>&nbsp;<\/p>\n<p>&nbsp;<\/p>\n<p>&nbsp;<\/p>\n<p>&nbsp;<\/p>\n","protected":false},"excerpt":{"rendered":"<p>&nbsp; &nbsp; OG\u0141OSZENIA DUSZPASTERSKIE &nbsp; &nbsp; &nbsp; &nbsp; &nbsp; &nbsp; &nbsp; &nbsp; &nbsp; &nbsp; &nbsp; &nbsp; &nbsp; &nbsp; &nbsp; &nbsp; &nbsp; &nbsp; &nbsp; &nbsp; &nbsp; &nbsp; &nbsp; &nbsp; &nbsp; &nbsp; &nbsp; &nbsp; &nbsp; &nbsp; &nbsp; &nbsp; &nbsp; &nbsp; &nbsp; &nbsp; &nbsp; &nbsp; &nbsp; &nbsp; &nbsp; &nbsp; &nbsp; NIEDZIELA XXV ZWYK\u0141A 21 wrze\u015bnia 2025 r. 1. &#8230; <span class=\"more\"><a class=\"more-link\" href=\"https:\/\/www.chnk.pl\/?p=4511\">czytaj wi\u0119cej<\/a><\/span><\/p>\n","protected":false},"author":3,"featured_media":0,"comment_status":"open","ping_status":"open","sticky":false,"template":"","format":"standard","meta":{"ngg_post_thumbnail":0,"footnotes":""},"categories":[4,3],"tags":[],"_links":{"self":[{"href":"https:\/\/www.chnk.pl\/index.php?rest_route=\/wp\/v2\/posts\/4511"}],"collection":[{"href":"https:\/\/www.chnk.pl\/index.php?rest_route=\/wp\/v2\/posts"}],"about":[{"href":"https:\/\/www.chnk.pl\/index.php?rest_route=\/wp\/v2\/types\/post"}],"author":[{"embeddable":true,"href":"https:\/\/www.chnk.pl\/index.php?rest_route=\/wp\/v2\/users\/3"}],"replies":[{"embeddable":true,"href":"https:\/\/www.chnk.pl\/index.php?rest_route=%2Fwp%2Fv2%2Fcomments&post=4511"}],"version-history":[{"count":1,"href":"https:\/\/www.chnk.pl\/index.php?rest_route=\/wp\/v2\/posts\/4511\/revisions"}],"predecessor-version":[{"id":4512,"href":"https:\/\/www.chnk.pl\/index.php?rest_route=\/wp\/v2\/posts\/4511\/revisions\/4512"}],"wp:attachment":[{"href":"https:\/\/www.chnk.pl\/index.php?rest_route=%2Fwp%2Fv2%2Fmedia&parent=4511"}],"wp:term":[{"taxonomy":"category","embeddable":true,"href":"https:\/\/www.chnk.pl\/index.php?rest_route=%2Fwp%2Fv2%2Fcategories&post=4511"},{"taxonomy":"post_tag","embeddable":true,"href":"https:\/\/www.chnk.pl\/index.php?rest_route=%2Fwp%2Fv2%2Ftags&post=4511"}],"curies":[{"name":"wp","href":"https:\/\/api.w.org\/{rel}","templated":true}]}}