{"id":4507,"date":"2025-09-13T15:38:48","date_gmt":"2025-09-13T15:38:48","guid":{"rendered":"https:\/\/www.chnk.pl\/?p=4507"},"modified":"2025-09-13T15:40:14","modified_gmt":"2025-09-13T15:40:14","slug":"niedziela-xxiv-zwykla-2","status":"publish","type":"post","link":"https:\/\/www.chnk.pl\/?p=4507","title":{"rendered":"NIEDZIELA XXIV ZWYK\u0141A"},"content":{"rendered":"<p>&nbsp;<\/p>\n<p>OG\u0141OSZENIA DUSZPASTERSKIE<\/p>\n<p>NIEDZIELA XXIV ZWYK\u0141A<\/p>\n<p>14 wrze\u015bnia 2025 r.<\/p>\n<p>1. W pi\u0105tek, 19 wrze\u015bnia, przypada uroczysto\u015b\u0107 parafialna, dziesi\u0105ta rocznica po\u015bwi\u0119cenia naszego ko\u015bcio\u0142a i odpust ku czci Matki Bo\u017cej Salety\u0144skiej. Wystawienie Naj\u015bwi\u0119tszego Sakramentu i R\u00f3\u017caniec salety\u0144ski o godz. 18.00, msza \u015bw. o godz. 19.00 i procesja. B\u0119dziemy dzi\u0119kowa\u0107 Panu Bogu za nasz\u0105 \u015bwi\u0105tyni\u0119, modli\u0107 si\u0119 za jej fundator\u00f3w \u017cyj\u0105cych i zmar\u0142ych. B\u0119dzie to tak\u017ce okazja podzi\u0119kowania ks. Proboszczowi za 34 lata obecno\u015bci w naszej Parafii.<\/p>\n<p>2. W czwartek, dnia 18 wrze\u015bnia br. Ksi\u0105dz Arcybiskup Senior Stanis\u0142aw G\u0105decki b\u0119dzie \u015bwi\u0119towa\u0142 swoje imieniny. W tym dniu Czcigodny Solenizant b\u0119dzie przewodniczy\u0142 uroczystej Eucharystii w Katedrze o godz. 8.00, po kt\u00f3rej b\u0119dzie mo\u017cna z\u0142o\u017cy\u0107 Ksi\u0119dzu Arcybiskupowi Seniorowi \u017cyczenia imieninowe osobi\u015bcie.<\/p>\n<p>3. Po raz siedemnasty odb\u0119dzie si\u0119 w Poznaniu Og\u00f3lnopolskie Forum Duszpasterskie wprowadzaj\u0105ce w tre\u015bci programu duszpasterskiego Ko\u015bcio\u0142a w Polsce, przygotowanego przez Komisj\u0119 Duszpasterstwa KEP na lata 2025\/26. Tegoroczne Forum pod has\u0142em \u201eUczniowie-misjonarze\u201d, odb\u0119dzie si\u0119 w sobot\u0119, 20 wrze\u015bnia. Rozpocznie si\u0119 o 9:30 Msz\u0105 \u015bw. koncelebrowan\u0105 w ko\u015bciele p.w. \u015bw. Rocha w Poznaniu. Obrady odbywa\u0107 si\u0119 b\u0119d\u0105 w auli Centrum Konferencyjnego Politechniki Pozna\u0144skiej, ul. Piotrowo 2. Szczeg\u00f3\u0142owy program w za\u0142\u0105czeniu. Podobnie jak w latach ubieg\u0142ych serdecznie zapraszam do udzia\u0142u w Forum osoby \u015bwieckie i duchowne, cz\u0142onk\u00f3w parafialnych rad duszpasterskich oraz cz\u0142onk\u00f3w ruch\u00f3w i stowarzysze\u0144 katolickich.<\/p>\n<p>4. Go\u015bcimy OO. Misjonarzy Oblat\u00f3w Maryi Niepokalanej, kt\u00f3rzy kolportuj\u0105 kalendarze misyjne na 2026 r. Ofiary z\u0142o\u017cone przy tej okazji przeznaczone s\u0105 na misje OO. Oblat\u00f3w.<\/p>\n<p>5. W niedziel\u0119, 21 wrze\u015bnia, odpust w Parafii \u015bw. Mateusza na os. Or\u0142a Bia\u0142ego. Suma odpustowa godz. 12.00. Zapraszamy celnik\u00f3w i urz\u0119dnik\u00f3w skarbowych, w dniu ich Patrona.<\/p>\n<p>6. Instytut Duchowo\u015bci Carmelitanum przy klasztorze karmelit\u00f3w bosych w Poznaniu zaprasza na 3-letnie studium teologii \u017cycia duchowego. Szczeg\u00f3\u0142y na tablicy og\u0142osze\u0144.<\/p>\n<p>7. Zach\u0119camy do czytania prasy katolickiej. W kaplicy przy zakrystii: Przewodnik Katolicki, Go\u015b\u0107 Niedzielny, Ma\u0142y Przewodnik Katolicki, Ziarno, gazeta parafialna. Przy stoliku z pras\u0105 s\u0105 wy\u0142o\u017cone formularze o\u015bwiadczenia rodzicielskiego, \u017ce ich dziecko nie b\u0119dzie uczestniczy\u0142o w zaj\u0119ciach edukacji zdrowotnej.<\/p>\n<p>MODLITWA DO \u015aW. RODZINY<\/p>\n<p>Jezu, Maryjo i J\u00f3zefie<\/p>\n<p>w Was kontemplujemy<\/p>\n<p>blask prawdziwej mi\u0142o\u015bci,<\/p>\n<p>do Was zwracamy si\u0119 z ufno\u015bci\u0105.<\/p>\n<p>\u015awi\u0119ta Rodzino z Nazaretu,<\/p>\n<p>uczy\u0144 tak\u017ce nasze rodziny<\/p>\n<p>\u015brodowiskami komunii i wieczernikami modlitwy,<\/p>\n<p>autentycznymi szko\u0142ami Ewangelii<\/p>\n<p>i ma\u0142ymi Ko\u015bcio\u0142ami domowymi.<\/p>\n<p>\u015awi\u0119ta Rodzino z Nazaretu<\/p>\n<p>niech nigdy wi\u0119cej w naszych rodzinach nikt nie do\u015bwiadcza<\/p>\n<p>przemocy, zamkni\u0119cia i podzia\u0142\u00f3w:<\/p>\n<p>ktokolwiek zosta\u0142 zraniony albo zgorszony<\/p>\n<p>niech szybko zazna pocieszenia i uleczenia.<\/p>\n<p>\u015awi\u0119ta Rodzino z Nazaretu,<\/p>\n<p>oby przysz\u0142y Synod Biskup\u00f3w<\/p>\n<p>m\u00f3g\u0142 przywr\u00f3ci\u0107 wszystkim \u015bwiadomo\u015b\u0107<\/p>\n<p>sakralnego i nienaruszalnego charakteru rodziny,<\/p>\n<p>jej pi\u0119kna w Bo\u017cym zamy\u015ble.<\/p>\n<p>Jezu, Maryjo i J\u00f3zefie<\/p>\n<p>Us\u0142yszcie, wys\u0142uchajcie naszego b\u0142agania.<\/p>\n<p>&nbsp;<\/p>\n<p>&nbsp;<\/p>\n<p>&nbsp;<\/p>\n<p>&nbsp;<\/p>\n<p>&nbsp;<\/p>\n<p>&nbsp;<\/p>\n<p>&nbsp;<\/p>\n<p>&nbsp;<\/p>\n<p>&nbsp;<\/p>\n<p>&nbsp;<\/p>\n<p>&nbsp;<\/p>\n<p>&nbsp;<\/p>\n<p>&nbsp;<\/p>\n<p>&nbsp;<\/p>\n<p>&nbsp;<\/p>\n<p>&nbsp;<\/p>\n<p>&nbsp;<\/p>\n<p>&nbsp;<\/p>\n<p>&nbsp;<\/p>\n<p>&nbsp;<\/p>\n<p>&nbsp;<\/p>\n<p>&nbsp;<\/p>\n<p>&nbsp;<\/p>\n<p>&nbsp;<\/p>\n<p>&nbsp;<\/p>\n<p>&nbsp;<\/p>\n<p>&nbsp;<\/p>\n<p>&nbsp;<\/p>\n","protected":false},"excerpt":{"rendered":"<p>&nbsp; OG\u0141OSZENIA DUSZPASTERSKIE NIEDZIELA XXIV ZWYK\u0141A 14 wrze\u015bnia 2025 r. 1. W pi\u0105tek, 19 wrze\u015bnia, przypada uroczysto\u015b\u0107 parafialna, dziesi\u0105ta rocznica po\u015bwi\u0119cenia naszego ko\u015bcio\u0142a i odpust ku czci Matki Bo\u017cej Salety\u0144skiej. Wystawienie Naj\u015bwi\u0119tszego Sakramentu i R\u00f3\u017caniec salety\u0144ski o godz. 18.00, msza \u015bw. o godz. 19.00 i procesja. B\u0119dziemy dzi\u0119kowa\u0107 Panu Bogu za nasz\u0105 \u015bwi\u0105tyni\u0119, modli\u0107 si\u0119 &#8230; <span class=\"more\"><a class=\"more-link\" href=\"https:\/\/www.chnk.pl\/?p=4507\">czytaj wi\u0119cej<\/a><\/span><\/p>\n","protected":false},"author":3,"featured_media":0,"comment_status":"open","ping_status":"open","sticky":false,"template":"","format":"standard","meta":{"ngg_post_thumbnail":0,"footnotes":""},"categories":[3],"tags":[],"_links":{"self":[{"href":"https:\/\/www.chnk.pl\/index.php?rest_route=\/wp\/v2\/posts\/4507"}],"collection":[{"href":"https:\/\/www.chnk.pl\/index.php?rest_route=\/wp\/v2\/posts"}],"about":[{"href":"https:\/\/www.chnk.pl\/index.php?rest_route=\/wp\/v2\/types\/post"}],"author":[{"embeddable":true,"href":"https:\/\/www.chnk.pl\/index.php?rest_route=\/wp\/v2\/users\/3"}],"replies":[{"embeddable":true,"href":"https:\/\/www.chnk.pl\/index.php?rest_route=%2Fwp%2Fv2%2Fcomments&post=4507"}],"version-history":[{"count":2,"href":"https:\/\/www.chnk.pl\/index.php?rest_route=\/wp\/v2\/posts\/4507\/revisions"}],"predecessor-version":[{"id":4509,"href":"https:\/\/www.chnk.pl\/index.php?rest_route=\/wp\/v2\/posts\/4507\/revisions\/4509"}],"wp:attachment":[{"href":"https:\/\/www.chnk.pl\/index.php?rest_route=%2Fwp%2Fv2%2Fmedia&parent=4507"}],"wp:term":[{"taxonomy":"category","embeddable":true,"href":"https:\/\/www.chnk.pl\/index.php?rest_route=%2Fwp%2Fv2%2Fcategories&post=4507"},{"taxonomy":"post_tag","embeddable":true,"href":"https:\/\/www.chnk.pl\/index.php?rest_route=%2Fwp%2Fv2%2Ftags&post=4507"}],"curies":[{"name":"wp","href":"https:\/\/api.w.org\/{rel}","templated":true}]}}