{"id":4503,"date":"2025-09-06T16:26:44","date_gmt":"2025-09-06T16:26:44","guid":{"rendered":"https:\/\/www.chnk.pl\/?p=4503"},"modified":"2025-09-06T16:27:06","modified_gmt":"2025-09-06T16:27:06","slug":"niedziela-xxiii-zwykla-2","status":"publish","type":"post","link":"https:\/\/www.chnk.pl\/?p=4503","title":{"rendered":"NIEDZIELA XXIII ZWYK\u0141A"},"content":{"rendered":"<p>&nbsp;<\/p>\n<p>OG\u0141OSZENIA DUSZPASTERSKIE<\/p>\n<p>NIEDZIELA XXIII ZWYK\u0141A<\/p>\n<p>7 wrze\u015bnia 2025.r.<\/p>\n<p>1. Zmiany personalne w Parafii.<\/p>\n<p>Ks. Wojciech Nogalski z\u0142o\u017cy\u0142 rezygnacj\u0119 z urz\u0119du proboszcza i z dniem 30 wrze\u015bnia przechodzi w stan spoczynku. Od 1 pa\u017adziernik proboszczem Parafii pw. Chrystusa Najwy\u017cszego Kap\u0142an b\u0119dzie ks. Zbigniew Wi\u015bniewski, dotychczasowy proboszcz w Parafii w Kaczkowie. Do pomocy duszpasterskiej pozostaje ks. Tomasz Sobolewski. Przyjmijmy nowego Ksi\u0119dza Proboszcza z otwarto\u015bci\u0105 i zaufaniem.<\/p>\n<p>2. Kalendarz liturgiczny:<\/p>\n<p>poniedzia\u0142ek \u2013 \u015bwi\u0119to Narodzenia NMP<\/p>\n<p>wtorek \u2013 \u015bw. Piotra Klawera<\/p>\n<p>pi\u0105tek \u2013 wspomnienie Naj\u015bwi\u0119tszego Imienia Maryi,<\/p>\n<p>sobota &#8211; \u015bw. Jana Chryzostom,<\/p>\n<p>niedziela &#8211; \u015bwi\u0119to Podwy\u017cszenie Krzy\u017ca \u015awi\u0119tego,<\/p>\n<p>3. W przysz\u0142\u0105 niedziel\u0119 \u015bwi\u0119to Podwy\u017cszenia Krzy\u017ca \u015bw. Prosimy, aby w to \u015bwi\u0119to, na Msz\u0119 \u015bw. przynie\u015b\u0107 do ko\u015bcio\u0142a domowe krzy\u017ce. Prosimy o to zw\u0142aszcza tych wszystkich, kt\u00f3rzy w swoim \u017cyciu do\u015bwiadczaj\u0105 krzy\u017ca. Ci, kt\u00f3rzy nie mog\u0105 dotrze\u0107 do ko\u015bcio\u0142a, niech adoruj\u0105 krzy\u017c w domu.<\/p>\n<p>4. W przysz\u0142\u0105 niedziel\u0119 go\u015bci\u0107 b\u0119dziemy Misjonarzy Oblat\u00f3w Maryi Niepokalanej, kt\u00f3rzy b\u0119d\u0105 g\u0142osili kazania i rozprowadza\u0107 kalendarze misyjne na rok 2026. Ofiary z\u0142o\u017cone przy okazji ich nabywania przeznaczone s\u0105 na misyjn\u0105 dzia\u0142alno\u015b\u0107 Misjonarzy Oblat\u00f3w.<\/p>\n<p>5. B\u00f3g zap\u0142a\u0107 za ofiary na utrzymane naszej Parafii, za ofiary z \u017c\u00f3\u0142tych kartek.<\/p>\n<p>6. Zach\u0119camy do czytania prasy katolickiej. Przy zakrystii: Przewodnik Katolicki, Ma\u0142y Przewodnik Katolicki, Go\u015b\u0107 Niedzielny, Go\u015b\u0107 Niedzielny Historia, gazetka parafialna i Ziarno.<\/p>\n<p>7. M\u00f3dlmy si\u0119 w intencji tych, kt\u00f3rzy staraj\u0105 si\u0119 o przywr\u00f3cenie pomnik Naj\u015bwi\u0119tszego serca Jezusa w Poznaniu, aby ich wysi\u0142ki budzi\u0142y tak\u017ce w nas wdzi\u0119czno\u015b\u0107 za odzyskana niepodleg\u0142o\u015b\u0107 i przypomina\u0142y o obowi\u0105zkach wobec ojczyzny. Naj\u015bwi\u0119tsze Serce Jezusa zmi\u0142uj si\u0119 nad nami.<\/p>\n<p>8. M\u00f3dlmy si\u0119 za zmar\u0142ych Parafian. Za dusz\u0119 \u015bp. Gabrieli Marcinkowskiej, os. Lecha 18, za dusz\u0119 \u015bp. Teresy Dobrzykowskiej, os. Lecha 105 i dusz\u0119 \u015bp. Krystyny B\u0142och, os. Lecha 125 (msza sw. pogrzebowa w \u015brod\u0119 o godz. 8.40). Wieczny odpoczynek racz zmar\u0142ym da\u0107 Panie.<\/p>\n<p>&nbsp;<\/p>\n<p>&nbsp;<\/p>\n<p>&nbsp;<\/p>\n<p>&nbsp;<\/p>\n","protected":false},"excerpt":{"rendered":"<p>&nbsp; OG\u0141OSZENIA DUSZPASTERSKIE NIEDZIELA XXIII ZWYK\u0141A 7 wrze\u015bnia 2025.r. 1. Zmiany personalne w Parafii. Ks. Wojciech Nogalski z\u0142o\u017cy\u0142 rezygnacj\u0119 z urz\u0119du proboszcza i z dniem 30 wrze\u015bnia przechodzi w stan spoczynku. Od 1 pa\u017adziernik proboszczem Parafii pw. Chrystusa Najwy\u017cszego Kap\u0142an b\u0119dzie ks. Zbigniew Wi\u015bniewski, dotychczasowy proboszcz w Parafii w Kaczkowie. Do pomocy duszpasterskiej pozostaje ks. &#8230; <span class=\"more\"><a class=\"more-link\" href=\"https:\/\/www.chnk.pl\/?p=4503\">czytaj wi\u0119cej<\/a><\/span><\/p>\n","protected":false},"author":3,"featured_media":0,"comment_status":"open","ping_status":"open","sticky":false,"template":"","format":"standard","meta":{"ngg_post_thumbnail":0,"footnotes":""},"categories":[4,3],"tags":[],"_links":{"self":[{"href":"https:\/\/www.chnk.pl\/index.php?rest_route=\/wp\/v2\/posts\/4503"}],"collection":[{"href":"https:\/\/www.chnk.pl\/index.php?rest_route=\/wp\/v2\/posts"}],"about":[{"href":"https:\/\/www.chnk.pl\/index.php?rest_route=\/wp\/v2\/types\/post"}],"author":[{"embeddable":true,"href":"https:\/\/www.chnk.pl\/index.php?rest_route=\/wp\/v2\/users\/3"}],"replies":[{"embeddable":true,"href":"https:\/\/www.chnk.pl\/index.php?rest_route=%2Fwp%2Fv2%2Fcomments&post=4503"}],"version-history":[{"count":1,"href":"https:\/\/www.chnk.pl\/index.php?rest_route=\/wp\/v2\/posts\/4503\/revisions"}],"predecessor-version":[{"id":4504,"href":"https:\/\/www.chnk.pl\/index.php?rest_route=\/wp\/v2\/posts\/4503\/revisions\/4504"}],"wp:attachment":[{"href":"https:\/\/www.chnk.pl\/index.php?rest_route=%2Fwp%2Fv2%2Fmedia&parent=4503"}],"wp:term":[{"taxonomy":"category","embeddable":true,"href":"https:\/\/www.chnk.pl\/index.php?rest_route=%2Fwp%2Fv2%2Fcategories&post=4503"},{"taxonomy":"post_tag","embeddable":true,"href":"https:\/\/www.chnk.pl\/index.php?rest_route=%2Fwp%2Fv2%2Ftags&post=4503"}],"curies":[{"name":"wp","href":"https:\/\/api.w.org\/{rel}","templated":true}]}}