{"id":4493,"date":"2025-08-31T11:25:21","date_gmt":"2025-08-31T11:25:21","guid":{"rendered":"https:\/\/www.chnk.pl\/?p=4493"},"modified":"2025-08-31T11:25:41","modified_gmt":"2025-08-31T11:25:41","slug":"niedziela-xxii-zwykla-2","status":"publish","type":"post","link":"https:\/\/www.chnk.pl\/?p=4493","title":{"rendered":"NIEDZIELA XXII ZWYK\u0141A"},"content":{"rendered":"<p>OG\u0141OSZENIA DUSZPASTERSKIE<\/p>\n<p>NIEDZIELA XXII ZWYK\u0141A<\/p>\n<p>31 sierpnia 2025 r.<\/p>\n<p>1. Kalendarz liturgiczny: \u015broda \u2013 \u015bw. Grzegorza Wielkiego, papie\u017ca.<\/p>\n<p>2. Apel Komisji Wychowania Katolickiego KEP w zwi\u0105zku z wprowadzeniem do szk\u00f3\u0142 przedmiotu edukacja zdrowotna.<\/p>\n<p>3. W naszej wsp\u00f3lnocie witamy ks. Tomasza Sobolewskiego, kt\u00f3ry zosta\u0142 skierowany do pomocy duszpasterskiej w naszej parafii. Jednocze\u015bnie dzisiaj, po sze\u015bciu latach, pos\u0142ug\u0119 w naszej parafii ko\u0144czy ks. wikariusz Jaros\u0142aw Czy\u017cewski.<\/p>\n<p>3. Od poniedzia\u0142ku 1 wrze\u015bnia wracamy do tradycyjnych godzin odprawiania mszy \u015bw. Msze \u015bw. w niedziele o 8:00, 9:30, 11:15, 12:30 i 18:00; w dni powszednie o 8.00 i 18.00. Nowenna do Matki Bo\u017cej Nieustaj\u0105cej Pomocy w \u015brody po mszy \u015bw. o 18.00; R\u00f3\u017caniec do Matki Bo\u017cej Patronki Dobrej \u015amierci we wtorki o 7.30. Spowied\u017a \u015bw. w tygodniu p\u00f3\u0142 godziny przed mszami \u015bw.; w soboty p\u00f3\u0142 godziny przed porann\u0105 msz\u0105 \u015bw. oraz 16:00\u201318:00; w niedziele przed mszami \u015bw. Biuro Parafialne: poniedzia\u0142ki od 16.00 do 17.30; czwartki od 9:00 do 10:30; soboty od 19:00 do 20:00.<\/p>\n<p>4. W poniedzia\u0142ek 86 rocznica wybuchu II wojny \u015bwiatowej. Zapraszamy na Msz\u0119 \u015bw. o 18.00 za ofiary wojny i o pok\u00f3j na \u015bwiecie. 1 wrze\u015bnia to tak\u017ce w Ko\u015bciele \u015awiatowy Dzie\u0144 Modlitw o Ochron\u0119 Stworzenia.<\/p>\n<p>5. W przysz\u0142\u0105 niedziel\u0119 7 wrze\u015bnia zapraszamy dzieci i m\u0142odzie\u017c na msz\u0119 \u015bw. o 11:15 na po\u015bwi\u0119cenie przybor\u00f3w szkolnych oraz o modlitw\u0119 za nowy rok szkolny.<\/p>\n<p>6. W \u015brod\u0119 po wieczornej mszy \u015bw. i nowennie do Matki Bo\u017cej Nieustaj\u0105cej Pomocy spotkanie Wsp\u00f3lnot R\u00f3\u017ca\u0144cowych.<\/p>\n<p>7. W tym tygodniu I czwartek, I pi\u0105tek i I sobota miesi\u0105ca. W czwartek o 17:15 r\u00f3\u017caniec w intencji poszanowania \u017cycia ludzkiego, zapraszamy szczeg\u00f3lnie tych, kt\u00f3rzy podj\u0119li duchow\u0105 adopcj\u0119 dziecka nienarodzonego. Adoracja w intencji zachowania i uproszenie nowych powo\u0142a\u0144 kap\u0142a\u0144skich, zakonnych i misyjnych po wieczornej mszy \u015bw. do 21.00. W pi\u0105tek okazja do spowiedzi \u015bw. od 15.00 do 18:00. Komunia \u015bw pierwszopi\u0105tkowa dla dzieci o 16.30. W sobot\u0119 nabo\u017ce\u0144stwo do Niepokalanego Serca Maryi: o 7.15 r\u00f3\u017caniec, rozwa\u017canie i msza \u015bw. Odwiedzimy chorych z sakramentami zostaj\u0105 zawieszone.<\/p>\n<p>8. Rodzic\u00f3w m\u0142odzie\u017cy, kt\u00f3ra rozpocznie drugi rok przygotowa\u0144 do przyj\u0119cia sakramentu bierzmowania zapraszamy w pi\u0105tek 5 wrze\u015bnia na 19:30 do salki parafialnej (wej\u015bcie z dziedzi\u0144ca) na spotkanie organizacyjne z katechez\u0105. Om\u00f3wiony zostanie m.in. jednodniowy wyjazd z m\u0142odzie\u017c\u0105 do Mo\u015bcienicy k. K\u00f3rnika w sobot\u0119 13 wrze\u015bnia.<\/p>\n<p>9. Rodzic\u00f3w, kt\u00f3rzy chc\u0105 zapisa\u0107 dzieci na przygotowanie do I Komunii \u015awi\u0119tej prosimy o cierpliwo\u015b\u0107, informacje pojawi\u0105 si\u0119 dopiero w pa\u017adzierniku.<\/p>\n<p>10. \u201eSzko\u0142a liturgii dla ka\u017cdego\u201d to inicjatywa skierowana do wiernych, kt\u00f3rzy chc\u0105 lepiej prze\u017cywa\u0107 liturgi\u0119 Mszy \u015bw. i Triduum Paschalnego. Comiesi\u0119czne wyk\u0142ady w auli Szko\u0142y katolickiej przy ul. G\u0142ogowskiej 92 w Poznaniu. Inicjatywa obj\u0119ta jest patronatem Abp. Zbigniewa Zieli\u0144skiego. Wi\u0119cej: www.liturgia.archpoznan.pl<\/p>\n<p>11. Zach\u0119camy do czytania prasy katolickiej. Przy zakrystii: Przewodnik Katolicki z modlitewnikiem \u201e5 minut z Bogiem\u201d na wrzesie\u0144 (cena kompletu: Przewodnik+modlitewnik = 12 z\u0142), Ma\u0142y Przewodnik Katolicki, Go\u015b\u0107 Niedzielny, Misyjne Drogi i gazeta parafialna.<\/p>\n<p>&nbsp;<\/p>\n<p>&nbsp;<\/p>\n<p>&nbsp;<\/p>\n<p>&nbsp;<\/p>\n<p>&nbsp;<\/p>\n<p>&nbsp;<\/p>\n<p>&nbsp;<\/p>\n<p>&nbsp;<\/p>\n<p>&nbsp;<\/p>\n<p>&nbsp;<\/p>\n<p>&nbsp;<\/p>\n<p>&nbsp;<\/p>\n<p>&nbsp;<\/p>\n","protected":false},"excerpt":{"rendered":"<p>OG\u0141OSZENIA DUSZPASTERSKIE NIEDZIELA XXII ZWYK\u0141A 31 sierpnia 2025 r. 1. Kalendarz liturgiczny: \u015broda \u2013 \u015bw. Grzegorza Wielkiego, papie\u017ca. 2. Apel Komisji Wychowania Katolickiego KEP w zwi\u0105zku z wprowadzeniem do szk\u00f3\u0142 przedmiotu edukacja zdrowotna. 3. W naszej wsp\u00f3lnocie witamy ks. Tomasza Sobolewskiego, kt\u00f3ry zosta\u0142 skierowany do pomocy duszpasterskiej w naszej parafii. Jednocze\u015bnie dzisiaj, po sze\u015bciu latach, &#8230; <span class=\"more\"><a class=\"more-link\" href=\"https:\/\/www.chnk.pl\/?p=4493\">czytaj wi\u0119cej<\/a><\/span><\/p>\n","protected":false},"author":3,"featured_media":0,"comment_status":"open","ping_status":"open","sticky":false,"template":"","format":"standard","meta":{"ngg_post_thumbnail":0,"footnotes":""},"categories":[4,3],"tags":[],"_links":{"self":[{"href":"https:\/\/www.chnk.pl\/index.php?rest_route=\/wp\/v2\/posts\/4493"}],"collection":[{"href":"https:\/\/www.chnk.pl\/index.php?rest_route=\/wp\/v2\/posts"}],"about":[{"href":"https:\/\/www.chnk.pl\/index.php?rest_route=\/wp\/v2\/types\/post"}],"author":[{"embeddable":true,"href":"https:\/\/www.chnk.pl\/index.php?rest_route=\/wp\/v2\/users\/3"}],"replies":[{"embeddable":true,"href":"https:\/\/www.chnk.pl\/index.php?rest_route=%2Fwp%2Fv2%2Fcomments&post=4493"}],"version-history":[{"count":1,"href":"https:\/\/www.chnk.pl\/index.php?rest_route=\/wp\/v2\/posts\/4493\/revisions"}],"predecessor-version":[{"id":4494,"href":"https:\/\/www.chnk.pl\/index.php?rest_route=\/wp\/v2\/posts\/4493\/revisions\/4494"}],"wp:attachment":[{"href":"https:\/\/www.chnk.pl\/index.php?rest_route=%2Fwp%2Fv2%2Fmedia&parent=4493"}],"wp:term":[{"taxonomy":"category","embeddable":true,"href":"https:\/\/www.chnk.pl\/index.php?rest_route=%2Fwp%2Fv2%2Fcategories&post=4493"},{"taxonomy":"post_tag","embeddable":true,"href":"https:\/\/www.chnk.pl\/index.php?rest_route=%2Fwp%2Fv2%2Ftags&post=4493"}],"curies":[{"name":"wp","href":"https:\/\/api.w.org\/{rel}","templated":true}]}}