{"id":4490,"date":"2025-08-23T17:42:42","date_gmt":"2025-08-23T17:42:42","guid":{"rendered":"https:\/\/www.chnk.pl\/?p=4490"},"modified":"2025-08-23T17:42:58","modified_gmt":"2025-08-23T17:42:58","slug":"niedziela-xxi-zwykla-2","status":"publish","type":"post","link":"https:\/\/www.chnk.pl\/?p=4490","title":{"rendered":"NIEDZIELA XXI ZWYK\u0141A"},"content":{"rendered":"<p>OG\u0141OSZENIA DUSZPASTERSKIE<\/p>\n<p>NIEDZIELA XXI ZWYK\u0141A<\/p>\n<p>24 sierpnia 2025 r.<\/p>\n<p>1. Kalendarz liturgiczny: We wtorek Uroczysto\u015b\u0107 NMP Cz\u0119stochowskiej: msza \u015bw. o godz. 18:00, po niej odnowienie Jasnog\u00f3rskich \u015alub\u00f3w Narodu. \u015aroda \u2013 \u015bw. Moniki; czwartek \u2013 \u015bw. Augustyna; pi\u0105tek \u2013 M\u0119cze\u0144stwa \u015bw. Jana Chrzciciela.<\/p>\n<p>2. W najbli\u017cszych dniach b\u0119dziemy modli\u0107 si\u0119 w intencji ks. Proboszcza o zdrowie i potrzebne \u0142aski oraz za nasz\u0105 Parafi\u0119 na mszach \u015bw.: we wtorek 26 sierpnia o godz. 18:00, w \u015brod\u0119 27 sierpnia o godz. 8:00, w niedziel\u0119 31 sierpnia o godz. 8:00 oraz podczas p\u00f3\u0142godzinnej Adoracji Naj\u015bwi\u0119tszego Sakramentu w czwartek 28 sierpnia po wieczornej mszy \u015bw.<\/p>\n<p>3. Po sze\u015bciu latach, z ko\u0144cem sierpnia, pos\u0142ug\u0119 w naszej parafii ko\u0144czy ks. Jaros\u0142aw Czy\u017cewski. Ks. Wikariusz ostatni\u0105 msz\u0119 \u015bw. w naszej Parafii odprawi w niedziel\u0119 31 sierpnia o godz. 18:00. Jednocze\u015bnie do pomocy duszpasterskiej w naszej parafii zosta\u0142 skierowany ks. Tomasz Sobolewski.<\/p>\n<p>4. W sierpniu, miesi\u0105cu \u015bwi\u0105t maryjnych i narodowych rocznic, jeste\u015bmy zaproszeni do powstrzymania si\u0119 od spo\u017cywania alkoholu jako postawy wynagrodzenia za alkoholizm oraz do modlitwy za uzale\u017cnionych i poszkodowanych z powodu na\u0142ogu swoich bliskich. Grupa AA spotyka si\u0119 w naszej salce parafialnej we wtorki o godz. 19.00 i jest otwarta na wszystkich, kt\u00f3rzy szukaj\u0105 pomocy do \u017cycia w trze\u017awo\u015bci.<\/p>\n<p>5. Archidiecezja Pozna\u0144ska organizuje pielgrzymk\u0119 do Tunezji \u2013 \u015bladami \u015bw. Augustyna i Ko\u015bcio\u0142a w Afryce P\u00f3\u0142nocnej 30 wrze\u015bnia \u2013 12 pa\u017adziernika br. oraz do Ziemi \u015awi\u0119tej 4\u201311 marca 2026 r.<\/p>\n<p>6. Archidiecezjalne Studium Muzyki Ko\u015bcielnej w Poznaniu og\u0142asza nab\u00f3r na rok 2025\/2026. ASMK jest podstawowym stopniem kszta\u0142cenia muzyk\u00f3w ko\u015bcielnych. Nauka trwa 4 lata i ko\u0144czy si\u0119 uzyskaniem dyplomu uprawniaj\u0105cego do podj\u0119cia pracy w ko\u015bciele w charakterze organisty i prowadz\u0105cego zespo\u0142y muzyki ko\u015bcielnej. Otwarty zostaje nowy kierunek dla kantor\u00f3w i os\u00f3b prowadz\u0105cych schole parafialne z bogatym programem zaj\u0119\u0107 praktycznych. Szczeg\u00f3\u0142y: www.studium.archpoznan.pl\/rekrutacja<\/p>\n<p>7. Przy zakrystii prasa katolicka: Przewodnik Katolicki, Ma\u0142y Przewodnik Katolicki, Go\u015b\u0107 Niedzielny.<\/p>\n<p>INFORMACJE STA\u0141E NA LIPIEC I SIERPIE\u0143<\/p>\n<p>A. W niedziele wakacyjne nie ma mszy \u015bw. o godz. 12.30.<\/p>\n<p>Msza \u015bw. o godz. 8.00 w poniedzia\u0142ek, \u015brod\u0119 i pi\u0105tek<\/p>\n<p>&nbsp; &nbsp; &nbsp; &nbsp; &nbsp; &nbsp; &nbsp; &nbsp; o godz.18.00 we wtorek, czwartek i sobot\u0119.<\/p>\n<p>Biuro Parafialne: poniedzia\u0142ek godz. 9.00 do 10.30, czwartek godz. 16.00 do 17.30 i sobota godz. 19.00 do 20.00.<\/p>\n<p>B. Msza \u015bw. niedzielna w godzinach p\u00f3\u017aniejszych w najbli\u017cszych parafiach: Parafia Pierwszych Polskich M\u0119czennik\u00f3w, os. Tysi\u0105clecia \u2013 godz. 20.00 i Parafia \u015bw. \u0141ukasza, os. Rusa \u2013 godz. 20.30<\/p>\n<p>C. Spowied\u017a \u015bw. p\u00f3\u0142 godziny przed Msz\u0105 \u015bw. i w sobot\u0119 od godz. 16.00 \u2013 18.00.<\/p>\n<p>&nbsp;<\/p>\n<p>&nbsp;<\/p>\n<p>&nbsp;<\/p>\n<p>&nbsp;<\/p>\n<p>&nbsp;<\/p>\n<p>&nbsp;<\/p>\n<p>&nbsp;<\/p>\n<p>&nbsp;<\/p>\n<p>&nbsp;<\/p>\n<p>&nbsp;<\/p>\n","protected":false},"excerpt":{"rendered":"<p>OG\u0141OSZENIA DUSZPASTERSKIE NIEDZIELA XXI ZWYK\u0141A 24 sierpnia 2025 r. 1. Kalendarz liturgiczny: We wtorek Uroczysto\u015b\u0107 NMP Cz\u0119stochowskiej: msza \u015bw. o godz. 18:00, po niej odnowienie Jasnog\u00f3rskich \u015alub\u00f3w Narodu. \u015aroda \u2013 \u015bw. Moniki; czwartek \u2013 \u015bw. Augustyna; pi\u0105tek \u2013 M\u0119cze\u0144stwa \u015bw. Jana Chrzciciela. 2. W najbli\u017cszych dniach b\u0119dziemy modli\u0107 si\u0119 w intencji ks. Proboszcza o zdrowie &#8230; <span class=\"more\"><a class=\"more-link\" href=\"https:\/\/www.chnk.pl\/?p=4490\">czytaj wi\u0119cej<\/a><\/span><\/p>\n","protected":false},"author":3,"featured_media":0,"comment_status":"open","ping_status":"open","sticky":false,"template":"","format":"standard","meta":{"ngg_post_thumbnail":0,"footnotes":""},"categories":[4,3],"tags":[],"_links":{"self":[{"href":"https:\/\/www.chnk.pl\/index.php?rest_route=\/wp\/v2\/posts\/4490"}],"collection":[{"href":"https:\/\/www.chnk.pl\/index.php?rest_route=\/wp\/v2\/posts"}],"about":[{"href":"https:\/\/www.chnk.pl\/index.php?rest_route=\/wp\/v2\/types\/post"}],"author":[{"embeddable":true,"href":"https:\/\/www.chnk.pl\/index.php?rest_route=\/wp\/v2\/users\/3"}],"replies":[{"embeddable":true,"href":"https:\/\/www.chnk.pl\/index.php?rest_route=%2Fwp%2Fv2%2Fcomments&post=4490"}],"version-history":[{"count":1,"href":"https:\/\/www.chnk.pl\/index.php?rest_route=\/wp\/v2\/posts\/4490\/revisions"}],"predecessor-version":[{"id":4491,"href":"https:\/\/www.chnk.pl\/index.php?rest_route=\/wp\/v2\/posts\/4490\/revisions\/4491"}],"wp:attachment":[{"href":"https:\/\/www.chnk.pl\/index.php?rest_route=%2Fwp%2Fv2%2Fmedia&parent=4490"}],"wp:term":[{"taxonomy":"category","embeddable":true,"href":"https:\/\/www.chnk.pl\/index.php?rest_route=%2Fwp%2Fv2%2Fcategories&post=4490"},{"taxonomy":"post_tag","embeddable":true,"href":"https:\/\/www.chnk.pl\/index.php?rest_route=%2Fwp%2Fv2%2Ftags&post=4490"}],"curies":[{"name":"wp","href":"https:\/\/api.w.org\/{rel}","templated":true}]}}