{"id":4487,"date":"2025-08-16T21:02:31","date_gmt":"2025-08-16T21:02:31","guid":{"rendered":"https:\/\/www.chnk.pl\/?p=4487"},"modified":"2025-08-16T21:02:54","modified_gmt":"2025-08-16T21:02:54","slug":"xx-niedziela-zwykla-2","status":"publish","type":"post","link":"https:\/\/www.chnk.pl\/?p=4487","title":{"rendered":"XX NIEDZIELA ZWYK\u0141A"},"content":{"rendered":"<p>OG\u0141OSZENIA DUSZPASTERSKIE<\/p>\n<p>XX NIEDZIELA ZWYK\u0141A 17 sierpnia 2025 r.<\/p>\n<p>1.p Kalendarz liturgiczny: poniedzia\u0142ek \u2013 b\u0142. Sancji Szymkowiak; \u015broda \u2013 \u015bw. Bernarda; czwartek \u2013 \u015bw. Piusa X; pi\u0105tek \u2013 NMP Kr\u00f3lowej.<\/p>\n<p>2. We wtorek Dzie\u0144 Salety\u0144ski (19 dzie\u0144 miesi\u0105ca). R\u00f3\u017caniec salety\u0144ski o godz. 17:15, po mszy \u015bw. procesja do figury Matki Bo\u017cej z La Salette.<\/p>\n<p>3. W czwartek po wieczornej mszy \u015bw. p\u00f3\u0142godzinna Adoracja Naj\u015bwi\u0119tszego Sakramentu.<\/p>\n<p>4. W sobot\u0119 o 19:00 w katedrze odb\u0119dzie si\u0119 koncert \u201e1025. Muzyka Katedr\u201d: us\u0142yszymy utwory polskiego kompozytora Aleksandra D\u0119bicza, w tym utw\u00f3r \u201e1025\u201d, napisany z okazji 1000-lecia koronacji i rocznicy \u015bmierci kr\u00f3la Boles\u0142awa Chrobrego. W koncercie wezm\u0105 udzia\u0142 znani soli\u015bci: Iwona Hossa, Maciej Fr\u0105ckiewicz, \u0141ukasz Kuropaczewski i Bart\u0142omiej Nizio\u0142, a tak\u017ce Orkiestra \u015bw. Marcina pod dyrekcj\u0105 Dariusza Tabisza. Wst\u0119p wolny.<\/p>\n<p>5. Archidiecezja Pozna\u0144ska organizuje pielgrzymk\u0119 do Ziemi \u015awi\u0119tej 4\u201311 marca 2026 r.<\/p>\n<p>6. Archidiecezjalne Studium Muzyki Ko\u015bcielnej w Poznaniu og\u0142asza nab\u00f3r na rok 2025\/2026. ASMK jest podstawowym stopniem kszta\u0142cenia muzyk\u00f3w ko\u015bcielnych. Nauka trwa 4 lata i ko\u0144czy si\u0119 uzyskaniem dyplomu uprawniaj\u0105cego do podj\u0119cia pracy w ko\u015bciele w charakterze organisty i prowadz\u0105cego zespo\u0142y muzyki ko\u015bcielnej. W roku 2025\/2026 w ASMK otwiera nowy kierunek dla kantor\u00f3w i os\u00f3b prowadz\u0105cych schole parafialne z bogatym programem zaj\u0119\u0107 praktycznych. Szczeg\u00f3\u0142owe informacje znajduj\u0105 si\u0119 na stronie: www.studium.archpoznan.pl\/rekrutacja<\/p>\n<p>7. W sierpniu, miesi\u0105cu \u015bwi\u0105t maryjnych i narodowych rocznic, jeste\u015bmy zaproszeni do powstrzymania si\u0119 od spo\u017cywania alkoholu jako postawy wynagrodzenia Panu Bogu za alkoholizm oraz do modlitwy za uzale\u017cnionych i poszkodowanych z powodu na\u0142ogu swoich bliskich. Grupa AA spotyka si\u0119 w naszej salce parafialnej we wtorki o godz. 19.00 i jest otwarta na wszystkich, kt\u00f3rzy szukaj\u0105 pomocy do \u017cycia w trze\u017awo\u015bci.<\/p>\n<p>8. Po sze\u015bciu latach, z ko\u0144cem sierpnia, pos\u0142ug\u0119 w naszej parafii ko\u0144czy wikariusz ks. Jaros\u0142aw Czy\u017cewski. Jednocze\u015bnie do pomocy duszpasterskiej w naszej parafii zosta\u0142 skierowany ks. Tomasz Sobolewski.<\/p>\n<p>9. Pom\u00f3dlmy si\u0119 za zmar\u0142ych Parafian: \u015bp. Iren\u0119 Weznerowicz, os. Lecha 45 (pogrzeb odby\u0142 si\u0119 w lipcu); \u015bp. Tadeusza Rybczy\u0144skiego, os. Lecha 50 (pogrzeb odby\u0142 si\u0119 w ubieg\u0142ym tygodniu); \u015bp. Halin\u0119 Borowicz, os. Lecha 12 (msza \u015bw. pogrzebowa w \u015brod\u0119 o 11:00, pogrzeb na Mi\u0142ostowie od ul. Gnie\u017anie\u0144skiej o godz. 13:30). Wieczny odpoczynek\u2026<\/p>\n<p>INFORMACJE STA\u0141E NA LIPIEC I SIERPIE\u0143<\/p>\n<p>A. W niedziele wakacyjne nie ma mszy \u015bw. o godz. 12.30.<\/p>\n<p>Msza \u015bw. o godz. 8.00 w poniedzia\u0142ek, \u015brod\u0119 i pi\u0105tek<\/p>\n<p>&nbsp; &nbsp; &nbsp; &nbsp; &nbsp; &nbsp; &nbsp; &nbsp; o godz.18.00 we wtorek, czwartek i sobot\u0119.<\/p>\n<p>Biuro Parafialne: poniedzia\u0142ek od godz. 9.00 do godz. 10.30, czwartek od godz. 16.00 do godz. 17.30 i sobota od godz. 19.00 do godz. 20.00.<\/p>\n<p>B. Msza \u015bw. niedzielna w godzinach p\u00f3\u017aniejszych w najbli\u017cszych parafiach: Parafia Pierwszych Polskich M\u0119czennik\u00f3w, os. Tysi\u0105clecia \u2013 godz. 20.00 i Parafia \u015bw. \u0141ukasza, os. Rusa \u2013 godz. 20.30<\/p>\n<p>C. Spowied\u017a \u015bw. p\u00f3\u0142 godziny przed Msz\u0105 \u015bw. i w sobot\u0119 od godz. 16.00 do godz. 18.00.<\/p>\n<p>&nbsp;<\/p>\n<p>&nbsp;<\/p>\n<p>&nbsp;<\/p>\n<p>&nbsp;<\/p>\n<p>&nbsp;<\/p>\n<p>&nbsp;<\/p>\n<p>&nbsp;<\/p>\n<p>&nbsp;<\/p>\n<p>&nbsp;<\/p>\n<p>&nbsp;<\/p>\n<p>&nbsp;<\/p>\n<p>&nbsp;<\/p>\n","protected":false},"excerpt":{"rendered":"<p>OG\u0141OSZENIA DUSZPASTERSKIE XX NIEDZIELA ZWYK\u0141A 17 sierpnia 2025 r. 1.p Kalendarz liturgiczny: poniedzia\u0142ek \u2013 b\u0142. Sancji Szymkowiak; \u015broda \u2013 \u015bw. Bernarda; czwartek \u2013 \u015bw. Piusa X; pi\u0105tek \u2013 NMP Kr\u00f3lowej. 2. We wtorek Dzie\u0144 Salety\u0144ski (19 dzie\u0144 miesi\u0105ca). R\u00f3\u017caniec salety\u0144ski o godz. 17:15, po mszy \u015bw. procesja do figury Matki Bo\u017cej z La Salette. 3. &#8230; <span class=\"more\"><a class=\"more-link\" href=\"https:\/\/www.chnk.pl\/?p=4487\">czytaj wi\u0119cej<\/a><\/span><\/p>\n","protected":false},"author":3,"featured_media":0,"comment_status":"open","ping_status":"open","sticky":false,"template":"","format":"standard","meta":{"ngg_post_thumbnail":0,"footnotes":""},"categories":[1],"tags":[],"_links":{"self":[{"href":"https:\/\/www.chnk.pl\/index.php?rest_route=\/wp\/v2\/posts\/4487"}],"collection":[{"href":"https:\/\/www.chnk.pl\/index.php?rest_route=\/wp\/v2\/posts"}],"about":[{"href":"https:\/\/www.chnk.pl\/index.php?rest_route=\/wp\/v2\/types\/post"}],"author":[{"embeddable":true,"href":"https:\/\/www.chnk.pl\/index.php?rest_route=\/wp\/v2\/users\/3"}],"replies":[{"embeddable":true,"href":"https:\/\/www.chnk.pl\/index.php?rest_route=%2Fwp%2Fv2%2Fcomments&post=4487"}],"version-history":[{"count":1,"href":"https:\/\/www.chnk.pl\/index.php?rest_route=\/wp\/v2\/posts\/4487\/revisions"}],"predecessor-version":[{"id":4488,"href":"https:\/\/www.chnk.pl\/index.php?rest_route=\/wp\/v2\/posts\/4487\/revisions\/4488"}],"wp:attachment":[{"href":"https:\/\/www.chnk.pl\/index.php?rest_route=%2Fwp%2Fv2%2Fmedia&parent=4487"}],"wp:term":[{"taxonomy":"category","embeddable":true,"href":"https:\/\/www.chnk.pl\/index.php?rest_route=%2Fwp%2Fv2%2Fcategories&post=4487"},{"taxonomy":"post_tag","embeddable":true,"href":"https:\/\/www.chnk.pl\/index.php?rest_route=%2Fwp%2Fv2%2Ftags&post=4487"}],"curies":[{"name":"wp","href":"https:\/\/api.w.org\/{rel}","templated":true}]}}