{"id":4483,"date":"2025-08-02T19:16:40","date_gmt":"2025-08-02T19:16:40","guid":{"rendered":"https:\/\/www.chnk.pl\/?p=4483"},"modified":"2025-08-02T19:16:49","modified_gmt":"2025-08-02T19:16:49","slug":"xviii-niedziela-zwykla-3","status":"publish","type":"post","link":"https:\/\/www.chnk.pl\/?p=4483","title":{"rendered":"XVIII NIEDZIELA ZWYK\u0141A"},"content":{"rendered":"<p>OG\u0141OSZENIA DUSZPASTERSKIE<\/p>\n<p>XVIII NIEDZIELA ZWYK\u0141A<\/p>\n<p>3 sierpnia 2025 r.<\/p>\n<p>1. Kalendarz liturgiczny: poniedzia\u0142ek \u2013 \u015bw. Jana Marii Vianneya; \u015broda \u2013 \u015awi\u0119to Przemienienia Pa\u0144skiego; czwartek \u2013 b\u0142. Edmunda Bojanowskiego; pi\u0105tek \u2013 \u015bw. Dominika; sobota \u2013 \u015bwi\u0119to \u015bw. Teresy Benedykty od Krzy\u017ca (E. Stein), patronki Europy.<\/p>\n<p>2. Od wtorku do pi\u0105tku b\u0119d\u0105 trwa\u0142y w naszej parafii zaj\u0119cia wakacyjne dla 30 dzieci. Otoczmy je oraz opiekun\u00f3w modlitw\u0105.<\/p>\n<p>3. W \u015brod\u0119 \u015bwi\u0119to Przemienienia Pa\u0144skiego, msza \u015bw. o godz. 8:00. Po mszy Nowenna do Matki Bo\u017cej Nieustaj\u0105cej Pomocy.<\/p>\n<p>4. I czwartek miesi\u0105ca: adoracja Naj\u015bwi\u0119tszego Sakramentu od godz. 17.00 do 18.00. Uczestnicz\u0105cych w duchowej adopcji cz\u0142owieka przed jego narodzeniem zapraszamy na r\u00f3\u017caniec o godz. 17.15 w intencji: obrony \u017cycia ludzkiego, godno\u015bci jego przekazywania i wszystkich, kt\u00f3rzy kszta\u0142tuj\u0105 opini\u0105 spo\u0142eczn\u0105 na ten temat. Po mszy \u015bw. adoracja do godz. 21.00 w intencji zachowania oraz nowych powo\u0142a\u0144 kap\u0142a\u0144skich, zakonnych i misyjnych.<\/p>\n<p>5. W przysz\u0142\u0105 niedziel\u0119 sk\u0142adka na KUL, WT UAM i szko\u0142y katolickie.<\/p>\n<p>6. W sierpniu \u2013 z racji licznych \u015bwi\u0105t maryjnych i narodowych rocznic \u2013 jeste\u015bmy zaproszeni do powstrzymania si\u0119 od spo\u017cywania alkoholu. Wszystkich trwaj\u0105cych w trze\u017awo\u015bci zach\u0119camy do postawy wynagrodzenia Panu Bogu za alkoholizm i do modlitwy za uzale\u017cnionych oraz cierpi\u0105cych z powodu na\u0142ogu swoich bliskich. Grupa AA spotyka si\u0119 w naszej salce parafialnej we wtorki o godz. 19.00 i jest otwarta na wszystkich, kt\u00f3rzy szukaj\u0105 pomocy do \u017cycia w trze\u017awo\u015bci.<\/p>\n<p>7. W tym tygodniu Biuro Parafialne czynne tylko w sobot\u0119 w godz. 19\u201320. Kontakt jedynie w sprawach pilnych pod numerem telefonu podanym przy wej\u015bciu na probostwo. Przepraszamy za utrudnienia.<\/p>\n<p>8.Przy zakrystii prasa katolicka Przewodnik Katolicki, Ma\u0142y Przewodnik Katolicki i Go\u015b\u0107 Niedzielny.<\/p>\n<p>9. Pom\u00f3dlmy si\u0119 za zmar\u0142ych Parafian. Za \u015bp. W\u0142adys\u0142awa Czombika, os. Lecha 48 (pogrzeb odby\u0142 si\u0119 w pi\u0105tek) oraz Henryk\u0119 Gogo\u0142kiewicz, os. Lecha 57 (msza \u015bw. pogrzebowa w poniedzia\u0142ek o 12:00, pogrzeb o 14:30 na Junikowie). Wieczny odpoczynek&#8230;<\/p>\n<p>&nbsp; &nbsp; &nbsp; &nbsp; &nbsp; &nbsp; &nbsp; &nbsp; &nbsp; &nbsp; &nbsp; &nbsp; &nbsp; &nbsp; &nbsp; &nbsp; &nbsp; &nbsp; &nbsp; &nbsp; &nbsp; &nbsp; &nbsp; &nbsp; &nbsp; &nbsp; &nbsp; &nbsp; &nbsp; &nbsp; &nbsp; &nbsp; &nbsp; &nbsp; &nbsp; &nbsp; &nbsp; &nbsp; &nbsp; &nbsp; &nbsp; &nbsp; &nbsp; &nbsp; &nbsp; &nbsp; &nbsp; &nbsp; &nbsp; &nbsp; &nbsp; &nbsp; &nbsp; &nbsp; &nbsp; &nbsp; &nbsp; &nbsp; &nbsp; &nbsp; &nbsp; &nbsp; &nbsp; &nbsp; &nbsp; &nbsp; &nbsp; &nbsp; &nbsp; &nbsp; &nbsp; &nbsp; &nbsp; &nbsp; &nbsp; &nbsp; &nbsp; &nbsp; &nbsp; &nbsp; &nbsp; &nbsp; &nbsp; &nbsp; &nbsp; &nbsp; &nbsp; &nbsp; &nbsp; &nbsp; &nbsp; &nbsp; &nbsp; &nbsp; &nbsp; &nbsp; &nbsp; &nbsp; &nbsp; &nbsp; &nbsp; &nbsp; &nbsp; &nbsp; &nbsp; &nbsp; &nbsp; &nbsp; &nbsp; &nbsp; &nbsp; &nbsp; &nbsp; &nbsp; &nbsp; &nbsp; &nbsp; &nbsp;INFORMACJE STA\u0141E NA LIPIEC I SIERPIE\u0143<\/p>\n<p>A. W lipcu i w sierpniu zmienione godziny odprawiania Mszy \u015bw. w niedziele i dni powszednie oraz zmienione godziny urz\u0119dowania Biura Parafialnego. W niedziele wakacyjne nie ma mszy \u015bw. o godz. 12.30.<\/p>\n<p>Msza \u015bw. o godz. 8.00 w poniedzia\u0142ek, \u015brod\u0119 i pi\u0105tek<\/p>\n<p>&nbsp; &nbsp; &nbsp; &nbsp; &nbsp; &nbsp; &nbsp; &nbsp; o godz. 18.00 we wtorek, czwartek i sobot\u0119.<\/p>\n<p>Nowenna do Matki Bo\u017cej Nieustaj\u0105cej Pomocy w \u015brod\u0119 o godz. 8.00<\/p>\n<p>R\u00f3\u017caniec do Matki Bo\u017cej Patronki Dobrej \u015amierci we wtorek o godz. 17.30<\/p>\n<p>Biuro Parafialne: poniedzia\u0142ek godz. 9.00 do 10.30, czwartek godz. 16.00 do 17.30 i sobota godz. 19.00 do 20.00.<\/p>\n<p>B. Msza \u015bw. niedzielna w godzinach p\u00f3\u017aniejszych w najbli\u017cszych parafiach: Parafia Pierwszych Polskich M\u0119czennik\u00f3w, os. Tysi\u0105clecia &#8211; godz. 20.00 i Parafia \u015bw. \u0141ukasza, os. Rusa &#8211; godz. 20.30<\/p>\n<p>C. Spowied\u017a \u015bw. p\u00f3\u0142 godziny przed Msz\u0105 \u015bw. i w sobot\u0119 od godz. 16.00 &#8211; 18.00.<\/p>\n<p>&nbsp;<\/p>\n<p>&nbsp;<\/p>\n<p>&nbsp;<\/p>\n<p>&nbsp;<\/p>\n<p>&nbsp;<\/p>\n<p>&nbsp;<\/p>\n<p>&nbsp;<\/p>\n<p>&nbsp;<\/p>\n<p>&nbsp;<\/p>\n<p>&nbsp;<\/p>\n<p>&nbsp;<\/p>\n<p>&nbsp;<\/p>\n<p>&nbsp;<\/p>\n<p>&nbsp;<\/p>\n<p>&nbsp;<\/p>\n<p>&nbsp;<\/p>\n<p>&nbsp;<\/p>\n<p>&nbsp;<\/p>\n<p>&nbsp;<\/p>\n<p>&nbsp;<\/p>\n","protected":false},"excerpt":{"rendered":"<p>OG\u0141OSZENIA DUSZPASTERSKIE XVIII NIEDZIELA ZWYK\u0141A 3 sierpnia 2025 r. 1. Kalendarz liturgiczny: poniedzia\u0142ek \u2013 \u015bw. Jana Marii Vianneya; \u015broda \u2013 \u015awi\u0119to Przemienienia Pa\u0144skiego; czwartek \u2013 b\u0142. Edmunda Bojanowskiego; pi\u0105tek \u2013 \u015bw. Dominika; sobota \u2013 \u015bwi\u0119to \u015bw. Teresy Benedykty od Krzy\u017ca (E. Stein), patronki Europy. 2. Od wtorku do pi\u0105tku b\u0119d\u0105 trwa\u0142y w naszej parafii zaj\u0119cia &#8230; <span class=\"more\"><a class=\"more-link\" href=\"https:\/\/www.chnk.pl\/?p=4483\">czytaj wi\u0119cej<\/a><\/span><\/p>\n","protected":false},"author":3,"featured_media":0,"comment_status":"open","ping_status":"open","sticky":false,"template":"","format":"standard","meta":{"ngg_post_thumbnail":0,"footnotes":""},"categories":[1],"tags":[],"_links":{"self":[{"href":"https:\/\/www.chnk.pl\/index.php?rest_route=\/wp\/v2\/posts\/4483"}],"collection":[{"href":"https:\/\/www.chnk.pl\/index.php?rest_route=\/wp\/v2\/posts"}],"about":[{"href":"https:\/\/www.chnk.pl\/index.php?rest_route=\/wp\/v2\/types\/post"}],"author":[{"embeddable":true,"href":"https:\/\/www.chnk.pl\/index.php?rest_route=\/wp\/v2\/users\/3"}],"replies":[{"embeddable":true,"href":"https:\/\/www.chnk.pl\/index.php?rest_route=%2Fwp%2Fv2%2Fcomments&post=4483"}],"version-history":[{"count":1,"href":"https:\/\/www.chnk.pl\/index.php?rest_route=\/wp\/v2\/posts\/4483\/revisions"}],"predecessor-version":[{"id":4484,"href":"https:\/\/www.chnk.pl\/index.php?rest_route=\/wp\/v2\/posts\/4483\/revisions\/4484"}],"wp:attachment":[{"href":"https:\/\/www.chnk.pl\/index.php?rest_route=%2Fwp%2Fv2%2Fmedia&parent=4483"}],"wp:term":[{"taxonomy":"category","embeddable":true,"href":"https:\/\/www.chnk.pl\/index.php?rest_route=%2Fwp%2Fv2%2Fcategories&post=4483"},{"taxonomy":"post_tag","embeddable":true,"href":"https:\/\/www.chnk.pl\/index.php?rest_route=%2Fwp%2Fv2%2Ftags&post=4483"}],"curies":[{"name":"wp","href":"https:\/\/api.w.org\/{rel}","templated":true}]}}