{"id":4478,"date":"2025-07-27T10:11:13","date_gmt":"2025-07-27T10:11:13","guid":{"rendered":"https:\/\/www.chnk.pl\/?p=4478"},"modified":"2025-07-27T10:13:15","modified_gmt":"2025-07-27T10:13:15","slug":"4478","status":"publish","type":"post","link":"https:\/\/www.chnk.pl\/?p=4478","title":{"rendered":"XVII NIEDZIELA ZWYK\u0141A"},"content":{"rendered":"<p>OG\u0141OSZENIA DUSZPASTERSKIE<\/p>\n<p>XVII NIEDZIELA ZWYK\u0141A<\/p>\n<p>27 lipca 2025 r.<\/p>\n<p>1. Kalendarz liturgiczny: wtorek \u2013 \u015bw. Marty, Marii i \u0141azarza, czwartek \u2013 \u015bw. Ignacego z Loyoli, pi\u0105tek \u2013 \u015bw. Maria Alfonsa Liguoriego.<\/p>\n<p>2. Dzi\u015b przypadaV \u015awiatowy Dzie\u0144 Dziadk\u00f3w i Os\u00f3b Starszych.<\/p>\n<p>3. W czwartek po mszy \u015bw. wieczornej p\u00f3\u0142godzinna adoracja Naj\u015bwi\u0119tszego Sakramentu.<\/p>\n<p>4. W pi\u0105tek rozpoczniemy sierpie\u0144 \u2013 miesi\u0105c \u015bwi\u0105t maryjnych i narodowych rocznic. 1 sierpnia przypada 81. rocznica wybuchu Powstania Warszawskiego. Jeste\u015bmy zaproszeni do powstrzymania si\u0119 w sierpniu od spo\u017cywania alkoholu. Wszystkich trwaj\u0105cych w trze\u017awo\u015bci zach\u0119camy do postawy wynagrodzenia Panu Bogu za alkoholizm i do modlitwy za uzale\u017cnionych oraz cierpi\u0105cych z powodu na\u0142ogu swoich bliskich. Grupa AA spotyka si\u0119 w naszej salce parafialnej we wtorki o godz. 19.00 i jest otwarta na wszystkich, kt\u00f3rzy szukaj\u0105 pomocy do \u017cycia w trze\u017awo\u015bci.<\/p>\n<p>5. Od pi\u0105tku 1 sierpnia od godz. 12.00 do soboty 2 sierpnia do godz. 24.00 we wszystkich ko\u015bcio\u0142ach parafialnych mo\u017cna dost\u0105pi\u0107 \u2013 dla siebie lub dla osoby zmar\u0142ej \u2013 jeden raz odpust zupe\u0142ny Porcjunkuli zwi\u0105zany ze \u015bw. Franciszkiem z Asy\u017cu. Czynno\u015bci\u0105 odpustow\u0105 jest pobo\u017cne nawiedzenie ko\u015bcio\u0142a parafialnego z r\u00f3wnoczesnym zm\u00f3wieniem Ojcze nasz i Wierz\u0119 w Boga (z zachowaniem podstawowych warunk\u00f3w: stan \u0142aski u\u015bwi\u0119caj\u0105cej, przyst\u0105pienie do Komunii \u015awi\u0119tej, modlitwa w intencji papieskiej na sierpie\u0144 2025 r., wykluczenie wszelkiego przywi\u0105zania do jakiegokolwiek grzechu, nawet tzw. powszedniego).<\/p>\n<p>6. W tym tygodniu I pi\u0105tek i I sobota miesi\u0105ca.<\/p>\n<p>I pi\u0105tek: spowied\u017a od godz. 16.00 do 18.00 (o godz. 17.00 Komunia \u015bw.). Msza \u015bw. zar\u00f3wno o godz. 8:00, jak i o godz. 18:00. Odwiedziny chorych z listy pi\u0105tkowej dopiero we wrze\u015bniu.<\/p>\n<p>I sobota: Nie ma mszy \u015bw. o godz. 8:00. Spowied\u017a od godz. 16.00 do 18.00. Nabo\u017ce\u0144stwo do Niepokalanego Serca Matki Bo\u017cej wieczorem: o godz. 17.15 r\u00f3\u017caniec, nast\u0119pnie rozwa\u017canie i msza \u015bw. Odwiedziny chorych z listy sobotniej 9 sierpnia.<\/p>\n<p>7. Prosimy parafian zamawiaj\u0105cych intencje mszalne, aby przed msz\u0105 \u015bw. sprawdzali na tablicy og\u0142osze\u0144 poprawno\u015b\u0107 zapisanej intencji i przed odprawieniem mszy \u015bw. zg\u0142aszali ewentualne nie\u015bcis\u0142o\u015bci.<\/p>\n<p>8. Zapraszamy wszystkich, kt\u00f3rzy s\u0105 otwarci na niesienie wsparcia osobom starszym na terenie naszej Parafii, do udzia\u0142u w zespole pomocowym. Chodzi o pomoc w zakupach, sprz\u0105taniu, transporcie do lekarza czy urz\u0119du. Charakter udzielanej pomocy b\u0119dzie dostosowany do mo\u017cliwo\u015bci osoby pomagaj\u0105cej. Ch\u0119tnych prosimy o zg\u0142aszanie si\u0119 w zakrystii. Telefon: 603 67 97 61. Komunikat na tablicy og\u0142osze\u0144.<\/p>\n<p>9. B\u00f3g zap\u0142a\u0107 za ofiary z\u0142o\u017cone na potrzeby naszej parafii.<\/p>\n<p>10. Zach\u0119camy do czytania prasy katolickiej. Przy zakrystii: Przewodnik Katolicki z modlitewnikiem 5 minut z Bogiem na sierpie\u0144, Ma\u0142y Przewodnik Katolicki i Go\u015b\u0107 Niedzielny.<\/p>\n<p>&nbsp; &nbsp; &nbsp; &nbsp; &nbsp; &nbsp; &nbsp; &nbsp; &nbsp; &nbsp; &nbsp; &nbsp; &nbsp; &nbsp; &nbsp; &nbsp; &nbsp; &nbsp; &nbsp; &nbsp; &nbsp; &nbsp; &nbsp; &nbsp; &nbsp; &nbsp; &nbsp; &nbsp; &nbsp; &nbsp; &nbsp; &nbsp; &nbsp; &nbsp; &nbsp; &nbsp; &nbsp; &nbsp; &nbsp; &nbsp; &nbsp; &nbsp; &nbsp; &nbsp; &nbsp; &nbsp; &nbsp; &nbsp; &nbsp; &nbsp; &nbsp; &nbsp; &nbsp; &nbsp; &nbsp; &nbsp; &nbsp; &nbsp; &nbsp; &nbsp; &nbsp; &nbsp; &nbsp; &nbsp; &nbsp; &nbsp; &nbsp; &nbsp; &nbsp; &nbsp; &nbsp; &nbsp; &nbsp; &nbsp; &nbsp; &nbsp; &nbsp; &nbsp; &nbsp; &nbsp; &nbsp; &nbsp; &nbsp; &nbsp; &nbsp; &nbsp; &nbsp; &nbsp; &nbsp; &nbsp; &nbsp; &nbsp; &nbsp; &nbsp; &nbsp; &nbsp; &nbsp; &nbsp; &nbsp; &nbsp; &nbsp; &nbsp; &nbsp; &nbsp; &nbsp; &nbsp; &nbsp; &nbsp; &nbsp; &nbsp; &nbsp; &nbsp; &nbsp; &nbsp; &nbsp; &nbsp; &nbsp; &nbsp; INFORMACJE STA\u0141E NA LIPIEC I SIERPIE\u0143<\/p>\n<p>A. W lipcu i w sierpniu zmienione godziny odprawiania Mszy \u015bw. w niedziele i dni powszednie oraz zmienione godziny urz\u0119dowania Biura Parafialnego. W niedziele wakacyjne nie ma mszy \u015bw. o godz. 12.30.<\/p>\n<p>Msza \u015bw. o godz. 8.00 w poniedzia\u0142ek, \u015brod\u0119 i pi\u0105tek<\/p>\n<p>&nbsp;o godz.18.00 we wtorek, czwartek i sobot\u0119.<\/p>\n<p>Nowenna do Matki Bo\u017cej Nieustaj\u0105cej Pomocy w \u015brod\u0119 o godz. 8.00<\/p>\n<p>R\u00f3\u017caniec do Matki Bo\u017cej Patronki Dobrej \u015amierci we wtorek o godz. 17.30<\/p>\n<p>Biuro Parafialne: poniedzia\u0142ek godz. 9.00 do 10.30, czwartek godz. 16.00 do 17.30 i sobota godz. 19.00 do 20.00.<\/p>\n<p>B. Msza \u015bw. niedzielna w godzinach p\u00f3\u017aniejszych w najbli\u017cszych parafiach: Parafia Pierwszych Polskich M\u0119czennik\u00f3w, os. Tysi\u0105clecia &#8211; godz. 20.00 i Parafia \u015bw. \u0141ukasza, os. Rusa &#8211; godz. 20.30<\/p>\n<p>C. Spowied\u017a \u015bw. p\u00f3\u0142 godziny przed Msz\u0105 \u015bw. i w sobot\u0119 od godz. 16.00 &#8211; 18.00.<\/p>\n<p>INFORMACJE STA\u0141E NA LIPIEC I SIERPIE\u0143<\/p>\n<p>A. W sierpniu zmienione godziny odprawiania Mszy \u015bw. w niedziele oraz zmienione godziny urz\u0119dowania Biura Parafialnego.<\/p>\n<p>W niedziele wakacyjne nie ma mszy \u015bw. o godz. 12.30.<\/p>\n<p>Msza \u015bw. w dni powszednie o godz. 8.00 i 18.00.<\/p>\n<p>Nowenna do Matki Bo\u017cej Nieustaj\u0105cej Pomocy w \u015brod\u0119 o godz. 8.00<\/p>\n<p>R\u00f3\u017caniec do Matki Bo\u017cej Patronki Dobrej \u015amierci i Nowenna do \u015bw. J\u00f3zefa we wtorek o godz. 17.30<\/p>\n<p>Biuro Parafialne: poniedzia\u0142ek godz. 9.00 do 10.30,<\/p>\n<p>czwartek godz. 16.00 do 17.30<\/p>\n<p>sobota godz. 19.00 do 20.00.<\/p>\n<p>B. Msza \u015bw. niedzielna w godzinach p\u00f3\u017aniejszych w najbli\u017cszych parafiach. Parafia Pierwszych Polskich M\u0119czennik\u00f3w, os. Tysi\u0105clecia &#8211; godz. 20.00 i Parafia \u015bw. \u0141ukasza, os. Rusa &#8211; godz. 20.30<\/p>\n<p>C. Grupa Anonimowych Alkoholik\u00f3w spotyka si\u0119 w ka\u017cdy wtorek o godz. 19.00 w salce parafialnej.<\/p>\n<p>D. Spowied\u017a \u015bw. p\u00f3\u0142 godziny przed Msz\u0105 \u015bw. i w sobot\u0119 od godz. 16.00-18.00.<\/p>\n<p>E. Dzieci wyje\u017cd\u017caj\u0105ce na kolonie powinny zabra\u0107 pisemne o\u015bwiadczenie rodzic\u00f3w, i\u017c jest ich wol\u0105, aby dziecko uczestniczy\u0142o w niedzielnej Mszy \u015bw.<\/p>\n<p>F. Spowied\u017a \u015bw. p\u00f3\u0142 godziny przed Msz\u0105 \u015bw. i w sobot\u0119 od godz. 16.00-18.00.<\/p>\n<p>Prosimy o podawanie intencji mszalnych, uprzednio zarezerwowanych, na lipiec i sierpie\u0144. Mo\u017cna to uczyni\u0107 w niedziel\u0119, po Mszy \u015bw., w zakrystii.<\/p>\n<p>&nbsp;<\/p>\n<p>&nbsp;<\/p>\n<p>&nbsp;<\/p>\n<p>&nbsp;<\/p>\n<p>&nbsp;<\/p>\n<p>&nbsp;<\/p>\n<p>&nbsp;<\/p>\n<p>&nbsp;<\/p>\n<p>&nbsp;<\/p>\n<p>&nbsp;<\/p>\n<p>&nbsp;<\/p>\n<p>&nbsp;<\/p>\n<p>&nbsp;<\/p>\n<p>&nbsp;<\/p>\n<p>&nbsp;<\/p>\n<p>&nbsp;<\/p>\n<p>&nbsp;<\/p>\n<p>&nbsp;<\/p>\n<p>&nbsp;<\/p>\n<p>&nbsp;<\/p>\n<p>&nbsp;<\/p>\n<p>&nbsp;<\/p>\n","protected":false},"excerpt":{"rendered":"<p>OG\u0141OSZENIA DUSZPASTERSKIE XVII NIEDZIELA ZWYK\u0141A 27 lipca 2025 r. 1. Kalendarz liturgiczny: wtorek \u2013 \u015bw. Marty, Marii i \u0141azarza, czwartek \u2013 \u015bw. Ignacego z Loyoli, pi\u0105tek \u2013 \u015bw. Maria Alfonsa Liguoriego. 2. Dzi\u015b przypadaV \u015awiatowy Dzie\u0144 Dziadk\u00f3w i Os\u00f3b Starszych. 3. W czwartek po mszy \u015bw. wieczornej p\u00f3\u0142godzinna adoracja Naj\u015bwi\u0119tszego Sakramentu. 4. W pi\u0105tek rozpoczniemy &#8230; <span class=\"more\"><a class=\"more-link\" href=\"https:\/\/www.chnk.pl\/?p=4478\">czytaj wi\u0119cej<\/a><\/span><\/p>\n","protected":false},"author":3,"featured_media":0,"comment_status":"open","ping_status":"open","sticky":false,"template":"","format":"standard","meta":{"ngg_post_thumbnail":0,"footnotes":""},"categories":[1],"tags":[],"_links":{"self":[{"href":"https:\/\/www.chnk.pl\/index.php?rest_route=\/wp\/v2\/posts\/4478"}],"collection":[{"href":"https:\/\/www.chnk.pl\/index.php?rest_route=\/wp\/v2\/posts"}],"about":[{"href":"https:\/\/www.chnk.pl\/index.php?rest_route=\/wp\/v2\/types\/post"}],"author":[{"embeddable":true,"href":"https:\/\/www.chnk.pl\/index.php?rest_route=\/wp\/v2\/users\/3"}],"replies":[{"embeddable":true,"href":"https:\/\/www.chnk.pl\/index.php?rest_route=%2Fwp%2Fv2%2Fcomments&post=4478"}],"version-history":[{"count":2,"href":"https:\/\/www.chnk.pl\/index.php?rest_route=\/wp\/v2\/posts\/4478\/revisions"}],"predecessor-version":[{"id":4480,"href":"https:\/\/www.chnk.pl\/index.php?rest_route=\/wp\/v2\/posts\/4478\/revisions\/4480"}],"wp:attachment":[{"href":"https:\/\/www.chnk.pl\/index.php?rest_route=%2Fwp%2Fv2%2Fmedia&parent=4478"}],"wp:term":[{"taxonomy":"category","embeddable":true,"href":"https:\/\/www.chnk.pl\/index.php?rest_route=%2Fwp%2Fv2%2Fcategories&post=4478"},{"taxonomy":"post_tag","embeddable":true,"href":"https:\/\/www.chnk.pl\/index.php?rest_route=%2Fwp%2Fv2%2Ftags&post=4478"}],"curies":[{"name":"wp","href":"https:\/\/api.w.org\/{rel}","templated":true}]}}