{"id":4464,"date":"2025-07-12T16:47:47","date_gmt":"2025-07-12T16:47:47","guid":{"rendered":"https:\/\/www.chnk.pl\/?p=4464"},"modified":"2025-07-12T16:47:47","modified_gmt":"2025-07-12T16:47:47","slug":"niedziela-xv-zwykla-2","status":"publish","type":"post","link":"https:\/\/www.chnk.pl\/?p=4464","title":{"rendered":"NIEDZIELA XV ZWYK\u0141A"},"content":{"rendered":"<p>&nbsp;<\/p>\n<p>&nbsp;<\/p>\n<p>OG\u0141OSZENIA DUSZPASTERSKIE<\/p>\n<p>NIEDZIELA XV ZWYK\u0141A<\/p>\n<p>13 lipca 2025 r.<\/p>\n<p>1. Kalendarz liturgiczny:<\/p>\n<p>poniedzia\u0142ek \u2013 \u015bw. Henryka<\/p>\n<p>wtorek\u2013 \u015bw. Bonawentury,<\/p>\n<p>\u015broda \u2013 NMP z G\u00f3ry Karmel,<\/p>\n<p>pi\u0105tek &#8211; \u015bw. Szymona z Lipnicy,<\/p>\n<p>2. We wtorek, w dniu Matki Bo\u017cej Szkaplerznej, msza \u015bw. u OO Karmelit\u00f3w z na\u0142o\u017ceniem szkaplerza o godz. 18.00. Po sumie spotkanie w ogrodach karmelickich.<\/p>\n<p>3. W czwartek, po mszy \u015bw. wieczornej, p\u00f3\u0142godzinna adoracja Naj\u015bwi\u0119tszego Sakramentu.<\/p>\n<p>4. W sobot\u0119, 19 dzie\u0144 miesi\u0105ca, dzie\u0144 salety\u0144ski w naszej parafii. Procesja salety\u0144ska po mszy \u015bw. o godz. 18.00 R\u00f3\u017caniec z intencjami salety\u0144skimi o godz. 17.20.<\/p>\n<p>5. B\u0142ogos\u0142awie\u0144stwo kierowc\u00f3w i pojazd\u00f3w mechanicznych we wspomnienie liturgiczne \u015bw. Krzysztofa: w przysz\u0142\u0105 sobot\u0119 po mszy \u015bw. i procesji o godz. 18.00 i w niedziel\u0119 po mszy \u015bw. o godz. 9.30, 11.15 i 18.00. Przy tej okazji mo\u017cliwo\u015b\u0107 z\u0142o\u017cenia ofiary na \u015brodki transportu dla misjonarzy. Samochodami i motocyklami mo\u017cna wjecha\u0107 na plac przy ko\u015bciele.<\/p>\n<p>6. Zach\u0119camy do czytania prasy katolickiej. Przy zakrystii m.in. Przewodnik Katolicki i Go\u015b\u0107 Niedzielny.<\/p>\n<p>7. M\u00f3dlmy si\u0119 za zmar\u0142ych Parafian. Za dusz\u0119 \u015bp. Barbary Adamkiewicz, os. Lecha 125 (msza \u015bw. pogrzebowa w poniedzia\u0142ek o godz. 10.15). Wieczny odpoczynek racz zmar\u0142ym da\u0107 Panie.<\/p>\n<p>8. Z wytrwa\u0142o\u015bci\u0105 m\u00f3dlmy si\u0119 o pok\u00f3j w Ziemi \u015awi\u0119tej, Ukrainie, w Ojczy\u017anie naszej i na ca\u0142ym \u015bwiecie. M\u00f3dlmy si\u0119 o deszcz i zachowanie plon\u00f3w, o oddalenie niebezpiecze\u0144stwa g\u0142odu ognia i wojny. \u015awi\u0119ty Bo\u017ce, \u015awi\u0119ty mocny, \u015awi\u0119ty nie\u015bmiertelny, zmi\u0142uj si\u0119 nad nami.<\/p>\n<p>&#8230;&#8230;&#8230;&#8230;&#8230;&#8230;&#8230;&#8230;&#8230;&#8230;&#8230;&#8230;&#8230;&#8230;&#8230;&#8230;&#8230;&#8230;&#8230;&#8230;&#8230;&#8230;&#8230;&#8230;&#8230;&#8230;&#8230;&#8230;&#8230;&#8230;&#8230;&#8230;&#8230;&#8230;&#8230;&#8230;&#8230;&#8230;&#8230;&#8230;&#8230;&#8230;&#8230;&#8230;&#8230;&#8230;..<\/p>\n<p>INFORMACJE STA\u0141E NA LIPIEC I SIERPIE\u0143<\/p>\n<p>A. W lipcu i w sierpniu zmienione godziny odprawiania Mszy \u015bw. w niedziele i dni powszednie oraz zmienione godziny urz\u0119dowania Biura Parafialnego. W niedziele wakacyjne nie ma mszy \u015bw. o godz. 12.30.<\/p>\n<p>Msza \u015bw. o godz. 8.00 w poniedzia\u0142ek, \u015brod\u0119 i pi\u0105tek<\/p>\n<p>&nbsp;o godz. 18.00 we wtorek, czwartek i sobot\u0119.<\/p>\n<p>Nowenna do Matki Bo\u017cej Nieustaj\u0105cej Pomocy w \u015brod\u0119 o godz. 8.00<\/p>\n<p>R\u00f3\u017caniec do Matki Bo\u017cej Patronki Dobrej \u015amierci we wtorek o godz. 17.30<\/p>\n<p>Biuro Parafialne: poniedzia\u0142ek od godz. 9.00 do 10.30, czwartek od godz. 16.00 do 17.30 i sobota od godz. 19.00 do 20.00.<\/p>\n<p>B. Msza \u015bw. niedzielna w godzinach p\u00f3\u017aniejszych w najbli\u017cszych parafiach: Parafia Pierwszych Polskich M\u0119czennik\u00f3w, os. Tysi\u0105clecia \u2013 godz. 20.00 i Parafia \u015bw. \u0141ukasza, os. Rusa \u2013 godz. 20.30<\/p>\n<p>C. Grupa Anonimowych Alkoholik\u00f3w spotyka si\u0119 w ka\u017cdy wtorek o godz. 19.00 w salce parafialnej i jest otwarta na wszystkich, kt\u00f3rzy szukaj\u0105 pomocy do \u017cycia w trze\u017awo\u015bci.<\/p>\n<p>D. Spowied\u017a \u015bw. p\u00f3\u0142 godziny przed Msz\u0105 \u015bw. i w sobot\u0119 w godz. 16.00\u201318.00.<\/p>\n<p>&nbsp;<\/p>\n<p>&nbsp;<\/p>\n","protected":false},"excerpt":{"rendered":"<p>&nbsp; &nbsp; OG\u0141OSZENIA DUSZPASTERSKIE NIEDZIELA XV ZWYK\u0141A 13 lipca 2025 r. 1. Kalendarz liturgiczny: poniedzia\u0142ek \u2013 \u015bw. Henryka wtorek\u2013 \u015bw. Bonawentury, \u015broda \u2013 NMP z G\u00f3ry Karmel, pi\u0105tek &#8211; \u015bw. Szymona z Lipnicy, 2. We wtorek, w dniu Matki Bo\u017cej Szkaplerznej, msza \u015bw. u OO Karmelit\u00f3w z na\u0142o\u017ceniem szkaplerza o godz. 18.00. Po sumie spotkanie &#8230; <span class=\"more\"><a class=\"more-link\" href=\"https:\/\/www.chnk.pl\/?p=4464\">czytaj wi\u0119cej<\/a><\/span><\/p>\n","protected":false},"author":3,"featured_media":0,"comment_status":"open","ping_status":"open","sticky":false,"template":"","format":"standard","meta":{"ngg_post_thumbnail":0,"footnotes":""},"categories":[1],"tags":[],"_links":{"self":[{"href":"https:\/\/www.chnk.pl\/index.php?rest_route=\/wp\/v2\/posts\/4464"}],"collection":[{"href":"https:\/\/www.chnk.pl\/index.php?rest_route=\/wp\/v2\/posts"}],"about":[{"href":"https:\/\/www.chnk.pl\/index.php?rest_route=\/wp\/v2\/types\/post"}],"author":[{"embeddable":true,"href":"https:\/\/www.chnk.pl\/index.php?rest_route=\/wp\/v2\/users\/3"}],"replies":[{"embeddable":true,"href":"https:\/\/www.chnk.pl\/index.php?rest_route=%2Fwp%2Fv2%2Fcomments&post=4464"}],"version-history":[{"count":1,"href":"https:\/\/www.chnk.pl\/index.php?rest_route=\/wp\/v2\/posts\/4464\/revisions"}],"predecessor-version":[{"id":4465,"href":"https:\/\/www.chnk.pl\/index.php?rest_route=\/wp\/v2\/posts\/4464\/revisions\/4465"}],"wp:attachment":[{"href":"https:\/\/www.chnk.pl\/index.php?rest_route=%2Fwp%2Fv2%2Fmedia&parent=4464"}],"wp:term":[{"taxonomy":"category","embeddable":true,"href":"https:\/\/www.chnk.pl\/index.php?rest_route=%2Fwp%2Fv2%2Fcategories&post=4464"},{"taxonomy":"post_tag","embeddable":true,"href":"https:\/\/www.chnk.pl\/index.php?rest_route=%2Fwp%2Fv2%2Ftags&post=4464"}],"curies":[{"name":"wp","href":"https:\/\/api.w.org\/{rel}","templated":true}]}}