{"id":4461,"date":"2025-07-05T15:45:31","date_gmt":"2025-07-05T15:45:31","guid":{"rendered":"https:\/\/www.chnk.pl\/?p=4461"},"modified":"2025-07-05T15:45:31","modified_gmt":"2025-07-05T15:45:31","slug":"niedziela-xiv-zwykla","status":"publish","type":"post","link":"https:\/\/www.chnk.pl\/?p=4461","title":{"rendered":"NIEDZIELA XIV ZWYK\u0141A"},"content":{"rendered":"<p>OG\u0141OSZENIA DUSZPASTERSKIE<\/p>\n<p>NIEDZIELA XIV ZWYK\u0141A<\/p>\n<p>&nbsp;6 lipca 2025 r.<\/p>\n<p>1. Kalendarz liturgiczny: wtorek \u2013 \u015bw. Jana z Dukli, \u015broda \u2013 \u015bw. mm Augustyna Zhao, pi\u0105tek &#8211; Benedykta, patrona Europy, sobota &#8211; \u015bw. Brunona Bonifacego z Kwerfurtu.<\/p>\n<p>2. Spotkanie r\u00f3\u017ca\u0144cowe w \u015brod\u0119 po mszy \u015bw. porannej.<\/p>\n<p>3. W czwartek po mszy \u015bw. wieczornej p\u00f3\u0142godzinna adoracja Naj\u015bwi\u0119tszego Sakramentu.<\/p>\n<p>4. S\u0142uchacze Radia Maryja i widzowie telewizji Trwam, kt\u00f3rzy chcieliby wesprze\u0107 te rozg\u0142o\u015bnie, chocia\u017c skromnymi ofiarami, mog\u0105 je przekaza\u0107 pani Marii lub z\u0142o\u017cy\u0107 do skarbony przy wej\u015bciu do ko\u015bcio\u0142a. Najbezpieczniej jest wk\u0142ada\u0107 monety, banknoty mog\u0105 by\u0107 wykradane.<\/p>\n<p>5. B\u00f3g zap\u0142a\u0107 za ofiary sk\u0142adane na utrzymanie naszego ko\u015bcio\u0142a. Informujemy, \u017ce nadzwyczajni szafarze Komunii \u015bw. pe\u0142ni\u0105 swoj\u0105 pos\u0142ug\u0119 charytatywnie i nie przyjmuj\u0105 z tej racji ofiar. Korzystaj\u0105cy z ich pos\u0142ugi niechaj modl\u0105 si\u0119 usilnie o nowych szafarzy dla naszej parafii.<\/p>\n<p>6. W dniu 6 lipca br. z katedry (po mszy \u015bw. o godz. 8:00) wyruszy\u0142a 91. Pozna\u0144ska Piesza Pielgrzymka na Jasn\u0105 G\u00f3r\u0119 pod has\u0142em \u201eW g\u00f3r\u0119 serca!\u201d. Osoby kt\u00f3re nie wyruszaj\u0105 na szlak, zapraszam do udzia\u0142u w Duchowej Pielgrzymce w dniach od 7 do 14 lipca br. szlakiem ko\u015bcio\u0142\u00f3w jubileuszowych miasta Poznania. Spotkanie ma charakter udzia\u0142u w Eucharystii i modlitwie za pielgrzymuj\u0105cych oraz wspieraj\u0105cych pielgrzymk\u0119. Plan duchowej pielgrzymki na tablicy og\u0142osze\u0144 i parafialnej stronie internetowej Zapraszam tak\u017ce na uroczyste zako\u0144czenie pielgrzymki, 15 lipca o godz. 12:00 \u2013 wej\u015bcie pielgrzym\u00f3w na Wa\u0142y Jasnog\u00f3rskie, a o godz. 16:00 uroczysta Msza \u015bw.<\/p>\n<p>7. Zach\u0119camy do czytania prasy katolickiej. Przy zakrystii: \u201ePrzewodnik Katolicki\u201d, \u201eGo\u015b\u0107 Niedzielny\u201d, i \u201eMa\u0142y Przewodnik Katolicki\u201d.<\/p>\n<p>8. M\u00f3dlmy si\u0119 o pok\u00f3j w Ziemi \u015awi\u0119tej, Bliskim Wschodzie, Ukrainie i wsz\u0119dzie gdzie tocz\u0105 si\u0119 bratob\u00f3jcze wojny. \u015awi\u0119ty Bo\u017ce, \u015awi\u0119ty Mocny, \u015awi\u0119ty Nie\u015bmiertelny, zmi\u0142uj si\u0119 nad nami.<\/p>\n<p>&nbsp;<\/p>\n<p>INFORMACJE STA\u0141E<\/p>\n<p>\/LIPIEC I SIERPIE\u0143\/<\/p>\n<p>A. W lipcu i w sierpniu zmienione godziny odprawiania Mszy \u015bw. w niedziele i dni powszednie oraz zmienione godziny urz\u0119dowania Biura Parafialnego. W lipcu i sierpniu msza \u015bw. niedzielna o godz. 8.00, 9,30, 11.15 i 18.00. Nie ma mszy \u015bw. o godz. 12.30. W dni powszednie msza \u015bw. o godz. 8.00 w poniedzia\u0142ek, \u015brod\u0119 i pi\u0105tek, a o godz.18.00 we wtorek, czwartek i sobot\u0119.<\/p>\n<p>B. Biuro Parafialne: poniedzia\u0142ek godz. 9.00 do 10.30, czwartek godz. 16.00 do 17.3 i sobota godz. 19.00 do 20.00. Sprawy pilne prosimy za\u0142atwia\u0107 w godzinach zbli\u017conych do godziny odprawiania mszy \u015bw.<\/p>\n<p>C. Spowied\u017a \u015bw. p\u00f3\u0142 godziny przed Msz\u0105 \u015bw. i w sobot\u0119 od godz. 16.00 -18.00.<\/p>\n<p>D. Msza \u015bw. niedzielna w godzinach p\u00f3\u017aniejszych w najbli\u017cszych parafiach: Parafia Pierwszych Polskich M\u0119czennik\u00f3w, os. Tysi\u0105clecia &#8211; godz. 20.00 i Parafia \u015bw. \u0141ukasza, os. Rusa &#8211; godz. 20.30<\/p>\n<p>POZNA\u0143SKA PIESZA PIELGRZYMKA NA JASN\u0104 G\u00d3R\u0118<\/p>\n<p>PIELGRZYMKA DUCHOWA 2025<\/p>\n<p>Szlakiem ko\u015bcio\u0142\u00f3w jubileuszowych Miasta Poznania<\/p>\n<p>PROGRAM<\/p>\n<p>6 lipca \u2013 niedziela<\/p>\n<p>Bazylika Archikatedralna \u015bw. Piotra i Paw\u0142a ul. Ostr\u00f3w Tumski 14<\/p>\n<p>8:00 Eucharystia na rozpocz\u0119cie pielgrzymki<\/p>\n<p>7 lipca \u2013 poniedzia\u0142ek<\/p>\n<p>Sanktuarium Mi\u0142osierdzia Bo\u017cego, os. Jana III Sobieskiego 116<\/p>\n<p>18:00 R\u00f3\u017caniec<\/p>\n<p>18:30 Eucharystia<\/p>\n<p>8 lipca \u2013 wtorek<\/p>\n<p>Sanktuarium \u015bw. J\u00f3zefa na Wzg\u00f3rzu \u015bw. Wojciecha, ul. Dzia\u0142owa 25<\/p>\n<p>18:00 Eucharystia<\/p>\n<p>9 lipca \u2013 \u015broda<\/p>\n<p>Kolegiata Pozna\u0144ska- Fara, ul. Klasztorna 11<\/p>\n<p>17:30 r\u00f3\u017caniec<\/p>\n<p>18:00 Nowenna do MB Nieustaj\u0105cej Pomocy<\/p>\n<p>18:30 Eucharystia<\/p>\n<p>10 lipca\u2013czwartek<\/p>\n<p>Sanktuarium Mi\u0142osierdzia Bo\u017cego , os. Jana III Sobieskiego 116<\/p>\n<p>18:00 R\u00f3\u017caniec<\/p>\n<p>18:30 Eucharystia<\/p>\n<p>11 lipca-pi\u0105tek<\/p>\n<p>Bazylika Archikatedralna \u015bw. Piotra i Paw\u0142a ul. Ostr\u00f3w Tumski 14<\/p>\n<p>Od 8:30 ca\u0142odzienna adoracja Naj\u015bwi\u0119tszego Sakramentu<\/p>\n<p>18:00 Eucharystia<\/p>\n<p>12 lipca \u2013 sobota<\/p>\n<p>Sanktuarium \u015awi\u0119to\u015bci \u017bycia, ul. Boles\u0142awa Le\u015bmiana 2a<\/p>\n<p>18:00 r\u00f3\u017caniec<\/p>\n<p>18:30 Eucharystia<\/p>\n<p>13 lipca \u2013 niedziela<\/p>\n<p>Kolegiata Pozna\u0144ska- Fara, ul. Klasztorna 11<\/p>\n<p>18:30 Eucharystia<\/p>\n<p>14 lipca \u2013poniedzia\u0142ek<\/p>\n<p>Sanktuarium \u015bw. J\u00f3zefa na Wzg\u00f3rzu \u015bw. Wojciecha, ul. Dzia\u0142owa 25<\/p>\n<p>18:00 Eucharystia<\/p>\n<p>15 lipca \u2013 wtorek<\/p>\n<p>Od 12:30 transmisja wej\u015bcia pielgrzymki na Jasn\u0105 G\u00f3r\u0119<\/p>\n<p>O 16:00 Eucharystia transmitowana przez radio Emaus<\/p>\n<p>&nbsp;<\/p>\n<p>&nbsp;<\/p>\n<p>&nbsp;<\/p>\n<p>&nbsp;<\/p>\n<p>&nbsp;<\/p>\n<p>&nbsp;<\/p>\n<p>&nbsp;<\/p>\n<p>&nbsp;<\/p>\n<p>&nbsp;<\/p>\n<p>&nbsp;<\/p>\n<p>&nbsp;<\/p>\n<p>&nbsp;<\/p>\n","protected":false},"excerpt":{"rendered":"<p>OG\u0141OSZENIA DUSZPASTERSKIE NIEDZIELA XIV ZWYK\u0141A &nbsp;6 lipca 2025 r. 1. Kalendarz liturgiczny: wtorek \u2013 \u015bw. Jana z Dukli, \u015broda \u2013 \u015bw. mm Augustyna Zhao, pi\u0105tek &#8211; Benedykta, patrona Europy, sobota &#8211; \u015bw. Brunona Bonifacego z Kwerfurtu. 2. Spotkanie r\u00f3\u017ca\u0144cowe w \u015brod\u0119 po mszy \u015bw. porannej. 3. W czwartek po mszy \u015bw. wieczornej p\u00f3\u0142godzinna adoracja Naj\u015bwi\u0119tszego &#8230; <span class=\"more\"><a class=\"more-link\" href=\"https:\/\/www.chnk.pl\/?p=4461\">czytaj wi\u0119cej<\/a><\/span><\/p>\n","protected":false},"author":3,"featured_media":0,"comment_status":"open","ping_status":"open","sticky":false,"template":"","format":"standard","meta":{"ngg_post_thumbnail":0,"footnotes":""},"categories":[1],"tags":[],"_links":{"self":[{"href":"https:\/\/www.chnk.pl\/index.php?rest_route=\/wp\/v2\/posts\/4461"}],"collection":[{"href":"https:\/\/www.chnk.pl\/index.php?rest_route=\/wp\/v2\/posts"}],"about":[{"href":"https:\/\/www.chnk.pl\/index.php?rest_route=\/wp\/v2\/types\/post"}],"author":[{"embeddable":true,"href":"https:\/\/www.chnk.pl\/index.php?rest_route=\/wp\/v2\/users\/3"}],"replies":[{"embeddable":true,"href":"https:\/\/www.chnk.pl\/index.php?rest_route=%2Fwp%2Fv2%2Fcomments&post=4461"}],"version-history":[{"count":1,"href":"https:\/\/www.chnk.pl\/index.php?rest_route=\/wp\/v2\/posts\/4461\/revisions"}],"predecessor-version":[{"id":4462,"href":"https:\/\/www.chnk.pl\/index.php?rest_route=\/wp\/v2\/posts\/4461\/revisions\/4462"}],"wp:attachment":[{"href":"https:\/\/www.chnk.pl\/index.php?rest_route=%2Fwp%2Fv2%2Fmedia&parent=4461"}],"wp:term":[{"taxonomy":"category","embeddable":true,"href":"https:\/\/www.chnk.pl\/index.php?rest_route=%2Fwp%2Fv2%2Fcategories&post=4461"},{"taxonomy":"post_tag","embeddable":true,"href":"https:\/\/www.chnk.pl\/index.php?rest_route=%2Fwp%2Fv2%2Ftags&post=4461"}],"curies":[{"name":"wp","href":"https:\/\/api.w.org\/{rel}","templated":true}]}}