{"id":4458,"date":"2025-06-21T15:26:03","date_gmt":"2025-06-21T15:26:03","guid":{"rendered":"https:\/\/www.chnk.pl\/?p=4458"},"modified":"2025-06-21T15:26:03","modified_gmt":"2025-06-21T15:26:03","slug":"niedziela-xii-zwykla","status":"publish","type":"post","link":"https:\/\/www.chnk.pl\/?p=4458","title":{"rendered":"NIEDZIELA XII ZWYK\u0141A"},"content":{"rendered":"<p>&nbsp;<\/p>\n<p>&nbsp;<\/p>\n<p>OG\u0141OSZENIA DUSZPASTERSKIE<\/p>\n<p>NIEDZIELA XII ZWYK\u0141A<\/p>\n<p>22 czerwca 2025 r.<\/p>\n<p>1. W nawi\u0105zaniu do wielkiej tradycji naszego miasta zapraszamy do udzia\u0142u w uroczystej procesji ku czci Naj\u015bwi\u0119tszego Serca Pana Jezusa. Program pi\u0105tkowej uroczysto\u015bci w dniu 27 czerwca br. jest nast\u0119puj\u0105cy: Msz\u0119 \u015bw. o godz. 1900 z homili\u0105 w ko\u015bciele pw. Naj\u015bwi\u0119tszego Serca Jezusa i \u015bw. Floriana na Je\u017cycach odprawi Ksi\u0105dz Biskup Grzegorz Balcerek, po czym nast\u0105pi procesja Eucharystyczna, kt\u00f3ra przejdzie na plac Mickiewicza. Na zako\u0144czenie procesji odb\u0119dzie si\u0119 nabo\u017ce\u0144stwo wynagradzaj\u0105ce Naj\u015bwi\u0119tszemu Sercu Pana Jezusa. W naszej parafii odm\u00f3wimy Akt zawierzenia na mszy \u015bw. o godz. 8.00 i 18.00. Z racji Uroczysto\u015bci nie obowi\u0105zuje post. Stolica Apostolska ustanowi\u0142a uroczysto\u015b\u0107 Naj\u015bwi\u0119tszego Serca Jezusowego dniem modlitw wiernych o \u015bwi\u0119to\u015b\u0107 kap\u0142an\u00f3w.<\/p>\n<p>2. B\u00f3g zap\u0142a\u0107 parafianom za udzia\u0142 w uroczysto\u015bci Bo\u017cego Cia\u0142a. B\u00f3g zap\u0142a\u0107 dziewczynkom sypi\u0105cym kwiaty i ich mamom, s\u0142u\u017cbie liturgicznej i scholi, panom przygotowuj\u0105cym konstrukcje o\u0142tarzy i nios\u0105cym baldachim, paniom za dekoracje o\u0142tarzy, za dekoracje okien i balkon\u00f3w, za p\u0142atki kwiat\u00f3w. Trwa oktawa tego \u015bwi\u0119ta, zach\u0119camy do licznego udzia\u0142u we mszy \u015bw. wieczornej i procesji eucharystycznej.<\/p>\n<p>3. W czwartek, na zako\u0144czenie Oktawy Bo\u017cego Cia\u0142a w naszej Parafii, zapraszamy na spotkanie przy kawie w salkach parafialnych i na dziedzi\u0144cu.<\/p>\n<p>4. Msza \u015bw. na zako\u0144czenie roku szkolnego w czwartek o godz. 11.00. Prosimy, aby dzieci przysz\u0142y na t\u0119 msz\u0119 \u015bw. od\u015bwi\u0119tnie ubrane. Okazja do spowiedzi \u015bw. dla tych dzieci w \u015brod\u0119 od godz. 16.30 do 18.00.<\/p>\n<p>5. W pi\u0105tek spotkanie duszpasterstwa m\u0142odzie\u017cy w salce o godz. 19.15.<\/p>\n<p>6. Parafia organizuje zaj\u0119cia wakacyjne dla dzieci ze szko\u0142y podstawowej od 5 do 8 sierpnia. Dziecko mo\u017ce uczestniczy\u0107 w jednym, dw\u00f3ch, trzech lub czterech dniach. Ka\u017cdego dnia planowane jest wyj\u015bcie oraz drugie \u015bniadanie. Koszt 50 z\u0142 za dzie\u0144 od dziecka. Szczeg\u00f3\u0142y, program i deklaracje zg\u0142oszenia dziecka do zabrania w ko\u015bciele ze stolika pod ch\u00f3rem. Zapisy: 23.06 w godz. 19:30 \u2013 20:30, w salce parafialnej (wej\u015bcie z dziedzi\u0144ca), wy\u0142\u0105cznie z wype\u0142nionymi deklaracjami (na ka\u017cdy dzie\u0144 osobna deklaracja) i p\u0142atno\u015bci\u0105 w got\u00f3wce.<\/p>\n<p>7. W lipcu i sierpniu (plan og\u00f3lny) zmienione godziny odprawiania Mszy \u015bw. w dni powszednie i niedziele oraz zmienione godziny urz\u0119dowania Biura Parafialnego. W niedziele wakacyjne nie ma mszy \u015bw. o godz. 12.30. Msza \u015bw. o godz. 8.00: w poniedzia\u0142ki, \u015brody i pi\u0105tki, a o godz.18.00 we wtorki, czwartki i soboty. Nowenna do Matki Bo\u017cej Nieustaj\u0105cej Pomocy w \u015brod\u0119 o godz. 8.00. R\u00f3\u017caniec do Matki Bo\u017cej Patronki Dobrej \u015amierci we wtorki o godz. 17.30. Biuro Parafialne: poniedzia\u0142ek rano od godz. 9.00 do 10.30, czwartek po po\u0142udniu godz. 16.00 do 17.30, sobota godz. 19.00 do 20.00. Spowied\u017a \u015bw. p\u00f3\u0142 godziny przed msz\u0105 \u015bw. i w sobot\u0119 od godz. 16.00 -18.00.<\/p>\n<p>8. Dzisiaj przed ko\u015bcio\u0142em kwesta na KUL i Wydzia\u0142 Teologiczny,<\/p>\n<p>9. Zach\u0119camy do czytania prasy religijnej. Przy zakrystii: Przewodnik Katolicki, Ma\u0142y Przewodnik Katolicki, Go\u015b\u0107 Niedzielny Go\u015b\u0107 Niedzielny Historia i gazeta parafialna.<\/p>\n<p>10. M\u00f3dlmy si\u0119 o pok\u00f3j w Ziemi \u015awi\u0119tej, Bliskim Wschodzie i Ukrainie. \u015awi\u0119ty Bo\u017ce, \u015awi\u0119ty Mocny, \u015awi\u0119ty a Nie\u015bmiertelny. Zmi\u0142uj si\u0119 nad nami.<\/p>\n<p>LIPIEC I SIERPIE\u0143<\/p>\n<p>W niedziele wakacyjne nie ma mszy \u015bw. o godz. 12.30.<\/p>\n<p>W dni powszednie<\/p>\n<p>Msza \u015bw. o godz. 8.00 w poniedzia\u0142ek, \u015brod\u0119 i pi\u0105tek<\/p>\n<p>o godz.18.00 we wtorek, czwartek i sobot\u0119.<\/p>\n<p>Nowenna do Matki Bo\u017cej Nieustaj\u0105cej Pomocy<\/p>\n<p>w \u015brod\u0119 o godz. 8.00.<\/p>\n<p>R\u00f3\u017caniec do Matki Bo\u017cej Patronki Dobrej \u015amierci<\/p>\n<p>i Nowenna do \u015bw. J\u00f3zefa we wtorek o godz. 17.30.<\/p>\n<p>Biuro Parafialne: poniedzia\u0142ek godz. 9.00 do 10.30, czwartek godz. 16.00 do 17.30, sobota godz. 19.00 do 20.00.<\/p>\n<p>Spowied\u017a \u015bw. p\u00f3\u0142 godziny przed msz\u0105 \u015bw. i w sobot\u0119 od godz. 16.00 -18.00.<\/p>\n<p>Msza \u015bw. niedzielna w godzinach p\u00f3\u017aniejszych w najbli\u017cszych parafiach.<\/p>\n<p>Parafia Pierwszych Polskich M\u0119czennik\u00f3w, os. Tysi\u0105clecia &#8211; godz. 20.00,<\/p>\n<p>Parafia \u015bw. \u0141ukasza, os. Rusa &#8211; godz. 20.30<\/p>\n<p>&nbsp;<\/p>\n<p>&nbsp;<\/p>\n<p>&nbsp;<\/p>\n<p>&nbsp;<\/p>\n<p>&nbsp;<\/p>\n<p>&nbsp;<\/p>\n<p>&nbsp;<\/p>\n<p>&nbsp;<\/p>\n<p>&nbsp;<\/p>\n<p>&nbsp;<\/p>\n<p>&nbsp;<\/p>\n<p>&nbsp;<\/p>\n<p>&nbsp;<\/p>\n<p>&nbsp;<\/p>\n<p>&nbsp;<\/p>\n<p>&nbsp;<\/p>\n<p>&nbsp;<\/p>\n<p>&nbsp;<\/p>\n<p>&nbsp;<\/p>\n<p>&nbsp;<\/p>\n<p>&nbsp;<\/p>\n<p>&nbsp;<\/p>\n<p>&nbsp;<\/p>\n<p>&nbsp;<\/p>\n","protected":false},"excerpt":{"rendered":"<p>&nbsp; &nbsp; OG\u0141OSZENIA DUSZPASTERSKIE NIEDZIELA XII ZWYK\u0141A 22 czerwca 2025 r. 1. W nawi\u0105zaniu do wielkiej tradycji naszego miasta zapraszamy do udzia\u0142u w uroczystej procesji ku czci Naj\u015bwi\u0119tszego Serca Pana Jezusa. Program pi\u0105tkowej uroczysto\u015bci w dniu 27 czerwca br. jest nast\u0119puj\u0105cy: Msz\u0119 \u015bw. o godz. 1900 z homili\u0105 w ko\u015bciele pw. Naj\u015bwi\u0119tszego Serca Jezusa i &#8230; <span class=\"more\"><a class=\"more-link\" href=\"https:\/\/www.chnk.pl\/?p=4458\">czytaj wi\u0119cej<\/a><\/span><\/p>\n","protected":false},"author":3,"featured_media":0,"comment_status":"open","ping_status":"open","sticky":false,"template":"","format":"standard","meta":{"ngg_post_thumbnail":0,"footnotes":""},"categories":[1],"tags":[],"_links":{"self":[{"href":"https:\/\/www.chnk.pl\/index.php?rest_route=\/wp\/v2\/posts\/4458"}],"collection":[{"href":"https:\/\/www.chnk.pl\/index.php?rest_route=\/wp\/v2\/posts"}],"about":[{"href":"https:\/\/www.chnk.pl\/index.php?rest_route=\/wp\/v2\/types\/post"}],"author":[{"embeddable":true,"href":"https:\/\/www.chnk.pl\/index.php?rest_route=\/wp\/v2\/users\/3"}],"replies":[{"embeddable":true,"href":"https:\/\/www.chnk.pl\/index.php?rest_route=%2Fwp%2Fv2%2Fcomments&post=4458"}],"version-history":[{"count":1,"href":"https:\/\/www.chnk.pl\/index.php?rest_route=\/wp\/v2\/posts\/4458\/revisions"}],"predecessor-version":[{"id":4459,"href":"https:\/\/www.chnk.pl\/index.php?rest_route=\/wp\/v2\/posts\/4458\/revisions\/4459"}],"wp:attachment":[{"href":"https:\/\/www.chnk.pl\/index.php?rest_route=%2Fwp%2Fv2%2Fmedia&parent=4458"}],"wp:term":[{"taxonomy":"category","embeddable":true,"href":"https:\/\/www.chnk.pl\/index.php?rest_route=%2Fwp%2Fv2%2Fcategories&post=4458"},{"taxonomy":"post_tag","embeddable":true,"href":"https:\/\/www.chnk.pl\/index.php?rest_route=%2Fwp%2Fv2%2Ftags&post=4458"}],"curies":[{"name":"wp","href":"https:\/\/api.w.org\/{rel}","templated":true}]}}