{"id":4454,"date":"2025-06-14T19:00:06","date_gmt":"2025-06-14T19:00:06","guid":{"rendered":"https:\/\/www.chnk.pl\/?p=4454"},"modified":"2025-06-14T19:00:06","modified_gmt":"2025-06-14T19:00:06","slug":"niedziela-najswietszej-trojcy-3","status":"publish","type":"post","link":"https:\/\/www.chnk.pl\/?p=4454","title":{"rendered":"NIEDZIELA NAJ\u015aWI\u0118TSZEJ TR\u00d3JCY"},"content":{"rendered":"<p><strong>OG\u0141OSZENIA DUSZPASTERSKIE<\/strong><\/p>\n<p><strong>NIEDZIELA NAJ\u015aWI\u0118TSZEJ TR\u00d3JCY<\/strong><\/p>\n<p><strong>&nbsp;15 czerwca 2025 r.<\/strong><\/p>\n<ol>\n<li>W czwartek, Uroczysto\u015b\u0107 Naj\u015bwi\u0119tszego Cia\u0142a i Krwi Chrystusa (Bo\u017ce Cia\u0142o). Centralna procesja rozpocznie si\u0119 msz\u0105 \u015bw. w Parafii Bo\u017cego Cia\u0142a o godz. 10.00 i przejdzie do Katedry. Bo\u017ce Cia\u0142o jest publicznym wyznaniem wiary w Boga obecnego w Eucharystii, dajmy temu wyraz uczestnicz\u0105c w procesji og\u00f3lnomiejskiej. Msza \u015bw. w naszej Parafii w \u015brod\u0119 o godz. 18.00 (ju\u017c \u015bwi\u0105teczna) i w Bo\u017ce Cia\u0142o o godz. 8.00, 9.30, 11.15, r\u00f3\u017caniec o godz. 14.00 i msza \u015bw. 14.30 i po procesji oko\u0142o 16.00. Nie b\u0119dzie Mszy \u015bw. o godz. 12.30 i 18.00.&nbsp; Prosimy o udekorowanie okien i balkon\u00f3w, prosimy o to tak\u017ce tych parafian, kt\u00f3rzy wyje\u017cd\u017caj\u0105. W \u015brod\u0119 okazja do spowiedzi \u015bw. od godz. 16.30 do 18.00.&nbsp; W oktawie Bo\u017cego Cia\u0142a w dni powszednie msza \u015bw. o godz. 18.00 z procesj\u0105, a w niedziel\u0119 po mszy \u015bw. o godz. 9.30. Prosimy Pan\u00f3w do niesienia baldachimu. Dziewczynki (zw\u0142aszcza pierwszokomunijne) prosimy o sypanie kwiat\u00f3w w Bo\u017ce Cia\u0142o i w oktaw\u0119. Pr\u00f3ba sypania kwiat\u00f3w w \u015brod\u0119, przy ko\u015bciele, o godz. 17.00. Prosimy parafian o przynoszenie&nbsp; przez ca\u0142\u0105 oktaw\u0119 p\u0142atk\u00f3w kwiat\u00f3w i zostawianie ich przy zakrystii oraz zb\u0119dnych koszyczk\u00f3w do sypania kwiat\u00f3w. W Bo\u017ce Cia\u0142o bardzo potrzebny jest transport do przewiezienia konstrukcji o\u0142tarzy. Prosimy o pomoc.<\/li>\n<li>OKTAWA BO\u017bEGO CIA\u0141A: pi\u0105tek Koronka do Mi\u0142osierdzia Bo\u017cego o godz. 17.40 i w sobot\u0119 r\u00f3\u017caniec o godz. 17.30, o godz.18.00 &#8211; msza \u015bw., z nieszporami, Litania do Serca Pana Jezusa i procesja. Niedziela, 22.06: godz. 9.30 \u2013 msza \u015bw., Litania do Serca Pana Jezusa i procesja. Poniedzia\u0142ek, wtorek, \u015broda i czwartek: godz. 17.30 \u2013 r\u00f3\u017caniec, godz.18.00 &#8211; msza \u015bw. z nieszporami, Litania do Serca Pana Jezusa i procesja.<\/li>\n<li>Abp Zbigniew Zieli\u0144ski udzieli\u0142 diecezjanom oraz osobom przebywaj\u0105cym&nbsp;na terenie Archidiecezji Pozna\u0144skiej dyspensy od obowi\u0105zku zachowania wstrzemi\u0119\u017aliwo\u015bci od pokarm\u00f3w mi\u0119snych na pi\u0105tek po Bo\u017cym Ciele (20 czerwca br.). Kto skorzysta z dyspensy ma obowi\u0105zek pomodli\u0107 si\u0119 w intencji Ojca \u015bw., z\u0142o\u017cy\u0107 ja\u0142mu\u017cn\u0119 lub cz\u0119\u015bciej spe\u0142nia\u0107 uczynki mi\u0142osierdzia.<\/li>\n<li>Spotkanie duszpasterstwa m\u0142odzie\u017cy w pi\u0105tek o 19:15 w salce.<\/li>\n<li>Zbi\u00f3rka dla ministrant\u00f3w w sobot\u0119 godz. 10:30.<\/li>\n<li>Parafia organizuje zaj\u0119cia wakacyjne dla dzieci ze szko\u0142y podstawowej od 5 do 8 sierpnia. Dziecko mo\u017ce uczestniczy\u0107 w jednym, dw\u00f3ch, trzech lub czterech dniach. Ka\u017cdego dnia planowane jest wyj\u015bcie oraz drugie \u015bniadanie. Koszt 50 z\u0142 za dzie\u0144 od dziecka. Szczeg\u00f3\u0142y, program i deklaracje zg\u0142oszenia dziecka do zabrania w ko\u015bciele ze stolika pod ch\u00f3rem. Zapisy: 16.06 i 23.06 w godz. 19:30 \u2013 20:30, w salce parafialnej (wej\u015bcie z dziedzi\u0144ca), wy\u0142\u0105cznie z wype\u0142nionymi deklaracjami (na ka\u017cdy dzie\u0144 osobna deklaracja) i p\u0142atno\u015bci\u0105 w got\u00f3wce.<\/li>\n<li>W przysz\u0142\u0105 niedziel\u0119, przed ko\u015bcio\u0142em, kwesta na KUL i Wydzia\u0142 Teologiczny.<\/li>\n<li>Zach\u0119camy do czytania prasy katolickiej. Przy zakrystii: <em>Przewodnik Katolicki, Go\u015b\u0107 Niedzielny, Go\u015b\u0107 Niedzielny Extra-Historia, Ma\u0142y Przewodnik Katolicki, <\/em>gazeta parafialna.<\/li>\n<li>M\u00f3dlmy si\u0119 za zmar\u0142ych Parafian. Za dusz\u0119 \u015bp. Stanis\u0142awa \u015awi\u0105tkowskiego, os. Lecha 70. Pogrzeb w Kozieg\u0142owach, w Par. Matki Bo\u017cej Fatimskiej, w pi\u0105tek o godz. 11.00 i dusz\u0119 \u015bp. Jadwigi Roszyk, os. Lecha 100, msza \u015bw. pogrzebowa w \u015brod\u0119 o godz. 9.00. Wieczny odpoczynek racz zmar\u0142ym da\u0107 Panie.<\/li>\n<li>M\u00f3dlmy si\u0119 o pok\u00f3j w Ukrainie i w Ziemi \u015awi\u0119tej. \u015awi\u0119ty Bo\u017ce! \u015awi\u0119ty Mocny! \u015awi\u0119ty Nie\u015bmiertelny! Zmi\u0142uj si\u0119 nad nami!<\/li>\n<\/ol>\n<p><strong>&nbsp;<\/strong><\/p>\n<p>&nbsp;<\/p>\n<p>&nbsp;<\/p>\n<p><strong>&nbsp;<\/strong><\/p>\n<p><strong>UROCZYSTO\u015a\u0106 BO\u017bEGO CIA\u0141A I OKTAWA<\/strong><\/p>\n<p>&nbsp;<\/p>\n<p>&nbsp;<\/p>\n<p><strong>BO\u017bE CIA\u0141O 19.06.2024 r. Msza \u015bw.:<\/strong><\/p>\n<p>(w przeddzie\u0144) \u015broda: godz. 17.30 r\u00f3\u017caniec, 18.00 &#8211; msza \u015bw., czwartek: 8.00,&nbsp; 9.30,&nbsp; 11.15, r\u00f3\u017caniec o godz. 14.00, msza \u015bw. o godz. 14.30 i 16.00 (po procesji) Nie ma mszy \u015bw.&nbsp; o godz. 12.30 i 18.00<\/p>\n<p>&nbsp;<\/p>\n<p><strong>OKTAWA BO\u017bEGO CIA\u0141A<\/strong>&nbsp;<\/p>\n<p><u>&nbsp;<\/u><\/p>\n<p><u>pi\u0105tek, 20<\/u>.6. godz. 17.30 r\u00f3\u017caniec, godz.18.00 &#8211; nieszpory, msza \u015bw. Litania do Naj\u015bwi\u0119tszego Serca Pana Jezusa i procesja.<\/p>\n<p><u>&nbsp;<\/u><\/p>\n<p><u>Sobota<\/u>, 21.6. godz. 17.30 r\u00f3\u017caniec, godz. 18.00 &#8211; nieszpory, msza \u015bw., Litania do Serca Pana Jezusa i procesja.<\/p>\n<p><u>&nbsp;<\/u><\/p>\n<p><u>niedziela<\/u>, 22.6. &nbsp;godz.&nbsp; 9.30 \u2013 msza \u015bw., Litania do Serca Pana Jezusa&nbsp;&nbsp;&nbsp;&nbsp;&nbsp;&nbsp;&nbsp;&nbsp;&nbsp;&nbsp;&nbsp;&nbsp;&nbsp;&nbsp;&nbsp;&nbsp;&nbsp;&nbsp;&nbsp;&nbsp; i procesja, godz. 17.25 \u2013 r\u00f3\u017caniec w intencji rodzin.&nbsp;&nbsp;&nbsp;&nbsp;<\/p>\n<p><u>&nbsp;<\/u><\/p>\n<p><u>poniedzia\u0142ek<\/u>, 23.6. godz. 17.30 &#8211; r\u00f3\u017caniec, godz.18.00 \u2013 nieszpory, msza \u015bw., Litania do Serca Pana Jezusa i procesja<\/p>\n<p><u>&nbsp;<\/u><\/p>\n<p><u>wtorek <\/u>, 24.6. godz.17.30 r\u00f3\u017caniec, godz. 18.00 &#8211; nieszpory, msza \u015bw., Litania do Serca Pana Jezusa i procesja<\/p>\n<p><u>&nbsp;<\/u><\/p>\n<p><u>\u015broda<\/u>, 25.6. godz.18.00 &#8211; nieszpory, msza \u015bw.,&nbsp; Litania do Serca Pana Jezusa i procesja<\/p>\n<p><u>&nbsp;<\/u><\/p>\n<p><u>czwartek<\/u>, 26.6. godz.17.30 r\u00f3\u017caniec, godz. 18.00 &#8211; nieszpory, msza \u015bw., Litania do Serca Pana Jezusa i procesja<\/p>\n<p>&nbsp;<\/p>\n<p>&nbsp;<\/p>\n<p>&nbsp;<\/p>\n<p>&nbsp;<\/p>\n<p>&nbsp;<\/p>\n<p>&nbsp;<\/p>\n<p>&nbsp;<\/p>\n<p>&nbsp;&nbsp;&nbsp;&nbsp;&nbsp;&nbsp;&nbsp;&nbsp;&nbsp;&nbsp;&nbsp;&nbsp;&nbsp;&nbsp;&nbsp;&nbsp;&nbsp;&nbsp;&nbsp;&nbsp;&nbsp;&nbsp;&nbsp;&nbsp;&nbsp; <strong>&nbsp;\u201eStanowczy sprzeciw wobec dzia\u0142a\u0144 MEN\u201d<\/strong><\/p>\n<p>O\u015bwiadczenie Dyrektor\u00f3w Wydzia\u0142\u00f3w Katechetycznych<\/p>\n<p>Dyrektorzy Wydzia\u0142\u00f3w Katechetycznych diecezji w Polsce na konferencji pod kierownictwem Ks. Bpa Wojciecha Osiala, Przewodnicz\u0105cego Komisji Wychowania Katolickiego KEP, wyra\u017caj\u0105 stanowczy sprzeciw wobec dzia\u0142a\u0144 Ministerstwa Edukacji Narodowej dotycz\u0105cych szkolnych lekcji religii. Dzia\u0142ania te uk\u0142adaj\u0105 si\u0119 w pakiet zmian, kt\u00f3re s\u0105 jawn\u0105 <strong>dyskryminacj\u0105 dzieci i m\u0142odzie\u017cy<\/strong> uczestnicz\u0105cych w szkolnych lekcjach religii, ich rodzic\u00f3w oraz nauczycieli religii.<\/p>\n<p>Dyrektorzy podkre\u015blaj\u0105, \u017ce wszelkie zmiany winny dokonywa\u0107 si\u0119 zawsze zgodnie z prawem, na drodze&nbsp; dialogu i w porozumieniu z&nbsp; Ko\u015bcio\u0142ami i zwi\u0105zkami wyznaniowymi. Konieczne jest zawsze wypracowanie porozumienia strony rz\u0105dowej z w\u0142adzami Ko\u015bcio\u0142a i zwi\u0105zk\u00f3w wyznaniowych. Wynika to z zapis\u00f3w w Ustawie o systemie o\u015bwiaty, Konstytucji RP oraz Konkordatu.&nbsp; Jedynie na drodze dialogu i wsp\u00f3\u0142pracy mo\u017cna w\u0142a\u015bciwie troszczy\u0107 si\u0119 o rozw\u00f3j m\u0142odych pokole\u0144 Polek i Polak\u00f3w.&nbsp;&nbsp;<\/p>\n<ol>\n<li>Form\u0105 <strong>nier\u00f3wno\u015bci i niesprawiedliwego traktowania uczni\u00f3w i nauczycieli religii <\/strong>jest wprowadzana przez Ministerstwo mo\u017cliwo\u015b\u0107 zwi\u0119kszania grup poprzez \u0142\u0105czenie uczni\u00f3w z r\u00f3\u017cnych klas i poziom\u00f3w edukacyjnych: do 25 os\u00f3b w klasach I-III i do 30 os\u00f3b w klasach IV-VIII szk\u00f3\u0142 podstawowych oraz w szko\u0142ach ponadpodstawowych. Ministerstwo planuje \u0142\u0105czenie klas w grupy bez uwzgl\u0119dniania wieku dzieci. Sytuacja, w kt\u00f3rej uczniowie z klas IV szko\u0142y podstawowej znajd\u0105 si\u0119 na jednej lekcji z uczniami klas VIII jest sprzeczna z zasadami dydaktycznymi.<\/li>\n<li>Ministerstwo podj\u0119\u0142o decyzj\u0119, \u017ce ocena z religii nie b\u0119dzie wliczana do \u015bredniej ocen. Dziecko nie jest w stanie zrozumie\u0107, dlaczego jego wysi\u0142ek na lekcjach religii nie jest doceniony w ten sam spos\u00f3b, jak w przypadku innych przedmiot\u00f3w.<\/li>\n<li>Umieszczanie lekcji religii jedynie na pocz\u0105tku i na ko\u0144cu zaj\u0119\u0107 jest form\u0105 <strong>dyskryminacji, segregacji i nietolerancji wobec os\u00f3b wierz\u0105cych<\/strong>. Jest to krzywdz\u0105ce wobec uczni\u00f3w i ich rodzic\u00f3w. Godzi r\u00f3wnie\u017c w podstawowe <strong>prawa nauczycieli religii<\/strong>, okre\u015blone m.in. w Karcie Nauczyciela.<\/li>\n<li>Dyrektorzy wyra\u017caj\u0105 sprzeciw wobec plan\u00f3w zmniejszenia ilo\u015bci lekcji religii do jednej tygodniowo. Nauczyciele religii uczestnicz\u0105 w realizacji szkolnych program\u00f3w profilaktyczno-wychowawczych. Kszta\u0142tuj\u0105 postawy proekologiczne, spo\u0142eczne, dotycz\u0105ce zdrowia fizycznego i&nbsp; psychicznego. Organizacja lekcji religii w przestrzeni szkolnej jest wype\u0142nieniem konstytucyjnego prawa rodzic\u00f3w do wychowania i nauczania religijnego zgodnie ze swoimi przekonaniami (art. 53, ust. 3 Konstytucji). Jest te\u017c dla rodzic\u00f3w u\u0142atwieniem, gdy\u017c cz\u0119sto zapracowani, z wielk\u0105 trudno\u015bci\u0105 doprowadzaliby dzieci na zaj\u0119cia przy parafii. Wprowadzanie zmian&nbsp; odbywa si\u0119 do tej pory bez wymaganego przez prawo porozumienia&nbsp; ze stron\u0105 ko\u015bcieln\u0105.&nbsp; Pa\u0144stwo demokratyczne powinno respektowa\u0107 prawa wszystkich obywateli \u2013 zar\u00f3wno wierz\u0105cych, jak i niewierz\u0105cych. Osoby odpowiedzialne za katechizacj\u0119 i szkolne nauczanie religii w Polsce prosz\u0105 Rodzic\u00f3w i wszystkich ludzi dobrej woli o aktywne w\u0142\u0105czenie si\u0119 w obron\u0119 obecno\u015bci lekcji religii w polskiej szkole. Wysy\u0142ajmy do Ministerstwa nasz sprzeciw w tej sprawie na adres: <a href=\"mailto:kancelaria@men.gov.pl\">kancelaria@men.gov.pl<\/a>.<\/li>\n<\/ol>\n<p>&nbsp;<\/p>\n<p>Dyrektorzy Wydzia\u0142\u00f3w Katechetycznych<\/p>\n<p>&nbsp;<\/p>\n<p>Stegna, 23 maja 2024 r.<\/p>\n","protected":false},"excerpt":{"rendered":"<p>OG\u0141OSZENIA DUSZPASTERSKIE NIEDZIELA NAJ\u015aWI\u0118TSZEJ TR\u00d3JCY &nbsp;15 czerwca 2025 r. W czwartek, Uroczysto\u015b\u0107 Naj\u015bwi\u0119tszego Cia\u0142a i Krwi Chrystusa (Bo\u017ce Cia\u0142o). Centralna procesja rozpocznie si\u0119 msz\u0105 \u015bw. w Parafii Bo\u017cego Cia\u0142a o godz. 10.00 i przejdzie do Katedry. Bo\u017ce Cia\u0142o jest publicznym wyznaniem wiary w Boga obecnego w Eucharystii, dajmy temu wyraz uczestnicz\u0105c w procesji og\u00f3lnomiejskiej. Msza &#8230; <span class=\"more\"><a class=\"more-link\" href=\"https:\/\/www.chnk.pl\/?p=4454\">czytaj wi\u0119cej<\/a><\/span><\/p>\n","protected":false},"author":3,"featured_media":0,"comment_status":"open","ping_status":"open","sticky":false,"template":"","format":"standard","meta":{"ngg_post_thumbnail":0,"footnotes":""},"categories":[1],"tags":[],"_links":{"self":[{"href":"https:\/\/www.chnk.pl\/index.php?rest_route=\/wp\/v2\/posts\/4454"}],"collection":[{"href":"https:\/\/www.chnk.pl\/index.php?rest_route=\/wp\/v2\/posts"}],"about":[{"href":"https:\/\/www.chnk.pl\/index.php?rest_route=\/wp\/v2\/types\/post"}],"author":[{"embeddable":true,"href":"https:\/\/www.chnk.pl\/index.php?rest_route=\/wp\/v2\/users\/3"}],"replies":[{"embeddable":true,"href":"https:\/\/www.chnk.pl\/index.php?rest_route=%2Fwp%2Fv2%2Fcomments&post=4454"}],"version-history":[{"count":1,"href":"https:\/\/www.chnk.pl\/index.php?rest_route=\/wp\/v2\/posts\/4454\/revisions"}],"predecessor-version":[{"id":4455,"href":"https:\/\/www.chnk.pl\/index.php?rest_route=\/wp\/v2\/posts\/4454\/revisions\/4455"}],"wp:attachment":[{"href":"https:\/\/www.chnk.pl\/index.php?rest_route=%2Fwp%2Fv2%2Fmedia&parent=4454"}],"wp:term":[{"taxonomy":"category","embeddable":true,"href":"https:\/\/www.chnk.pl\/index.php?rest_route=%2Fwp%2Fv2%2Fcategories&post=4454"},{"taxonomy":"post_tag","embeddable":true,"href":"https:\/\/www.chnk.pl\/index.php?rest_route=%2Fwp%2Fv2%2Ftags&post=4454"}],"curies":[{"name":"wp","href":"https:\/\/api.w.org\/{rel}","templated":true}]}}