{"id":4429,"date":"2025-05-31T20:04:03","date_gmt":"2025-05-31T20:04:03","guid":{"rendered":"https:\/\/www.chnk.pl\/?p=4429"},"modified":"2025-05-31T20:04:12","modified_gmt":"2025-05-31T20:04:12","slug":"wniebowstapienie-panskie-4","status":"publish","type":"post","link":"https:\/\/www.chnk.pl\/?p=4429","title":{"rendered":"WNIEBOWST\u0104PIENIE PA\u0143SKIE"},"content":{"rendered":"<p>OG\u0141OSZENIA DUSZPASTERSKIE<\/p>\n<p>WNIEBOWST\u0104PIENIE PA\u0143SKIE<\/p>\n<p>&nbsp; &nbsp; &nbsp; &nbsp; &nbsp; &nbsp; &nbsp; &nbsp; &nbsp; &nbsp; &nbsp; &nbsp; &nbsp; &nbsp; &nbsp; &nbsp; &nbsp; &nbsp; &nbsp; &nbsp; &nbsp; &nbsp; &nbsp; &nbsp; &nbsp; &nbsp; &nbsp; &nbsp; &nbsp; &nbsp; &nbsp; &nbsp; &nbsp; &nbsp; &nbsp; &nbsp; &nbsp; &nbsp; &nbsp; &nbsp; &nbsp;1 czerwca 2025 r.<\/p>\n<p>1. Bia\u0142y Tydzie\u0144 od poniedzia\u0142ku do pi\u0105tku o godz. 18.00. Rocznica I Komunii \u015bw. w czwartek, 5 czerwca br., na mszy \u015bw. o godz. 19.15. Dzieci uczestnicz\u0105 w strojach pierwszokomunijnych lub innych od\u015bwi\u0119tnych. Na t\u0119 uroczyst\u0105 msz\u0119 \u015bw. dzieci przynosz\u0105 ksi\u0105\u017ceczki pierwszopi\u0105tkowe. Okazja do spowiedzi \u015bw. dla tych dzieci i rodzic\u00f3w w \u015brod\u0119 od godz. 16.00 do 17.30.<\/p>\n<p>2. W tym tygodniu: I czwartek, I pi\u0105tek i I sobota miesi\u0105ca miesi\u0105ca. Adoracja Naj\u015bwi\u0119tszego Sakramentu w czwartek od godz. 8.00 do 10.30. Miesi\u0119czna spowied\u017a \u015bw. dla dzieci i m\u0142odzie\u017cy w pi\u0105tek od godz. 15.00, komunia \u015bw. pierwszopi\u0105tkowa o godz. 16.30.<\/p>\n<p>W sobot\u0119 r\u00f3\u017caniec do Niepokalanego Serca Matki Bo\u017cej o godz. 7.15. W pi\u0105tek i w sobot\u0119 odwiedziny chorych z sakramentami \u015bw. wed\u0142ug sta\u0142ego planu.<\/p>\n<p>3. Spotkanie duszpasterstwa m\u0142odzie\u017cy w pi\u0105tek o godz. 19.15 w salce parafialnej.<\/p>\n<p>4. Zapraszamy na czuwanie modlitewne w Wigili\u0119 Zes\u0142ania Ducha \u015awi\u0119tego w sobot\u0119, 7 czerwca od godz. 20:00 do 21:00. Liturgia S\u0142owa. Adoracja Naj\u015bw. Sakramentu, Schola.<\/p>\n<p>5. Stowarzyszenie Katechet\u00f3w \u015awieckich przygotowa\u0142o obywatelsk\u0105 inicjatyw\u0119 ustawodawcz\u0105 postuluj\u0105c\u0105 nauk\u0119 religii lub etyki w szkole, na takich zasadach, jak inne przedmioty. Projekt zak\u0142ada przekaz warto\u015bci, kt\u00f3re ukszta\u0142towa\u0142y nasz\u0105 cywilizacj\u0119 i tak\u017ce mog\u0105 wspiera\u0107 rodzic\u00f3w w wychowaniu dzieci i m\u0142odzie\u017cy. Projekt uzyska\u0142 poparcie Konferencji Episkopatu Polski oraz wielu organizacji nauczycieli i rodzic\u00f3w. Zebranie 100 tysi\u0119cy podpis\u00f3w, umo\u017cliwi skierowanie projektu pod obrady Sejmu. Z projektem ustawy mo\u017cna zapozna\u0107 si\u0119 na stronie internetowej: https:\/\/wartoscidlaprzyszlosci.pl\/ Gor\u0105co zach\u0119camy do sk\u0142adania podpis\u00f3w pod powy\u017cszym projektem, co b\u0119dzie mo\u017cliwe w parafiach Archidiecezji Pozna\u0144skiej (i innych diecezjach) w niedziele 8 i 15 czerwca, przed i po ka\u017cdej Mszy \u015bwi\u0119tej. Prosimy o zabranie dowodu to\u017csamo\u015bci.<\/p>\n<p>6. Zbli\u017ca si\u0119 Uroczysto\u015b\u0107 Bo\u017cego Cia\u0142a. Prosimy, aby o\u0142tarze przygotowali: I &#8211; Rodzice dzieci klas trzecich. II &#8211; Rodzice ministrant\u00f3w III &#8211; M\u0142odzie\u017c i m\u0142ode ma\u0142\u017ce\u0144stwa, IV &#8211; Wsp\u00f3lnoty R\u00f3\u017ca\u0144cowe.<\/p>\n<p>7. Zach\u0119camy do czytania prasy katolickiej. Przy zakrystii: Przewodnik Katolicki, Ma\u0142y Przewodnik Katolicki, 5 minut z Bogiem na czerwiec, Go\u015b\u0107 Niedzielny, Go\u015b\u0107 Niedzielny Extra, Ziarno, gazeta parafialna.<\/p>\n<p>8. M\u00f3dlmy si\u0119 za zmar\u0142ych. Za dusz\u0119 \u015bp. Grzegorza Senatora, os. Lecha 125. Pogrzeb 13 czerwca o godz. 11.50 na Junikowie. Wieczny odpoczynek raz zmar\u0142ym da\u0107 Panie.<\/p>\n<p>9. M\u00f3dlmy si\u0119 o pok\u00f3j w Ukrainie i Ziemi \u015awi\u0119tej. M\u00f3dlmy si\u0119 w intencji rych\u0142ej odbudowy Pomnika Naj\u015bwi\u0119tszego Serca Pana Jezusa w Poznaniu, kt\u00f3ry przypomina\u0142 o przymierzu z Bogiem jako warunku niepodleg\u0142o\u015bci Ojczyzny. \u015awi\u0119ty Bo\u017ce, \u015awi\u0119ty Mocny, \u015awi\u0119ty a Nie\u015bmiertelny. Zmi\u0142uj si\u0119 nad nami.<\/p>\n<p>&nbsp;<\/p>\n<p>&nbsp;<\/p>\n<p>&nbsp;<\/p>\n<p>&nbsp;<\/p>\n<p>&nbsp;<\/p>\n<p>&nbsp;<\/p>\n<p>&nbsp;<\/p>\n<p>&nbsp;<\/p>\n<p>&nbsp;<\/p>\n<p>&nbsp;<\/p>\n<p>&nbsp;<\/p>\n<p>&nbsp;<\/p>\n<p>&nbsp;<\/p>\n<p>&nbsp;<\/p>\n<p>&nbsp;<\/p>\n<p>&nbsp;<\/p>\n<p>&nbsp;<\/p>\n<p>&nbsp;<\/p>\n<p>&nbsp;<\/p>\n<p>&nbsp;<\/p>\n","protected":false},"excerpt":{"rendered":"<p>OG\u0141OSZENIA DUSZPASTERSKIE WNIEBOWST\u0104PIENIE PA\u0143SKIE &nbsp; &nbsp; &nbsp; &nbsp; &nbsp; &nbsp; &nbsp; &nbsp; &nbsp; &nbsp; &nbsp; &nbsp; &nbsp; &nbsp; &nbsp; &nbsp; &nbsp; &nbsp; &nbsp; &nbsp; &nbsp; &nbsp; &nbsp; &nbsp; &nbsp; &nbsp; &nbsp; &nbsp; &nbsp; &nbsp; &nbsp; &nbsp; &nbsp; &nbsp; &nbsp; &nbsp; &nbsp; &nbsp; &nbsp; &nbsp; &nbsp;1 czerwca 2025 r. 1. Bia\u0142y Tydzie\u0144 od poniedzia\u0142ku do pi\u0105tku &#8230; <span class=\"more\"><a class=\"more-link\" href=\"https:\/\/www.chnk.pl\/?p=4429\">czytaj wi\u0119cej<\/a><\/span><\/p>\n","protected":false},"author":3,"featured_media":0,"comment_status":"open","ping_status":"open","sticky":false,"template":"","format":"standard","meta":{"ngg_post_thumbnail":0,"footnotes":""},"categories":[1],"tags":[],"_links":{"self":[{"href":"https:\/\/www.chnk.pl\/index.php?rest_route=\/wp\/v2\/posts\/4429"}],"collection":[{"href":"https:\/\/www.chnk.pl\/index.php?rest_route=\/wp\/v2\/posts"}],"about":[{"href":"https:\/\/www.chnk.pl\/index.php?rest_route=\/wp\/v2\/types\/post"}],"author":[{"embeddable":true,"href":"https:\/\/www.chnk.pl\/index.php?rest_route=\/wp\/v2\/users\/3"}],"replies":[{"embeddable":true,"href":"https:\/\/www.chnk.pl\/index.php?rest_route=%2Fwp%2Fv2%2Fcomments&post=4429"}],"version-history":[{"count":1,"href":"https:\/\/www.chnk.pl\/index.php?rest_route=\/wp\/v2\/posts\/4429\/revisions"}],"predecessor-version":[{"id":4430,"href":"https:\/\/www.chnk.pl\/index.php?rest_route=\/wp\/v2\/posts\/4429\/revisions\/4430"}],"wp:attachment":[{"href":"https:\/\/www.chnk.pl\/index.php?rest_route=%2Fwp%2Fv2%2Fmedia&parent=4429"}],"wp:term":[{"taxonomy":"category","embeddable":true,"href":"https:\/\/www.chnk.pl\/index.php?rest_route=%2Fwp%2Fv2%2Fcategories&post=4429"},{"taxonomy":"post_tag","embeddable":true,"href":"https:\/\/www.chnk.pl\/index.php?rest_route=%2Fwp%2Fv2%2Ftags&post=4429"}],"curies":[{"name":"wp","href":"https:\/\/api.w.org\/{rel}","templated":true}]}}