{"id":4390,"date":"2025-05-25T11:00:51","date_gmt":"2025-05-25T11:00:51","guid":{"rendered":"https:\/\/www.chnk.pl\/?p=4390"},"modified":"2025-05-27T08:43:08","modified_gmt":"2025-05-27T08:43:08","slug":"niedziela-vi-wielkanocna","status":"publish","type":"post","link":"https:\/\/www.chnk.pl\/?p=4390","title":{"rendered":"NIEDZIELA VI WIELKANOCNA"},"content":{"rendered":"<p>&nbsp;<\/p>\n<p>OG\u0141OSZENIA DUSZPASTERSKIE<\/p>\n<p>NIEDZIELA VI WIELKANOCNA<\/p>\n<p>25 maja 2025 r.<\/p>\n<p>1. Kalendarz liturgiczny: poniedzia\u0142ek \u2013 \u015bw. Filipa Neri , wtorek \u2013 \u015bw. Augustyna z Canterbury \u015broda \u2013 b\u0142. Stefana Wyszy\u0144skiego, biskupa, czwartek \u2013 \u015bw. Urszuli Led\u00f3chowskiej, patronki Archidiecezji, pi\u0105tek &#8211; \u015bw. Jana Sankandra, sobota \u2013 \u015bwi\u0119to Nawiedzenia NMP<\/p>\n<p>2. Od poniedzia\u0142ku do soboty zapraszamy na r\u00f3\u017caniec o godz. 7.30, w intencji naszej Ojczyzny, w ramach R\u00f3\u017ca\u0144cowego Jerycha. Nabo\u017ce\u0144stwa majowe codziennie o godz. 17.30. W \u015brod\u0119 nowenna do Matki Bo\u017cej Nieustaj\u0105cej Pomocy w \u0142\u0105czno\u015bci z majowym nabo\u017ce\u0144stwem.<\/p>\n<p>3. W poniedzia\u0142ek Dzie\u0144 Matki. Modlitw\u0119 w ich intencji podejmiemy w r\u00f3\u017ca\u0144cu.<\/p>\n<p>4. W poniedzia\u0142ek, wtorek i \u015brod\u0119 kwartalne dni modlitwy o dobre urodzaje i za kraje g\u0142oduj\u0105ce. We wtorek po mszy \u015bw. porannej procesja b\u0142agalna do krzy\u017ca z litani\u0105 do \u015awi\u0119tych Pa\u0144skich.<\/p>\n<p>5. W przysz\u0142\u0105 niedziel\u0119, w uroczysto\u015b\u0107 Wniebowst\u0105pienia Pa\u0144skiego, o godz. 11.00, czterna\u015bcioro dzieci przyst\u0105pi do I Komunii \u015bw. Prosimy wszystkich zwykle uczestnicz\u0105cych we mszy \u015bw. o godz. 11.15, aby w przysz\u0142\u0105 niedziel\u0119 wybrali inn\u0105 godzin\u0119.<\/p>\n<p>6. Dzieci pierwszokomunijne \u2013 pr\u00f3by liturgiczne w czwartek i w pi\u0105tek o godz. 16.00, rozpocz\u0119cie przy krzy\u017cu. Spowied\u017a \u015bw. dzieci w sobot\u0119: o godz. 10.15. Spowied\u017a \u015bw. dla rodzin w sobot\u0119 od godz. 7.15 do 8.00 i od 16.00 do 18.00. Dekorowanie ko\u015bcio\u0142a przez rodzic\u00f3w w pi\u0105tek o godz. 19.00.<\/p>\n<p>7. Rocznica I Komunii \u015bw. w czwartek, 5 czerwca na mszy \u015bw. o godz. 19.15. Zebranie rodzic\u00f3w tych dzieci w poniedzia\u0142ek, 26 maja o godz. 19.00 w ko\u015bciele.<\/p>\n<p>8. <strong>W tym tygodniu ks. Proboszcz obchodzi 50 rocznic\u0119 \u015bwi\u0119ce\u0144 kap\u0142a\u0144skich. Z tej racji odprawi msze \u015bw w pi\u0105tek 30 maja o godz. 8.00 oraz w niedziele 1 i 8 czerwca o godz. 12.30. Kap\u0142ani z tego rocznika odprawi\u0105 msz\u0119 \u015bw. jubileuszow\u0105 pod przewodnictwem Ks. Abpa Zbigniewa Zieli\u0144skiego w Katedrze, w dzie\u0144 \u015bwi\u0119ce\u0144, w pi\u0105tek 30 maja o godz. 11.00. Zapraszamy do Katedry, aby chocia\u017c przy skromnej obecno\u015bci wiernych celebrowa\u0107 Jubileusz.<\/strong><\/p>\n<p>9. Odpust w Parafii Nawiedzenia NMP w sobot\u0119, suma o godz. 11.00<\/p>\n<p>10. B\u00f3g zap\u0142a\u0107 za ofiary na danin\u0119 diecezjaln\u0105, na potrzeby naszego ko\u015bcio\u0142a i na potrzeby naszego Seminarium Duchownego.<\/p>\n<p>11. Zach\u0119camy do czytania prasy katolickiej. Przy zakrystii: Przewodnik Katolicki, Ma\u0142y Przewodnik Katolicki (majowy), Go\u015b\u0107 Niedzielny, Ziarno, gazeta parafialna. 12. M\u00f3dlmy si\u0119 za zmar\u0142ych Parafian. Za dusz\u0119 \u015bp. Stefanii Markowskiej-Draszczyk, os. Lecha 5. Pogrzeb odby\u0142 si\u0119 w sobot\u0119 w Tulcach. Wieczny odpoczynek racz zmar\u0142ym da\u0107 Panie.<\/p>\n<p>&nbsp;<\/p>\n<p>&nbsp;<\/p>\n<p>&nbsp;<\/p>\n<p>&nbsp;<\/p>\n<p>&nbsp;<\/p>\n<p>&nbsp;<\/p>\n<p>&nbsp;<\/p>\n<p>&nbsp;<\/p>\n<p>&nbsp;<\/p>\n<p>&nbsp;<\/p>\n<p>&nbsp;<\/p>\n<p>&nbsp;<\/p>\n<p>&nbsp;<\/p>\n<p>&nbsp;<\/p>\n<p>&nbsp;<\/p>\n<p>&nbsp;<\/p>\n<p>&nbsp;<\/p>\n<p>&nbsp;<\/p>\n<p>&nbsp;<\/p>\n<p>&nbsp;<\/p>\n<p>&nbsp;<\/p>\n<p>&nbsp;<\/p>\n<p>&nbsp;<\/p>\n<p>&nbsp;<\/p>\n<p>&nbsp;<\/p>\n<p>&nbsp;<\/p>\n<p>&nbsp;<\/p>\n<p>&nbsp;<\/p>\n<p>&nbsp;<\/p>\n<p>&nbsp;<\/p>\n<p>&nbsp;<\/p>\n<p>&nbsp;<\/p>\n<p>&nbsp;<\/p>\n<p>&nbsp;<\/p>\n<p>&nbsp;<\/p>\n<p>&nbsp;<\/p>\n<p>&nbsp;<\/p>\n<p>&nbsp;<\/p>\n","protected":false},"excerpt":{"rendered":"<p>&nbsp; OG\u0141OSZENIA DUSZPASTERSKIE NIEDZIELA VI WIELKANOCNA 25 maja 2025 r. 1. Kalendarz liturgiczny: poniedzia\u0142ek \u2013 \u015bw. Filipa Neri , wtorek \u2013 \u015bw. Augustyna z Canterbury \u015broda \u2013 b\u0142. Stefana Wyszy\u0144skiego, biskupa, czwartek \u2013 \u015bw. Urszuli Led\u00f3chowskiej, patronki Archidiecezji, pi\u0105tek &#8211; \u015bw. Jana Sankandra, sobota \u2013 \u015bwi\u0119to Nawiedzenia NMP 2. Od poniedzia\u0142ku do soboty zapraszamy na &#8230; <span class=\"more\"><a class=\"more-link\" href=\"https:\/\/www.chnk.pl\/?p=4390\">czytaj wi\u0119cej<\/a><\/span><\/p>\n","protected":false},"author":3,"featured_media":0,"comment_status":"open","ping_status":"open","sticky":false,"template":"","format":"standard","meta":{"ngg_post_thumbnail":0,"footnotes":""},"categories":[1],"tags":[],"_links":{"self":[{"href":"https:\/\/www.chnk.pl\/index.php?rest_route=\/wp\/v2\/posts\/4390"}],"collection":[{"href":"https:\/\/www.chnk.pl\/index.php?rest_route=\/wp\/v2\/posts"}],"about":[{"href":"https:\/\/www.chnk.pl\/index.php?rest_route=\/wp\/v2\/types\/post"}],"author":[{"embeddable":true,"href":"https:\/\/www.chnk.pl\/index.php?rest_route=\/wp\/v2\/users\/3"}],"replies":[{"embeddable":true,"href":"https:\/\/www.chnk.pl\/index.php?rest_route=%2Fwp%2Fv2%2Fcomments&post=4390"}],"version-history":[{"count":4,"href":"https:\/\/www.chnk.pl\/index.php?rest_route=\/wp\/v2\/posts\/4390\/revisions"}],"predecessor-version":[{"id":4403,"href":"https:\/\/www.chnk.pl\/index.php?rest_route=\/wp\/v2\/posts\/4390\/revisions\/4403"}],"wp:attachment":[{"href":"https:\/\/www.chnk.pl\/index.php?rest_route=%2Fwp%2Fv2%2Fmedia&parent=4390"}],"wp:term":[{"taxonomy":"category","embeddable":true,"href":"https:\/\/www.chnk.pl\/index.php?rest_route=%2Fwp%2Fv2%2Fcategories&post=4390"},{"taxonomy":"post_tag","embeddable":true,"href":"https:\/\/www.chnk.pl\/index.php?rest_route=%2Fwp%2Fv2%2Ftags&post=4390"}],"curies":[{"name":"wp","href":"https:\/\/api.w.org\/{rel}","templated":true}]}}