{"id":4378,"date":"2025-05-17T16:04:40","date_gmt":"2025-05-17T16:04:40","guid":{"rendered":"https:\/\/www.chnk.pl\/?p=4378"},"modified":"2025-05-17T16:05:01","modified_gmt":"2025-05-17T16:05:01","slug":"slowo-arcybiskupa-metropolity-poznanskiego-przed-uroczystoscia-beatyfikacji-slugi-bozego-ks-stanislawa-streicha","status":"publish","type":"post","link":"https:\/\/www.chnk.pl\/?p=4378","title":{"rendered":"S\u0142owo Arcybiskupa Metropolity Pozna\u0144skiego przed uroczysto\u015bci\u0105 beatyfikacji S\u0142ugi Bo\u017cego Ks. Stanis\u0142awa Streicha"},"content":{"rendered":"<p><a href=\"http:\/\/www.chnk.pl\/wp-content\/uploads\/2025\/05\/Screenshot_20250517-170954_Word.jpg\"><img decoding=\"async\" loading=\"lazy\" class=\"alignnone size-medium wp-image-4379\" src=\"http:\/\/www.chnk.pl\/wp-content\/uploads\/2025\/05\/Screenshot_20250517-170954_Word-264x300.jpg\" alt=\"\" width=\"264\" height=\"300\" srcset=\"https:\/\/www.chnk.pl\/wp-content\/uploads\/2025\/05\/Screenshot_20250517-170954_Word-264x300.jpg 264w, https:\/\/www.chnk.pl\/wp-content\/uploads\/2025\/05\/Screenshot_20250517-170954_Word.jpg 327w\" sizes=\"(max-width: 264px) 100vw, 264px\" \/><\/a><\/p>\n<p>ARCYBISKUP METROPOLITA POZNA\u0143SKI<\/p>\n<p>S\u0142owo Arcybiskupa Metropolity Pozna\u0144skiego przed uroczysto\u015bci\u0105 beatyfikacji&nbsp; Czcigodnego S\u0142ugi Bo\u017cego Ksi\u0119dza Stanis\u0142awa Streicha<\/p>\n<p>Ju\u017c za tydzie\u0144, w sobot\u0119 24 maja 2025 roku o godz. 11.00 przed archikatedr\u0105 na pozna\u0144skim Ostrowie Tumskim rozpocznie si\u0119 uroczysta Eucharystia, w czasie kt\u00f3rej legat Ojca \u015awi\u0119tego Leona XIV, Kardyna\u0142 Marcello Semeraro wyniesie do chwa\u0142y o\u0142tarzy naszego ksi\u0119dza Stanis\u0142awa Streicha \u2013 m\u0119czennika zamordowanego 27 lutego 1938 roku, proboszcza lubo\u0144skiej parafii pw. \u015bw. Jana Bosko, kt\u00f3rego niezachwiana wiara i gorliwa pos\u0142uga duszpasterska sprawi\u0142y, \u017ce sta\u0142 si\u0119 autorytetem duchowym i moralnym dla swoich parafian, o kt\u00f3rych godne \u017cycie duchowe i materialne zabiega\u0142.<\/p>\n<p>Bardzo serdecznie zapraszam kap\u0142an\u00f3w, osoby \u017cycia konsekrowanego i diecezjan do wzi\u0119cia udzia\u0142u w tej wa\u017cnej uroczysto\u015bci. Sw\u00f3j udzia\u0142 zapowiedzieli tak\u017ce przedstawiciele episkopatu Polski i regionu oraz pielgrzymi z innych diecezji. Niech wsp\u00f3lna modlitwa za spraw\u0105 nowego b\u0142ogos\u0142awionego nas zjednoczy i umocni w pielgrzymowaniu drogami nadziei.<\/p>\n<p>Nast\u0119pnego dnia, w niedziel\u0119 25 maja 2025 roku w duchu wdzi\u0119czno\u015bci Bogu za dar nowego b\u0142ogos\u0142awionego ksi\u0119dza Stanis\u0142awa Streicha, o godz. 14.00 na Placu Adama Mickiewicza rozpocznie si\u0119 \u201eMarsz dla \u017cycia i rodziny\u201d i przejdzie do archikatedry pozna\u0144skiej, gdzie odb\u0119dzie si\u0119 festyn rodzinny przygotowany przez \u015brodowiska pro live wraz z archidiecezjaln\u0105 Caritas.<\/p>\n<p>Zapraszam, ucieszmy si\u0119 nowym b\u0142ogos\u0142awionym naszej pozna\u0144skiej ziemi, a we wsp\u00f3lnej modlitwie pro\u015bmy Pana Boga o dobre prze\u017cycie beatyfikacji i jej b\u0142ogos\u0142awione owoce.<\/p>\n<p>&nbsp; &nbsp; &nbsp; &nbsp; \u2020 Zbigniew Zieli\u0144ski<\/p>\n<p>&nbsp; &nbsp; &nbsp; &nbsp;Arcybiskup Metropolita Pozna\u0144ski<\/p>\n<p>&nbsp;<\/p>\n<p>&nbsp;<\/p>\n<p>&nbsp;<\/p>\n<p>&nbsp;<\/p>\n<p>&nbsp;<\/p>\n<p>&nbsp;<\/p>\n<p>&nbsp;<\/p>\n<p>&nbsp;<\/p>\n<p>&nbsp;<\/p>\n","protected":false},"excerpt":{"rendered":"<p>ARCYBISKUP METROPOLITA POZNA\u0143SKI S\u0142owo Arcybiskupa Metropolity Pozna\u0144skiego przed uroczysto\u015bci\u0105 beatyfikacji&nbsp; Czcigodnego S\u0142ugi Bo\u017cego Ksi\u0119dza Stanis\u0142awa Streicha Ju\u017c za tydzie\u0144, w sobot\u0119 24 maja 2025 roku o godz. 11.00 przed archikatedr\u0105 na pozna\u0144skim Ostrowie Tumskim rozpocznie si\u0119 uroczysta Eucharystia, w czasie kt\u00f3rej legat Ojca \u015awi\u0119tego Leona XIV, Kardyna\u0142 Marcello Semeraro wyniesie do chwa\u0142y o\u0142tarzy naszego ksi\u0119dza &#8230; <span class=\"more\"><a class=\"more-link\" href=\"https:\/\/www.chnk.pl\/?p=4378\">czytaj wi\u0119cej<\/a><\/span><\/p>\n","protected":false},"author":3,"featured_media":0,"comment_status":"open","ping_status":"open","sticky":false,"template":"","format":"standard","meta":{"ngg_post_thumbnail":0,"footnotes":""},"categories":[1],"tags":[],"_links":{"self":[{"href":"https:\/\/www.chnk.pl\/index.php?rest_route=\/wp\/v2\/posts\/4378"}],"collection":[{"href":"https:\/\/www.chnk.pl\/index.php?rest_route=\/wp\/v2\/posts"}],"about":[{"href":"https:\/\/www.chnk.pl\/index.php?rest_route=\/wp\/v2\/types\/post"}],"author":[{"embeddable":true,"href":"https:\/\/www.chnk.pl\/index.php?rest_route=\/wp\/v2\/users\/3"}],"replies":[{"embeddable":true,"href":"https:\/\/www.chnk.pl\/index.php?rest_route=%2Fwp%2Fv2%2Fcomments&post=4378"}],"version-history":[{"count":1,"href":"https:\/\/www.chnk.pl\/index.php?rest_route=\/wp\/v2\/posts\/4378\/revisions"}],"predecessor-version":[{"id":4380,"href":"https:\/\/www.chnk.pl\/index.php?rest_route=\/wp\/v2\/posts\/4378\/revisions\/4380"}],"wp:attachment":[{"href":"https:\/\/www.chnk.pl\/index.php?rest_route=%2Fwp%2Fv2%2Fmedia&parent=4378"}],"wp:term":[{"taxonomy":"category","embeddable":true,"href":"https:\/\/www.chnk.pl\/index.php?rest_route=%2Fwp%2Fv2%2Fcategories&post=4378"},{"taxonomy":"post_tag","embeddable":true,"href":"https:\/\/www.chnk.pl\/index.php?rest_route=%2Fwp%2Fv2%2Ftags&post=4378"}],"curies":[{"name":"wp","href":"https:\/\/api.w.org\/{rel}","templated":true}]}}