{"id":4370,"date":"2025-05-10T15:40:32","date_gmt":"2025-05-10T15:40:32","guid":{"rendered":"https:\/\/www.chnk.pl\/?p=4370"},"modified":"2025-05-10T15:40:32","modified_gmt":"2025-05-10T15:40:32","slug":"niedziela-iv-wielkanocna","status":"publish","type":"post","link":"https:\/\/www.chnk.pl\/?p=4370","title":{"rendered":"NIEDZIELA IV WIELKANOCNA"},"content":{"rendered":"<p>&nbsp;<\/p>\n<p>&nbsp;<\/p>\n<p>OG\u0141OSZENIA DUSZPASTERSKIE<\/p>\n<p>NIEDZIELA IV WIELKANOCNA<\/p>\n<p>&nbsp;11 maja 2025 r.<\/p>\n<p>1. Kalendarz liturgiczny: poniedzia\u0142ek \u2013 \u015bw. Pankracego, wtorek \u2013 NMP z Fatimy, \u015broda \u2013 \u015bw. Macieja, pi\u0105tek \u2013 \u015bw. Andrzeja Boboli.<\/p>\n<p>2. Dzisiaj, Niedziel\u0105 Dobrego Pasterza\u201d rozpoczynamy \u015awiatowy Tydzie\u0144 Modlitw o Powo\u0142ania. Za przyczyn\u0105 Kr\u00f3lowej Aposto\u0142\u00f3w prosimy Pana Jezusa o nowe, \u015bwi\u0119te powo\u0142ania do kap\u0142a\u0144stwa i \u017cycia konsekrowanego. Modli\u0107 si\u0119 b\u0119dziemy w tej intencji w czasie nabo\u017ce\u0144stw majowych. o godz. 17.30. W przysz\u0142\u0105 niedziel\u0119, przed ko\u015bcio\u0142em, kwesta na nasze Seminarium Duchowne.<\/p>\n<p>3. W czwartek o godz. 16.45 spotkanie dla dzieci pierwszokomunijnych w salce parafialnej. Dzieci przynosz\u0105 ksi\u0105\u017ceczk\u0119 do nabo\u017ce\u0144stwa.<\/p>\n<p>4. Msza \u015bw. o uzdrowienie w czwartek o godz. 19.15. Intencje mo\u017cna zapisa\u0107 i pozostawi\u0107 pod ch\u00f3rem.<\/p>\n<p>5. Spotkanie m\u0142odzie\u017cy w salce parafialnej w pi\u0105tek o godz. 19.15.<\/p>\n<p>6. Spotkanie wsp\u00f3lnoty rodzin w sobot\u0119 w ko\u015bciele o 19.15 i potem w salce parafialnej.<\/p>\n<p>7. Komisja Liturgiczna Archidiecezji Pozna\u0144skiej organizuje kurs dla fotograf\u00f3w i operator\u00f3w sprz\u0119tu audiowizualnego, kt\u00f3ry odb\u0119dzie si\u0119 w ko\u015bciele pw. \u015bw. J\u00f3zefa Oblubie\u0144ca NMP w Baranowie k. Poznania przy ul. Spokojnej 63, w sobot\u0119 14 czerwca 2025 roku od godz. 10:00 do 13:00. Koszt kursu wynosi 80 z\u0142 od osoby. Szczeg\u00f3\u0142y w Biurze Parafialnym<\/p>\n<p>8. Zapraszamy do uczestnictwa w Marszu dla \u017bycia pod has\u0142em \u201eW rodzinie nadzieja\u201d, kt\u00f3ry b\u0119dzie po\u0142\u0105czony z Festynem Rodzinnym Caritas. Marsz dla \u017bycia odb\u0119dzie si\u0119 w Poznaniu w niedziel\u0119 25 maja br. Rozpocznie si\u0119 Msz\u0105 \u015awi\u0119t\u0105 o g. 13.00 w intencji obrony \u017cycia w ko\u015bciele oo. Dominikan\u00f3w. Nast\u0119pnie Marsz dla \u017bycia wyruszy z pl. A. Mickiewicza o g. 14.00 i przejdzie ulicami Poznania na plac przed katedr\u0105, gdzie o g. 15.30 rozpocznie si\u0119 Festyn Rodzinny. O g. 17.30 odb\u0119dzie si\u0119 koncert zespo\u0142u Mocni w Duchu. Serdecznie zapraszamy wszystkich, kt\u00f3rzy swoj\u0105 obecno\u015bci\u0105 chc\u0105 za\u015bwiadczy\u0107 o warto\u015bci ludzkiego \u017cycia, ma\u0142\u017ce\u0144stwa i rodziny. Wi\u0119cej na stronie internetowej www.marszdlazycia.pl<\/p>\n<p>9. Zach\u0119camy do czytania prasy katolickiej. Przy zakrystii: Przewodnik Katolicki Go\u015b\u0107 Niedzielny, Go\u015b\u0107 Niedzielny Historia ko\u015bcio\u0142a, Ma\u0142y Przewodnik Katolicki, Ziarno, ksi\u0105\u017ceczka na maj pt. 31 dni z Maryj\u0105, gazeta parafialna.<\/p>\n<p>10. M\u00f3dlmy si\u0119 za zmar\u0142ych Parafia. Za dusz\u0119 \u015bp. Adaminy Stroi\u0144skiej, os. Lecha 117, (msza \u015bw. pogrzebowa w ko\u015bciele pw. Maryi Kr\u00f3lowej na Wildzie w p\u00f3\u017aniejszym terminie)) . Wieczny odpoczynek racz zmar\u0142ym da\u0107 Panie.<\/p>\n<p>&nbsp;<\/p>\n<p>&nbsp;<\/p>\n<p>&nbsp;<\/p>\n<p>&nbsp;<\/p>\n<p>&nbsp;<\/p>\n<p>&nbsp;<\/p>\n<p>&nbsp;<\/p>\n<p>&nbsp;<\/p>\n<p>&nbsp;<\/p>\n<p>&nbsp;<\/p>\n<p>&nbsp;<\/p>\n<p>&nbsp;<\/p>\n<p>&nbsp;<\/p>\n<p>&nbsp;<\/p>\n<p>&nbsp;<\/p>\n<p>&nbsp;<\/p>\n<p>&nbsp;<\/p>\n<p>&nbsp;<\/p>\n<p>&nbsp;<\/p>\n","protected":false},"excerpt":{"rendered":"<p>&nbsp; &nbsp; OG\u0141OSZENIA DUSZPASTERSKIE NIEDZIELA IV WIELKANOCNA &nbsp;11 maja 2025 r. 1. Kalendarz liturgiczny: poniedzia\u0142ek \u2013 \u015bw. Pankracego, wtorek \u2013 NMP z Fatimy, \u015broda \u2013 \u015bw. Macieja, pi\u0105tek \u2013 \u015bw. Andrzeja Boboli. 2. Dzisiaj, Niedziel\u0105 Dobrego Pasterza\u201d rozpoczynamy \u015awiatowy Tydzie\u0144 Modlitw o Powo\u0142ania. Za przyczyn\u0105 Kr\u00f3lowej Aposto\u0142\u00f3w prosimy Pana Jezusa o nowe, \u015bwi\u0119te powo\u0142ania do &#8230; <span class=\"more\"><a class=\"more-link\" href=\"https:\/\/www.chnk.pl\/?p=4370\">czytaj wi\u0119cej<\/a><\/span><\/p>\n","protected":false},"author":3,"featured_media":0,"comment_status":"open","ping_status":"open","sticky":false,"template":"","format":"standard","meta":{"ngg_post_thumbnail":0,"footnotes":""},"categories":[1],"tags":[],"_links":{"self":[{"href":"https:\/\/www.chnk.pl\/index.php?rest_route=\/wp\/v2\/posts\/4370"}],"collection":[{"href":"https:\/\/www.chnk.pl\/index.php?rest_route=\/wp\/v2\/posts"}],"about":[{"href":"https:\/\/www.chnk.pl\/index.php?rest_route=\/wp\/v2\/types\/post"}],"author":[{"embeddable":true,"href":"https:\/\/www.chnk.pl\/index.php?rest_route=\/wp\/v2\/users\/3"}],"replies":[{"embeddable":true,"href":"https:\/\/www.chnk.pl\/index.php?rest_route=%2Fwp%2Fv2%2Fcomments&post=4370"}],"version-history":[{"count":1,"href":"https:\/\/www.chnk.pl\/index.php?rest_route=\/wp\/v2\/posts\/4370\/revisions"}],"predecessor-version":[{"id":4371,"href":"https:\/\/www.chnk.pl\/index.php?rest_route=\/wp\/v2\/posts\/4370\/revisions\/4371"}],"wp:attachment":[{"href":"https:\/\/www.chnk.pl\/index.php?rest_route=%2Fwp%2Fv2%2Fmedia&parent=4370"}],"wp:term":[{"taxonomy":"category","embeddable":true,"href":"https:\/\/www.chnk.pl\/index.php?rest_route=%2Fwp%2Fv2%2Fcategories&post=4370"},{"taxonomy":"post_tag","embeddable":true,"href":"https:\/\/www.chnk.pl\/index.php?rest_route=%2Fwp%2Fv2%2Ftags&post=4370"}],"curies":[{"name":"wp","href":"https:\/\/api.w.org\/{rel}","templated":true}]}}