{"id":4364,"date":"2025-05-03T16:30:42","date_gmt":"2025-05-03T16:30:42","guid":{"rendered":"https:\/\/www.chnk.pl\/?p=4364"},"modified":"2025-05-03T16:30:42","modified_gmt":"2025-05-03T16:30:42","slug":"niedziela-iii-wielkanocna","status":"publish","type":"post","link":"https:\/\/www.chnk.pl\/?p=4364","title":{"rendered":"NIEDZIELA III WIELKANOCNA"},"content":{"rendered":"<p>OG\u0141OSZENIA DUSZPASTERSKIE<\/p>\n<p>NIEDZIELA III WIELKANOCNA<\/p>\n<p>&nbsp;4 maja 2025 r.<\/p>\n<p>1. Kalendarz liturgiczny: poniedzia\u0142ek \u2013 \u015bw. Stanis\u0142awa Ka\u017amierczyka, wtorek \u2013 \u015bw. app. Filipa i Jakuba, czwartek \u2013 uroczysto\u015b\u0107 \u015bw. Stanis\u0142awa, g\u0142\u00f3wnego patrona Polski i Archidiecezji, sobota \u2013 \u015bw. Jana z Avilii.<\/p>\n<p>2. Nabo\u017ce\u0144stwa majowe o godz. 17.30.<\/p>\n<p>3. Spotkanie wsp\u00f3lnoty r\u00f3\u017ca\u0144cowej w \u015brod\u0119 po wieczornej mszy \u015bw.<\/p>\n<p>4. Spotkanie dla rodzic\u00f3w dzieci pierwszokomunijnych, przed pierwsz\u0105 spowiedzi\u0105 \u015bw. i komuni\u0105 \u015bw., w czwartek, 8 maja, o godz. 19.00 w ko\u015bciele.<\/p>\n<p>5. Kolejne spotkanie dzieci pierwszokomunijnych w czwartek, 8 maja o godz. 16.45 w salce parafialnej. Pierwsza spowied\u017a \u015bw. w sobot\u0119, 10 maja o godz. 10.15.<\/p>\n<p>6. Spotkanie m\u0142odzie\u017cy w salce parafialnej w pi\u0105tek o godz. 19.15.<\/p>\n<p>7. Odwiedziny chorych z sakramentami \u015bw. w pi\u0105tek i w sobot\u0119 wed\u0142ug sta\u0142ego planu.<\/p>\n<p>8. B\u00f3g zap\u0142a\u0107 Paniom i Panom za sprawne rozebranie wielkanocnego wystroju ko\u015bcio\u0142a. B\u00f3g zap\u0142a\u0107 za ofiary na danin\u0119 diecezjaln\u0105 i za ofiary z\u0142o\u017cone na CARITAS w Niedziel\u0119 Mi\u0142osierdzia.<\/p>\n<p>9. Zach\u0119camy do czytania prasy katolickiej. Przy zakrystii: Przewodnik Katolicki Go\u015b\u0107 Niedzielny, Ma\u0142y Przewodnik Katolicki, Ziarno, ksi\u0105\u017ceczka na maj pt. 31 dni z Maryj\u0105, Historia Ko\u015bcio\u0142a (Go\u015b\u0107 Niedzielny ekstra Joanna D`Arc \u015bwi\u0119ta na stosie), gazeta parafialna.<\/p>\n<p>10. M\u00f3dlmy si\u0119 za zmar\u0142ych Parafia. Za dusz\u0119 \u015bp. Jana Szuby, os. Lecha 36 (msza \u015bw. pogrzebowa w czwartek o godz. 11.00. i dusz\u0119 \u015bp. Leonarda Ka\u017amierczaka, os. Lecha 89 (msza \u015bw. pogrzebowa w czwartek o godz. 9.00). Wieczny odpoczynek racz zmar\u0142ym da\u0107 Panie.<\/p>\n<p>&nbsp;11. W sobot\u0119, 24 maja, odb\u0119dzie si\u0119 wielkie wydarzenie religijne \u2013 beatyfikacja S\u0142ugi Bo\u017cego, m\u0119czennika ks. Stanis\u0142awa Streicha. Prosimy aby teraz, na chwil\u0119, pozosta\u0142y w ko\u015bciele osoby, kt\u00f3re zamierzaj\u0105 wzi\u0105\u0107 udzia\u0142 w uroczysto\u015bci na placu katedralnym, do czego usilnie zach\u0119camy. Organizatorom chodzi o zorientowanie si\u0119, jak przygotowa\u0107 plac przed katedr\u0105.<\/p>\n<p>&nbsp;<\/p>\n<p>&nbsp;<\/p>\n<p>&nbsp;<\/p>\n<p>&nbsp;<\/p>\n<p>&nbsp;<\/p>\n<p>&nbsp;<\/p>\n<p>&nbsp;<\/p>\n<p>&nbsp;<\/p>\n<p>&nbsp;<\/p>\n<p>&nbsp;<\/p>\n<p>&nbsp;<\/p>\n<p>&nbsp;<\/p>\n<p>&nbsp;<\/p>\n","protected":false},"excerpt":{"rendered":"<p>OG\u0141OSZENIA DUSZPASTERSKIE NIEDZIELA III WIELKANOCNA &nbsp;4 maja 2025 r. 1. Kalendarz liturgiczny: poniedzia\u0142ek \u2013 \u015bw. Stanis\u0142awa Ka\u017amierczyka, wtorek \u2013 \u015bw. app. Filipa i Jakuba, czwartek \u2013 uroczysto\u015b\u0107 \u015bw. Stanis\u0142awa, g\u0142\u00f3wnego patrona Polski i Archidiecezji, sobota \u2013 \u015bw. Jana z Avilii. 2. Nabo\u017ce\u0144stwa majowe o godz. 17.30. 3. Spotkanie wsp\u00f3lnoty r\u00f3\u017ca\u0144cowej w \u015brod\u0119 po wieczornej mszy &#8230; <span class=\"more\"><a class=\"more-link\" href=\"https:\/\/www.chnk.pl\/?p=4364\">czytaj wi\u0119cej<\/a><\/span><\/p>\n","protected":false},"author":3,"featured_media":0,"comment_status":"open","ping_status":"open","sticky":false,"template":"","format":"standard","meta":{"ngg_post_thumbnail":0,"footnotes":""},"categories":[1],"tags":[],"_links":{"self":[{"href":"https:\/\/www.chnk.pl\/index.php?rest_route=\/wp\/v2\/posts\/4364"}],"collection":[{"href":"https:\/\/www.chnk.pl\/index.php?rest_route=\/wp\/v2\/posts"}],"about":[{"href":"https:\/\/www.chnk.pl\/index.php?rest_route=\/wp\/v2\/types\/post"}],"author":[{"embeddable":true,"href":"https:\/\/www.chnk.pl\/index.php?rest_route=\/wp\/v2\/users\/3"}],"replies":[{"embeddable":true,"href":"https:\/\/www.chnk.pl\/index.php?rest_route=%2Fwp%2Fv2%2Fcomments&post=4364"}],"version-history":[{"count":1,"href":"https:\/\/www.chnk.pl\/index.php?rest_route=\/wp\/v2\/posts\/4364\/revisions"}],"predecessor-version":[{"id":4365,"href":"https:\/\/www.chnk.pl\/index.php?rest_route=\/wp\/v2\/posts\/4364\/revisions\/4365"}],"wp:attachment":[{"href":"https:\/\/www.chnk.pl\/index.php?rest_route=%2Fwp%2Fv2%2Fmedia&parent=4364"}],"wp:term":[{"taxonomy":"category","embeddable":true,"href":"https:\/\/www.chnk.pl\/index.php?rest_route=%2Fwp%2Fv2%2Fcategories&post=4364"},{"taxonomy":"post_tag","embeddable":true,"href":"https:\/\/www.chnk.pl\/index.php?rest_route=%2Fwp%2Fv2%2Ftags&post=4364"}],"curies":[{"name":"wp","href":"https:\/\/api.w.org\/{rel}","templated":true}]}}