{"id":4354,"date":"2025-04-26T15:34:37","date_gmt":"2025-04-26T15:34:37","guid":{"rendered":"https:\/\/www.chnk.pl\/?p=4354"},"modified":"2025-04-26T15:35:17","modified_gmt":"2025-04-26T15:35:17","slug":"niedziela-ii-wielkanocna","status":"publish","type":"post","link":"https:\/\/www.chnk.pl\/?p=4354","title":{"rendered":"NIEDZIELA II WIELKANOCNA"},"content":{"rendered":"<p>&nbsp;<\/p>\n<p>&nbsp;<\/p>\n<p>OG\u0141OSZENIA DUSZPASTERSKIE<\/p>\n<p>NIEDZIELA II WIELKANOCNA<\/p>\n<p>&nbsp; &nbsp; &nbsp; &nbsp; &nbsp; &nbsp; &nbsp; &nbsp; &nbsp; &nbsp; &nbsp; &nbsp; &nbsp; &nbsp; &nbsp; &nbsp; &nbsp; &nbsp; &nbsp; &nbsp; &nbsp; &nbsp; &nbsp; &nbsp; &nbsp; &nbsp; &nbsp; &nbsp; &nbsp; &nbsp; &nbsp; &nbsp; MI\u0141OSIERDZIA BO\u017bEGO<\/p>\n<p>&nbsp; &nbsp; &nbsp; &nbsp; &nbsp; &nbsp; &nbsp; &nbsp; &nbsp; &nbsp; &nbsp; &nbsp; &nbsp; &nbsp; &nbsp; &nbsp; &nbsp; &nbsp; &nbsp; &nbsp; &nbsp; &nbsp; &nbsp; &nbsp; &nbsp; &nbsp; &nbsp; &nbsp; &nbsp; &nbsp; &nbsp; &nbsp; 27 kwietnia 2025 r.<\/p>\n<p>1. Msza \u015bw. \u017ca\u0142obna za dusz\u0119 \u015bp. Papie\u017ca Franciszka w poniedzia\u0142ek o godz. 19.00.<\/p>\n<p>2. Msza \u015bw. dzi\u0119kczynna i po\u017cegnalna Ks. Abpa Stanis\u0142awa G\u0105deckiego dzisiaj, w niedziel\u0119, o godz. 19.00 w Katedrze.<\/p>\n<p>3. Ingres do Katedry Ks. Aba Zbigniewa Zieli\u0144skiego w czwartek, 1 maja, o godz. 11.00.<\/p>\n<p>4. Nabo\u017ce\u0144stwa majowe w naszej Parafii o godz. 17.30.<\/p>\n<p>5. W pi\u0105tek, 2 maja, mo\u017cna skorzysta\u0107 z dyspensy od zachowywania wstrzemi\u0119\u017aliwo\u015bci od pokarm\u00f3w mi\u0119snych. Korzystaj\u0105cy z dyspensy s\u0105 zobowi\u0105zani odm\u00f3wi\u0107 dowoln\u0105 modlitw\u0119 w intencji \u015bp. Papie\u017ca Franciszka oraz z\u0142o\u017cy\u0107 ofiar\u0119 do skarbony z napisem \u201eJa\u0142mu\u017cna postna\u201d, wzgl\u0119dnie cz\u0119\u015bciej spe\u0142nia\u0107 uczynki chrze\u015bcija\u0144skiego mi\u0142osierdzia.<\/p>\n<p>6. W sobot\u0119 uroczysto\u015b\u0107 Matki Bo\u017cej Kr\u00f3lowej Polski. Msza \u015bw. w Uroczysto\u015b\u0107 w naszej parafii o godz. 8.00, 9.30. 11.15. 12.30. Msza \u015bw. wieczorna z niedzieli.<\/p>\n<p>7. W tym tygodniu: I czwartek, I pi\u0105tek i I sobota miesi\u0105ca. Adoracja Naj\u015bwi\u0119tszego Sakramentu w czwartek od godz. 17.00 w intencji poszanowania \u017cycia ludzkiego i po wieczornej mszy \u015bw. do godz. 21.00 w intencji powo\u0142a\u0144 kap\u0142a\u0144skich i zakonnych. Miesi\u0119czna spowied\u017a \u015bw. dla dzieci i m\u0142odzie\u017cy w pi\u0105tek od godz. 15.00, komunia \u015bw. pierwszopi\u0105tkowa o godz. 16.30. R\u00f3\u017caniec i nabo\u017ce\u0144stwo fatimskie w sobot\u0119 o godz. 7.15. Zach\u0119camy do podj\u0119cia nabo\u017ce\u0144stwa pierwszych sob\u00f3t miesi\u0105ca o kt\u00f3re prosi\u0142a Matka Bo\u017ca w Fatimie. Odwiedziny chorych z sakramentami \u015bw. 9 i 10 maja.<\/p>\n<p>8. Spotkanie dla rodzic\u00f3w dzieci pierwszokomunijnych, przed pierwsz\u0105 spowiedzi\u0105 \u015bw. i komuni\u0105 \u015bw., w czwartek, 8 maja, o godz. 19.00 w ko\u015bciele.<\/p>\n<p>9. Kolejne spotkanie dzieci pierwszokomunijnych w czwartek, 8 maja o godz. 16.45 w salce parafialnej. Pierwsza spowied\u017a \u015bw. w sobot\u0119, 10 maja o godz. 10.15.<\/p>\n<p>10. Prosimy pan\u00f3w o pomoc w rozebraniu wielkanocnego wystroju ko\u015bcio\u0142a w poniedzia\u0142ek o godz. 20.00 w ko\u015bciele.<\/p>\n<p>11. W nast\u0119pn\u0105, trzeci\u0105 Niedziel\u0119 Wielkanocn\u0105 obchodzimy Niedziel\u0119 Biblijn\u0105. Przypada ona w okresie Wielkanocnym, poniewa\u017c to Zmartwychwsta\u0142y Pan wyja\u015bnia nam Pisma, tak jak wyja\u015bnia\u0142 uczniom id\u0105cym do Emaus. W przysz\u0142\u0105 niedziel\u0119 prosimy o przyj\u015bcie do ko\u015bcio\u0142a ze swoim Pismem \u015awi\u0119tym, po to, by w czasie przyst\u0119powania do Komunii \u015bw. po\u0142o\u017cy\u0107 je na swoim sercu na znak, \u017ce czytane i rozwa\u017cane S\u0142owo Bo\u017ce, tak jak Eucharystia, jest osobistym spotkaniem z Jezusem Zmartwychwsta\u0142ym.<\/p>\n<p>12. Dzisiaj, przed ko\u015bcio\u0142em, mo\u017cliwo\u015b\u0107 z\u0142o\u017cenia ofiary na CARITAS z okazji Tygodnia Mi\u0142osierdzia. Wojna w Ukrainie nas przera\u017ca, ale w miar\u0119 mo\u017cliwo\u015bci chcemy przyj\u015b\u0107 z pomoc\u0105 cierpi\u0105cym.<\/p>\n<p>13. B\u00f3g zap\u0142a\u0107 za ofiary na kwiaty do Grobu Pa\u0144skiego, za ofiary przy Grobie Pa\u0144skim, za ofiary na danin\u0119 diecezjaln\u0105 i utrzymanie naszego ko\u015bcio\u0142a.<\/p>\n<p>14. Zach\u0119camy do czytania prasy katolickiej. Przy zakrystii: Przewodnik Katolicki, Go\u015b\u0107 Niedzielny ( z dodatkiem o \u015bp. Papie\u017cu Franciszku) ), Ziarno, ksi\u0105\u017ceczka pt. 31 dni z Maryj\u0105 (na maj), gazeta parafialna.<\/p>\n<p>15. M\u00f3dlmy si\u0119, pe\u0142ni nadziei, o rych\u0142y pok\u00f3j na Ukrainie. \u015awi\u0119ty Bo\u017ce! \u015awi\u0119ty Mocny! \u015awi\u0119ty Nie\u015bmiertelny! Zmi\u0142uj si\u0119 nad nami!<\/p>\n<p>&nbsp;<\/p>\n","protected":false},"excerpt":{"rendered":"<p>&nbsp; &nbsp; OG\u0141OSZENIA DUSZPASTERSKIE NIEDZIELA II WIELKANOCNA &nbsp; &nbsp; &nbsp; &nbsp; &nbsp; &nbsp; &nbsp; &nbsp; &nbsp; &nbsp; &nbsp; &nbsp; &nbsp; &nbsp; &nbsp; &nbsp; &nbsp; &nbsp; &nbsp; &nbsp; &nbsp; &nbsp; &nbsp; &nbsp; &nbsp; &nbsp; &nbsp; &nbsp; &nbsp; &nbsp; &nbsp; &nbsp; MI\u0141OSIERDZIA BO\u017bEGO &nbsp; &nbsp; &nbsp; &nbsp; &nbsp; &nbsp; &nbsp; &nbsp; &nbsp; &nbsp; &nbsp; &nbsp; &nbsp; &nbsp; &#8230; <span class=\"more\"><a class=\"more-link\" href=\"https:\/\/www.chnk.pl\/?p=4354\">czytaj wi\u0119cej<\/a><\/span><\/p>\n","protected":false},"author":3,"featured_media":0,"comment_status":"open","ping_status":"open","sticky":false,"template":"","format":"standard","meta":{"ngg_post_thumbnail":0,"footnotes":""},"categories":[1],"tags":[],"_links":{"self":[{"href":"https:\/\/www.chnk.pl\/index.php?rest_route=\/wp\/v2\/posts\/4354"}],"collection":[{"href":"https:\/\/www.chnk.pl\/index.php?rest_route=\/wp\/v2\/posts"}],"about":[{"href":"https:\/\/www.chnk.pl\/index.php?rest_route=\/wp\/v2\/types\/post"}],"author":[{"embeddable":true,"href":"https:\/\/www.chnk.pl\/index.php?rest_route=\/wp\/v2\/users\/3"}],"replies":[{"embeddable":true,"href":"https:\/\/www.chnk.pl\/index.php?rest_route=%2Fwp%2Fv2%2Fcomments&post=4354"}],"version-history":[{"count":2,"href":"https:\/\/www.chnk.pl\/index.php?rest_route=\/wp\/v2\/posts\/4354\/revisions"}],"predecessor-version":[{"id":4356,"href":"https:\/\/www.chnk.pl\/index.php?rest_route=\/wp\/v2\/posts\/4354\/revisions\/4356"}],"wp:attachment":[{"href":"https:\/\/www.chnk.pl\/index.php?rest_route=%2Fwp%2Fv2%2Fmedia&parent=4354"}],"wp:term":[{"taxonomy":"category","embeddable":true,"href":"https:\/\/www.chnk.pl\/index.php?rest_route=%2Fwp%2Fv2%2Fcategories&post=4354"},{"taxonomy":"post_tag","embeddable":true,"href":"https:\/\/www.chnk.pl\/index.php?rest_route=%2Fwp%2Fv2%2Ftags&post=4354"}],"curies":[{"name":"wp","href":"https:\/\/api.w.org\/{rel}","templated":true}]}}