{"id":4348,"date":"2025-04-19T18:18:33","date_gmt":"2025-04-19T18:18:33","guid":{"rendered":"https:\/\/www.chnk.pl\/?p=4348"},"modified":"2025-04-19T18:18:33","modified_gmt":"2025-04-19T18:18:33","slug":"niedziela-wielkanocna-8","status":"publish","type":"post","link":"https:\/\/www.chnk.pl\/?p=4348","title":{"rendered":"NIEDZIELA WIELKANOCNA"},"content":{"rendered":"<p>&nbsp;<\/p>\n<p>&nbsp;<\/p>\n<p>Szanowni Parafianie i Go\u015bcie! Chrystus Zmartwychwsta\u0142y leczy zranione ludzkie serca i zmienia gorycz \u017cycia w rado\u015b\u0107 pojednania z Bogiem i lud\u017ami. Niech czas wielkanocny b\u0119dzie dla ka\u017cdego do\u015bwiadczeniem niesko\u0144czonego Mi\u0142osierdzia Bo\u017cego i niech rozpali mi\u0142o\u015b\u0107 w naszych sercach. Oby pami\u0119\u0107 na Zmartwychwsta\u0142ego gromadzi\u0142a nas licznie na mszy \u015bw. niedzielnej. \u017byczymy pe\u0142nych rado\u015bci i pokoju \u015awi\u0105t Wielkiej Nocy ! Wszystkim Szcz\u0119\u015b\u0107 Bo\u017ce!<\/p>\n<p style=\"text-align: left;\">&nbsp; OG\u0141OSZENIA DUSZPASTERSKIE<\/p>\n<p style=\"text-align: left;\">&nbsp; &nbsp; &nbsp; &nbsp; &nbsp; &nbsp; &nbsp; &nbsp; &nbsp; &nbsp; &nbsp; &nbsp; &nbsp; &nbsp; &nbsp; &nbsp; &nbsp; &nbsp; &nbsp; &nbsp; &nbsp; &nbsp; &nbsp; &nbsp; &nbsp; &nbsp; &nbsp; &nbsp; &nbsp; &nbsp; &nbsp; &nbsp; &nbsp;NIEDZIELA WIELKANOCNA<\/p>\n<p>&nbsp; &nbsp; &nbsp; &nbsp; &nbsp; &nbsp; &nbsp; &nbsp; &nbsp; &nbsp; &nbsp; &nbsp; &nbsp; &nbsp; &nbsp; &nbsp; &nbsp; &nbsp; &nbsp; &nbsp; &nbsp; &nbsp; &nbsp; &nbsp; &nbsp; &nbsp; &nbsp; &nbsp; &nbsp; &nbsp; &nbsp; &nbsp; &nbsp; &nbsp; &nbsp; &nbsp; &nbsp; &nbsp; &nbsp; &nbsp; &nbsp; &nbsp; &nbsp; &nbsp; &nbsp; &nbsp; &nbsp; &nbsp; &nbsp; &nbsp; 20 kwietnia 2025r.<\/p>\n<p>1. Dnia 26 kwietnia 2025 roku, o godzinie 11.00 w Katedrze b\u0119dziemy dzi\u0119kowa\u0107 Panu Bogu za dwadzie\u015bcia trzy lata pasterskiej pos\u0142ugi Arcybiskupa Stanis\u0142awa G\u0105deckiego. Zach\u0119camy i zapraszamy Parafian do wsp\u00f3lnej modlitwy. W spos\u00f3b szczeg\u00f3lny zaproszenie to kierujemy do cz\u0142onk\u00f3w Parafialnej Rady Duszpasterskiej i Ekonomicznej oraz cz\u0142onk\u00f3w \u017bywego R\u00f3\u017ca\u0144ca. Modli\u0107 si\u0119 b\u0119dziemy za Ksi\u0119dza Arcybiskupa Stanis\u0142awa oraz o potrzebne dary dla Arcybiskupa Nominata Zbigniewa Zieli\u0144skiego. Po Mszy \u015awi\u0119tej w Z\u0142otej Kaplicy b\u0119dzie mo\u017cliwo\u015b\u0107 osobistego podzi\u0119kowania Ksi\u0119dzu Arcybiskupowi przez wiernych \u015bwieckich.<\/p>\n<p>2. W drugie \u015bwi\u0119to Wielkanocy porz\u0105dek odprawiania mszy \u015bw. jak w niedziel\u0119. 3. Nowenna do Mi\u0142osierdzia Bo\u017cego od II \u015awi\u0119ta do pi\u0105tku o godz. 17.30. 4. Katecheza dla dzieci przygotowuj\u0105cych si\u0119 do I spowiedzi i komunii \u015bw. w czwartek, o godz.16.45, koniecznie z ksi\u0105\u017ceczkami do nabo\u017ce\u0144stwa. . 5. W pi\u0105tek po Wielkanocy nie obowi\u0105zuje wstrzemi\u0119\u017aliwo\u015b\u0107 od pokarm\u00f3w mi\u0119snych. 6. W sobot\u0119 o godz. 20.00 procesja \u015bwiat\u0142a \u2013 nabo\u017ce\u0144stwo upami\u0119tniaj\u0105ce spotkanie zmartwychwsta\u0142ego Jezusa z uczniami. . 7. W przysz\u0142a niedziel\u0119, Niedziel\u0119 Mi\u0142osierdzia Bo\u017cego, rozpoczniemy Tydzie\u0144 Mi\u0142osierdzia; przed ko\u015bcio\u0142em mo\u017cliwo\u015b\u0107 z\u0142o\u017cenia ofiary na CARITAS. . 8. Serdeczne podzi\u0119kowanie wszystkim Parafianom, kt\u00f3rzy przyczynili si\u0119 do przygotowania ko\u015bcio\u0142a i otoczenia na dzisiejsz\u0105 Uroczysto\u015b\u0107. Podzi\u0119kowanie za przygotowanie liturgii: ministrantom seniorom, juniorom, lektorom i paniom pe\u0142ni\u0105cym pos\u0142ug\u0119 kantor\u00f3w. Podzi\u0119kowanie Panom za ofiarn\u0105 pos\u0142ug\u0119 w zakrystii. Podzi\u0119kowanie scholi pi\u0119knie ubogacaj\u0105cej liturgi\u0119. B\u00f3g zap\u0142a\u0107 za przygotowan\u0105 liturgi\u0119 wielkotygodniow\u0105. Podzi\u0119kowanie Paniom i Panom sprz\u0105taj\u0105cym ko\u015bci\u00f3\u0142 i otoczenie. Podzi\u0119kowania dla Pa\u0144 i Pan\u00f3w dozorc\u00f3w pracuj\u0105cych na osiedlu. Uszanujmy ich prac\u0119. Szczere podzi\u0119kowania Parafianom za udzia\u0142 w nabo\u017ce\u0144stwach wielkotygodniowych i \u017cyczenia w Wielki Czwartek, w dniu ustanowienia sakramentu kap\u0142a\u0144stwa. . 9. B\u00f3g zap\u0142a\u0107 za ofiary na utrzymanie naszego ko\u015bcio\u0142a, na danin\u0119 diecezjaln\u0105 i ofiary na kwiaty do Grobu Pa\u0144skiego. Parafian, kt\u00f3rzy od wiosny zamieszkuj\u0105 na dzia\u0142ce prosimy, aby zechcieli danin\u0119 diecezjaln\u0105 z\u0142o\u017cy\u0107 przed rozpocz\u0119ciem sezonu. 10. M\u00f3dlmy si\u0119 za zmar\u0142ych Parafian. Za dusz\u0119 \u015bp. Natalii Kabat, os. Lecha 42, pogrzeb w Smochowicach. Wieczny odpoczynek racz zmar\u0142ym da\u0107 Panie.<\/p>\n<p>&nbsp;<\/p>\n<p>&nbsp;<\/p>\n<p>&nbsp;<\/p>\n<p>&nbsp;<\/p>\n<p>&nbsp;<\/p>\n<p>&nbsp;<\/p>\n<p>&nbsp;<\/p>\n<p>&nbsp;<\/p>\n<p>&nbsp;<\/p>\n<p>&nbsp;<\/p>\n<p>&nbsp;<\/p>\n<p>&nbsp;<\/p>\n<p>&nbsp;<\/p>\n<p>&nbsp;<\/p>\n","protected":false},"excerpt":{"rendered":"<p>&nbsp; &nbsp; Szanowni Parafianie i Go\u015bcie! Chrystus Zmartwychwsta\u0142y leczy zranione ludzkie serca i zmienia gorycz \u017cycia w rado\u015b\u0107 pojednania z Bogiem i lud\u017ami. Niech czas wielkanocny b\u0119dzie dla ka\u017cdego do\u015bwiadczeniem niesko\u0144czonego Mi\u0142osierdzia Bo\u017cego i niech rozpali mi\u0142o\u015b\u0107 w naszych sercach. Oby pami\u0119\u0107 na Zmartwychwsta\u0142ego gromadzi\u0142a nas licznie na mszy \u015bw. niedzielnej. \u017byczymy pe\u0142nych rado\u015bci i &#8230; <span class=\"more\"><a class=\"more-link\" href=\"https:\/\/www.chnk.pl\/?p=4348\">czytaj wi\u0119cej<\/a><\/span><\/p>\n","protected":false},"author":3,"featured_media":0,"comment_status":"open","ping_status":"open","sticky":false,"template":"","format":"standard","meta":{"ngg_post_thumbnail":0,"footnotes":""},"categories":[1],"tags":[],"_links":{"self":[{"href":"https:\/\/www.chnk.pl\/index.php?rest_route=\/wp\/v2\/posts\/4348"}],"collection":[{"href":"https:\/\/www.chnk.pl\/index.php?rest_route=\/wp\/v2\/posts"}],"about":[{"href":"https:\/\/www.chnk.pl\/index.php?rest_route=\/wp\/v2\/types\/post"}],"author":[{"embeddable":true,"href":"https:\/\/www.chnk.pl\/index.php?rest_route=\/wp\/v2\/users\/3"}],"replies":[{"embeddable":true,"href":"https:\/\/www.chnk.pl\/index.php?rest_route=%2Fwp%2Fv2%2Fcomments&post=4348"}],"version-history":[{"count":1,"href":"https:\/\/www.chnk.pl\/index.php?rest_route=\/wp\/v2\/posts\/4348\/revisions"}],"predecessor-version":[{"id":4349,"href":"https:\/\/www.chnk.pl\/index.php?rest_route=\/wp\/v2\/posts\/4348\/revisions\/4349"}],"wp:attachment":[{"href":"https:\/\/www.chnk.pl\/index.php?rest_route=%2Fwp%2Fv2%2Fmedia&parent=4348"}],"wp:term":[{"taxonomy":"category","embeddable":true,"href":"https:\/\/www.chnk.pl\/index.php?rest_route=%2Fwp%2Fv2%2Fcategories&post=4348"},{"taxonomy":"post_tag","embeddable":true,"href":"https:\/\/www.chnk.pl\/index.php?rest_route=%2Fwp%2Fv2%2Ftags&post=4348"}],"curies":[{"name":"wp","href":"https:\/\/api.w.org\/{rel}","templated":true}]}}