{"id":4337,"date":"2025-04-05T16:10:06","date_gmt":"2025-04-05T16:10:06","guid":{"rendered":"https:\/\/www.chnk.pl\/?p=4337"},"modified":"2025-04-05T16:10:06","modified_gmt":"2025-04-05T16:10:06","slug":"niedziela-v-wielkiego-postu","status":"publish","type":"post","link":"https:\/\/www.chnk.pl\/?p=4337","title":{"rendered":"NIEDZIELA V WIELKIEGO POSTU"},"content":{"rendered":"<p>OG\u0141OSZENIA DUSZPASTERSKIE<\/p>\n<p>NIEDZIELA V WIELKIEGO POSTU<\/p>\n<p>6 kwietnia 2025 r.<\/p>\n<p>1. W poniedzia\u0142ek na godz. 18.20 zapraszamy Pan\u00f3w do pomocy w przygotowaniu ciemnicy na Wielki Czwartek.<\/p>\n<p>2. W tym tygodniu okazja do spowiedzi \u015bw. p\u00f3\u0142 godziny przed porann\u0105 msz\u0105 \u015bw. oraz we wtorek, \u015brod\u0119 i czwartek od godz. 17.00 do 18.00, w pi\u0105tek od godz. 16.30 do godz. 18.00 i w sobot\u0119 od godz. 16.00 do godz.18.00. Prosimy nie odk\u0142ada\u0107 spowiedzi \u015bw. na Wielki Tydzie\u0144.<\/p>\n<p>3. Spotkanie m\u0142odzie\u017cy pi\u0105tek o godz. 19.15 w salce parafialnej<\/p>\n<p>4. DROGA KRZY\u017bOWA w pi\u0105tek: dla dzieci godz. 16.30, dla doros\u0142ych: po porannej mszy \u015bw. i o godz. 17.30, ulicami osiedla o godz. 19.00 ( w tym tygodniu od wej\u015bcia nr 20, przynosimy ze sob\u0105 \u015bwiece lub znicze). GORZKIE \u017bALE w niedziele wielkopostne o godz. 15.30.<\/p>\n<p>5. Zbi\u00f3rka ministrant\u00f3w w sobot\u0119 o 10.30 w salce parafialnej.<\/p>\n<p>6. Prosimy zg\u0142asza\u0107 starszych parafian do komunii \u015bw. wielkanocnej, na przysz\u0142\u0105 sobot\u0119 przed Niedziel\u0105 Palmow\u0105.<\/p>\n<p>7. Zapraszamy dzieci na warsztaty przygotowania palm na Niedziel\u0119 Palmow\u0105. Warsztaty w sobot\u0119 o godz. 16.00 w salce parafialnej. A w przysz\u0142\u0105 niedziel\u0119 zapraszamy m\u0142odzie\u017c i dzieci z rodzicami na procesj\u0119 z palmami wok\u00f3\u0142 ko\u015bcio\u0142a. Rozpoczniemy 15 minut wcze\u015bniej, to znaczy o godz. 11.00 przy krzy\u017cu misyjnym, przy ko\u015bciele. Przychodzimy z przygotowanymi przez siebie palmami na procesj\u0119 upami\u0119tniaj\u0105c\u0105 wjazd Pana Jezusa do Jerozolimy.<\/p>\n<p>8. Dnia 14 kwietnia 2025 roku o godzinie 17.00 w ko\u015bciele pw. Naj\u015bwi\u0119tszej Marii Panny in Summo na Ostrowie Tumskim w Poznaniu, Ksi\u0105dz Arcybiskup Administrator Apostolski Stanis\u0142aw G\u0105decki odprawi Msz\u0119 \u015awi\u0119t\u0105 w intencji naszej ojczyzny. Wydarzenie wpisuje si\u0119 pozna\u0144skie obchody 1000 lecia koronacji i \u015bmierci kr\u00f3la Boles\u0142awa Chrobrego, kt\u00f3rego gr\u00f3b znajduje si\u0119 w katedrze pozna\u0144skiej.<\/p>\n<p>9. Ruszy\u0142y zapisy na Archidiecezjalne Studium Rodziny, kt\u00f3re b\u0119dzie odbywa\u0107 si\u0119 od pa\u017adziernika do czerwca 2026. Studium kszta\u0142ci do pracy w Duszpasterstwie Ma\u0142\u017ce\u0144stw i Rodzin, do przygotowania narzeczonych do sakramentu ma\u0142\u017ce\u0144stwa. Celem jest, aby w ka\u017cdej parafii by\u0142a osoba, a najlepiej ma\u0142\u017ce\u0144stwo, pomocne w formacji ma\u0142\u017ce\u0144stw i rodzin. Na Studium Rodziny mog\u0105 zg\u0142asza\u0107 si\u0119 osoby pe\u0142noletnie do 55 roku \u017cycia, minimum z wykszta\u0142ceniem \u015brednim, zar\u00f3wno samotne jak i \u017cyj\u0105ce w ma\u0142\u017ce\u0144stwie. Zapisy dla os\u00f3b na stronie internetowej Duszpasterstwa Ma\u0142\u017ce\u0144stw i Rodzin: www.dr.archpoznan.pl\/studium-rodziny<\/p>\n<p>10. W Niedziel\u0119 Palmow\u0105, przed ko\u015bcio\u0142em mo\u017cliwo\u015b\u0107 z\u0142o\u017cenia ofiary na kwiaty do Grobu Pa\u0144skiego. Palmy na Niedziel\u0119 Palmow\u0105 prosimy przygotowa\u0107 we w\u0142asnym zakresie.<\/p>\n<p>11. B\u00f3g zap\u0142a\u0107 za ofiary na danin\u0119 diecezjaln\u0105.<\/p>\n<p>12. Przy zakrystii: Przewodnik Katolicki, Go\u015b\u0107 Niedzielny, Ziarno, karty z religijnymi motywami Wielkanocy, koperty na danin\u0119 diecezjaln\u0105 i paschaliki wielkanocne.<\/p>\n<p>13. M\u00f3dlmy si\u0119 za zmar\u0142ych Parafian. Za dusz\u0119 \u015bp. Kazimierza Michalskiego, os. Lecha 23 (msza \u015bw. pogrzebowa w poniedzia\u0142ek o godz. 10.00) i dusz\u0119 \u015bp. Zofii Strojnej, os. Lecha 101 (msza \u015bw. pogrzebowa i pogrzeb na cmentarzu przy ul. Wojciechowskiego w \u015brod\u0119 o godz.12.30). Wieczny odpoczynek racz zmar\u0142ym da\u0107 Panie.<\/p>\n<p>&nbsp;<\/p>\n<p>&nbsp;<\/p>\n<p>&nbsp;<\/p>\n<p>&nbsp;<\/p>\n<p>&nbsp;<\/p>\n<p>&nbsp;<\/p>\n<p>&nbsp;<\/p>\n<p>&nbsp;<\/p>\n<p>&nbsp;<\/p>\n<p>&nbsp;<\/p>\n<p>&nbsp;<\/p>\n<p>&nbsp;<\/p>\n<p>&nbsp;<\/p>\n","protected":false},"excerpt":{"rendered":"<p>OG\u0141OSZENIA DUSZPASTERSKIE NIEDZIELA V WIELKIEGO POSTU 6 kwietnia 2025 r. 1. W poniedzia\u0142ek na godz. 18.20 zapraszamy Pan\u00f3w do pomocy w przygotowaniu ciemnicy na Wielki Czwartek. 2. W tym tygodniu okazja do spowiedzi \u015bw. p\u00f3\u0142 godziny przed porann\u0105 msz\u0105 \u015bw. oraz we wtorek, \u015brod\u0119 i czwartek od godz. 17.00 do 18.00, w pi\u0105tek od godz. &#8230; <span class=\"more\"><a class=\"more-link\" href=\"https:\/\/www.chnk.pl\/?p=4337\">czytaj wi\u0119cej<\/a><\/span><\/p>\n","protected":false},"author":3,"featured_media":0,"comment_status":"open","ping_status":"open","sticky":false,"template":"","format":"standard","meta":{"ngg_post_thumbnail":0,"footnotes":""},"categories":[1],"tags":[],"_links":{"self":[{"href":"https:\/\/www.chnk.pl\/index.php?rest_route=\/wp\/v2\/posts\/4337"}],"collection":[{"href":"https:\/\/www.chnk.pl\/index.php?rest_route=\/wp\/v2\/posts"}],"about":[{"href":"https:\/\/www.chnk.pl\/index.php?rest_route=\/wp\/v2\/types\/post"}],"author":[{"embeddable":true,"href":"https:\/\/www.chnk.pl\/index.php?rest_route=\/wp\/v2\/users\/3"}],"replies":[{"embeddable":true,"href":"https:\/\/www.chnk.pl\/index.php?rest_route=%2Fwp%2Fv2%2Fcomments&post=4337"}],"version-history":[{"count":1,"href":"https:\/\/www.chnk.pl\/index.php?rest_route=\/wp\/v2\/posts\/4337\/revisions"}],"predecessor-version":[{"id":4338,"href":"https:\/\/www.chnk.pl\/index.php?rest_route=\/wp\/v2\/posts\/4337\/revisions\/4338"}],"wp:attachment":[{"href":"https:\/\/www.chnk.pl\/index.php?rest_route=%2Fwp%2Fv2%2Fmedia&parent=4337"}],"wp:term":[{"taxonomy":"category","embeddable":true,"href":"https:\/\/www.chnk.pl\/index.php?rest_route=%2Fwp%2Fv2%2Fcategories&post=4337"},{"taxonomy":"post_tag","embeddable":true,"href":"https:\/\/www.chnk.pl\/index.php?rest_route=%2Fwp%2Fv2%2Ftags&post=4337"}],"curies":[{"name":"wp","href":"https:\/\/api.w.org\/{rel}","templated":true}]}}