{"id":4333,"date":"2025-03-29T16:53:55","date_gmt":"2025-03-29T16:53:55","guid":{"rendered":"https:\/\/www.chnk.pl\/?p=4333"},"modified":"2025-03-29T16:54:03","modified_gmt":"2025-03-29T16:54:03","slug":"niedziela-iv-wielkiego-postu","status":"publish","type":"post","link":"https:\/\/www.chnk.pl\/?p=4333","title":{"rendered":"NIEDZIELA IV WIELKIEGO POSTU"},"content":{"rendered":"<p>&nbsp;<\/p>\n<p>&nbsp;<\/p>\n<p>OG\u0141OSZENIA DUSZPASTERSKIE<\/p>\n<p>NIEDZIELA IV WIELKIEGO POSTU<\/p>\n<p>30 marca 2025 r.<\/p>\n<p>1. W dniu 2 kwietnia, w \u015brod\u0119, o g. 19:30 w dwudziest\u0105 rocznic\u0119 \u015bmierci \u015bw. Jana Paw\u0142a II ks. Arcybiskup Stanis\u0142aw G\u0105decki odprawi Msz\u0119 \u015bw. w Katedrze, do udzia\u0142u w kt\u00f3rej zapraszamy Parafian. Po Mszy \u015bw. czuwanie modlitewno-poetycko-muzyczne. B\u0119d\u0105 czytane fragmenty poetyckich tekst\u00f3w Jana Paw\u0142a II i jego testament; Modlitewno-muzyczne czuwanie poprowadzi schola katedralna \u201e20na30\u201d. O godzinie 21:37 Ks. Arcybiskup udzieli zgromadzonym pasterskiego b\u0142ogos\u0142awie\u0144stwa.<\/p>\n<p>2. Spotkanie dzieci pierwszokomunijnych, przygotowuj\u0105cych si\u0119 do spowiedzi \u015bw. odb\u0119dzie si\u0119 w czwartek, 3 kwietnia o godz. 16.45 w salce parafialnej. Dzieci konicznie przynosz\u0105 ksi\u0105\u017ceczk\u0119 do nabo\u017ce\u0144stwa.<\/p>\n<p>3. DROGA KRZY\u017bOWA w pi\u0105tki Wielkiego Postu: dla dzieci godz. 16.30, dla doros\u0142ych: po porannej mszy \u015bw. i o godz. 17.30, ulicami osiedla o godz. 19.00 ( w tym tygodniu od wej\u015bcia nr 119, przynosimy ze sob\u0105 \u015bwiece lub znicze). GORZKIE \u017bALE w niedziel\u0119 o godz. 15.30.<\/p>\n<p>4. M\u0119ska Doga Krzy\u017cowa ulicami Ostrowa Tumskiego w pi\u0105tek, 4 kwietnia o godz. 19.30. Pocz\u0105tek przy gmachu Seminarium Duchownego. Przewodniczy Ks. Bp. Grzegorz Balcerek.<\/p>\n<p>5. W tym tygodniu: I czwartek, I pi\u0105tek i I sobota miesi\u0105ca miesi\u0105ca. Adoracja Naj\u015bwi\u0119tszego Sakramentu w czwartek od godz. 17.00 do 18.00 w intencji poszanowania \u017cycia cz\u0142owieka od pocz\u0119cia do naturalnej \u015bmierci, a po wieczornej mszy \u015bw. do godz. 21.00 w intencji powo\u0142a\u0144 kap\u0142a\u0144skich i zakonnych i misyjnych. Miesi\u0119czna spowied\u017a \u015bw. dla dzieci i m\u0142odzie\u017cy w pi\u0105tek od godz. 15.00, komunia \u015bw. pierwszopi\u0105tkowa podczas Drogi Krzy\u017cowej o godz. 16.30. W pi\u0105tek i w sobot\u0119 odwiedziny chorych z sakramentami \u015bw. wed\u0142ug sta\u0142ego planu. W sobot\u0119 r\u00f3\u017caniec do Niepokalanego Serca Matki Bo\u017cej o godz. 7.15.<\/p>\n<p>6. Spotkanie dla m\u0142odzie\u017cy w pi\u0105tek o godz. 19.15 w salce parafialnej.<\/p>\n<p>7. Prosimy o zg\u0142aszanie starszych Parafian do spowiedzi i komunii \u015bw. wielkanocnej na sobot\u0119 przed Niedziela Palmow\u0105.<\/p>\n<p>8. W przysz\u0142\u0105 niedziel\u0119 mo\u017cliwo\u015b\u0107 ofiarowania dar\u00f3w \u017cywno\u015bciowych, o przed\u0142u\u017conym czasie przechowywania, na \u015bniadanie wielkanocne CARITAS.<\/p>\n<p>9. Szczere podzi\u0119kowanie wszystkim, kt\u00f3rzy podj\u0119li Duchow\u0105 Adopcj\u0119 Dziecka Nienarodzonego. T\u0119 modlitw\u0119 mo\u017cna podejmowa\u0107 tak\u017ce indywidualnie, kieruj\u0105c si\u0119 mi\u0142osierdziem wobec nienarodzonych i ich rodzic\u00f3w w trudnej cz\u0119sto sytuacji \u017cyciowej.<\/p>\n<p>10. B\u00f3g zap\u0142a\u0107 skromnemu ju\u017c zespo\u0142owi sprz\u0105taj\u0105cemu ko\u015bci\u00f3\u0142, za podejmowane prace i dba\u0142o\u015b\u0107 o \u015bwi\u0105tyni\u0119. Prosimy Parafian o podj\u0119cie tej pos\u0142ugi w sobot\u0119, jeden raz w miesi\u0105cu.<\/p>\n<p>11. B\u00f3g zap\u0142a\u0107 za ofiary na danin\u0119 diecezjaln\u0105 i utrzymanie naszego ko\u015bcio\u0142a.<\/p>\n<p>12. Przy zakrystii: Przewodnik Katolicki z modlitewnikiem 5 Minut z Bogiem, Ma\u0142y Przewodnik Katolicki, Go\u015b\u0107 Niedzielny, paschaliki na st\u00f3\u0142 wielkanocny, koperty na danin\u0119 diecezjaln\u0105 i poczt\u00f3wki wielkanocne.<\/p>\n<p>13. M\u00f3dlmy si\u0119 za zmar\u0142ych Parafian. Za dusz\u0119 \u015bp. Danuty Czerniak, os. Lecha 12, \u015bp. W\u0142adys\u0142awa Matuszewskiego, os. Lecha 15, \u015bp. Ireny Hempe, os. Lecha 17. Wieczny odpoczynek racz zmar\u0142ym da\u0107 Panie.<\/p>\n<p>&nbsp;<\/p>\n<p>&nbsp;<\/p>\n<p>&nbsp;<\/p>\n<p>&nbsp;<\/p>\n<p>&nbsp;<\/p>\n<p>&nbsp;<\/p>\n<p>&nbsp;<\/p>\n<p>&nbsp;<\/p>\n<p>&nbsp;<\/p>\n<p>&nbsp;<\/p>\n<p>&nbsp;<\/p>\n<p>&nbsp;<\/p>\n<p>&nbsp;<\/p>\n<p>&nbsp;<\/p>\n<p>&nbsp;<\/p>\n<p>&nbsp;<\/p>\n<p>&nbsp;<\/p>\n<p>&nbsp;<\/p>\n<p>&nbsp;<\/p>\n","protected":false},"excerpt":{"rendered":"<p>&nbsp; &nbsp; OG\u0141OSZENIA DUSZPASTERSKIE NIEDZIELA IV WIELKIEGO POSTU 30 marca 2025 r. 1. W dniu 2 kwietnia, w \u015brod\u0119, o g. 19:30 w dwudziest\u0105 rocznic\u0119 \u015bmierci \u015bw. Jana Paw\u0142a II ks. Arcybiskup Stanis\u0142aw G\u0105decki odprawi Msz\u0119 \u015bw. w Katedrze, do udzia\u0142u w kt\u00f3rej zapraszamy Parafian. Po Mszy \u015bw. czuwanie modlitewno-poetycko-muzyczne. B\u0119d\u0105 czytane fragmenty poetyckich tekst\u00f3w &#8230; <span class=\"more\"><a class=\"more-link\" href=\"https:\/\/www.chnk.pl\/?p=4333\">czytaj wi\u0119cej<\/a><\/span><\/p>\n","protected":false},"author":3,"featured_media":0,"comment_status":"open","ping_status":"open","sticky":false,"template":"","format":"standard","meta":{"ngg_post_thumbnail":0,"footnotes":""},"categories":[1],"tags":[],"_links":{"self":[{"href":"https:\/\/www.chnk.pl\/index.php?rest_route=\/wp\/v2\/posts\/4333"}],"collection":[{"href":"https:\/\/www.chnk.pl\/index.php?rest_route=\/wp\/v2\/posts"}],"about":[{"href":"https:\/\/www.chnk.pl\/index.php?rest_route=\/wp\/v2\/types\/post"}],"author":[{"embeddable":true,"href":"https:\/\/www.chnk.pl\/index.php?rest_route=\/wp\/v2\/users\/3"}],"replies":[{"embeddable":true,"href":"https:\/\/www.chnk.pl\/index.php?rest_route=%2Fwp%2Fv2%2Fcomments&post=4333"}],"version-history":[{"count":1,"href":"https:\/\/www.chnk.pl\/index.php?rest_route=\/wp\/v2\/posts\/4333\/revisions"}],"predecessor-version":[{"id":4334,"href":"https:\/\/www.chnk.pl\/index.php?rest_route=\/wp\/v2\/posts\/4333\/revisions\/4334"}],"wp:attachment":[{"href":"https:\/\/www.chnk.pl\/index.php?rest_route=%2Fwp%2Fv2%2Fmedia&parent=4333"}],"wp:term":[{"taxonomy":"category","embeddable":true,"href":"https:\/\/www.chnk.pl\/index.php?rest_route=%2Fwp%2Fv2%2Fcategories&post=4333"},{"taxonomy":"post_tag","embeddable":true,"href":"https:\/\/www.chnk.pl\/index.php?rest_route=%2Fwp%2Fv2%2Ftags&post=4333"}],"curies":[{"name":"wp","href":"https:\/\/api.w.org\/{rel}","templated":true}]}}