{"id":4325,"date":"2025-03-22T16:51:16","date_gmt":"2025-03-22T16:51:16","guid":{"rendered":"https:\/\/www.chnk.pl\/?p=4325"},"modified":"2025-03-22T16:51:16","modified_gmt":"2025-03-22T16:51:16","slug":"niedziela-iii-wielkiego-postu","status":"publish","type":"post","link":"https:\/\/www.chnk.pl\/?p=4325","title":{"rendered":"Niedziela III Wielkiego Postu"},"content":{"rendered":"<p>&nbsp;<\/p>\n<p>&nbsp;<\/p>\n<p>&nbsp;OG\u0141OSZENIA DUSZPASTERSKIE<\/p>\n<p>Niedziela III Wielkiego Postu<\/p>\n<p>&nbsp; &nbsp; &nbsp; &nbsp; &nbsp; &nbsp; &nbsp; &nbsp; &nbsp; &nbsp; &nbsp; &nbsp; &nbsp; &nbsp; &nbsp; &nbsp; &nbsp; &nbsp; &nbsp; &nbsp; &nbsp; &nbsp; &nbsp; &nbsp; &nbsp; &nbsp; &nbsp; &nbsp; &nbsp; &nbsp; &nbsp; &nbsp; &nbsp; &nbsp; &nbsp; &nbsp; &nbsp; &nbsp; &nbsp; &nbsp; &nbsp; &nbsp; &nbsp; &nbsp; &nbsp; &nbsp; &nbsp; &nbsp;23 marca 2025 r.<\/p>\n<p>1. We wtorek Uroczysto\u015b\u0107 Zwiastowania Pa\u0144skiego. Dzie\u0144 \u015awi\u0119to\u015bci \u017bycia. Centralna Msza \u015bw. po\u0142\u0105czona z duchow\u0105 adopcj\u0105 dziecka pocz\u0119tego zostanie odprawiona we wtorek, 25 marca o godz. 18.00 w parafii pw. Zwiastowania Pa\u0144skiego, ul. Boles\u0142awa Le\u015bmiana (\u0141awica) &#8211; w Archidiecezjalnym Sanktuarium \u015awi\u0119to\u015bci \u017bycia. W naszej Parafii msza \u015bw. o godz. 8.00 i 18.00. Na mszy \u015bw. mo\u017cliwo\u015b\u0107 z\u0142o\u017cenia ofiary na Fundusz Obrony \u017bycia.<\/p>\n<p>2. W \u015brod\u0119 kr\u00f3tkie zebranie r\u00f3\u017ca\u0144cowe po wieczornej mszy \u015bw.<\/p>\n<p>3. Spotkanie dzieci pierwszokomunijnych, przygotowuj\u0105ce do spowiedzi \u015bw. odb\u0119dzie si\u0119 w czwartek, 27 marca o godz. 16.45 w salce parafialnej. Dzieci koniecznie przynosz\u0105 ksi\u0105\u017ceczki do nabo\u017ce\u0144stwa.<\/p>\n<p>4. Msza \u015bw. z modlitw\u0105 o uzdrowienie w czwartek o godz. 19.15. Pod ch\u00f3rem mo\u017cna zostawi\u0107 zapisane intencje, kt\u00f3re maj\u0105 by\u0107 w\u0142\u0105czone w odprawian\u0105 msz\u0119 \u015bw.<\/p>\n<p>5. DROGA KRZY\u017bOWA w pi\u0105tki Wielkiego Postu: dla dzieci godz. 16.30, dla doros\u0142ych po porannej mszy \u015bw. i o godz. 17.30 oraz ulicami osiedla o godz. 19.00 od wej\u015bcia 122 (przynosimy lampiony lub znicze). GORZKIE \u017bALE w niedziel\u0119 o godz. 15.30.<\/p>\n<p>6. Trwa Rok Jubileuszowy. Jest to okazja do \u015bwi\u0119towania naszej wiary. Z tej racji zapraszamy wszystkich cz\u0142onk\u00f3w \u017bywego R\u00f3\u017ca\u0144ca do prze\u017cycia Jubileuszowego spotkania, kt\u00f3re ob\u0119dzie si\u0119 w Farze Pozna\u0144skiej, w sobot\u0119, dnia 29 marca, od godz. 11:00. W programie b\u0119dzie konferencja, wsp\u00f3lny r\u00f3\u017caniec, koncert i Eucharystia. Zapraszamy wszystkich do pojawienia si\u0119 na tej niezwyk\u0142ej uroczysto\u015bci. Spotkajmy si\u0119 wsp\u00f3lnie u Matki i powierzmy przez Jej wstawiennictwo nasze jubileuszowe \u015bwi\u0119towanie. Program spotkania na tablicy.<\/p>\n<p>7. W Biurze Parafialnym i w zakrystii zg\u0142oszenia chorych i starszych parafian do komunii \u015bw. wielkanocnej, na sobot\u0119 przed Niedziel\u0105 Palmow\u0105.<\/p>\n<p>8. Okazja do spowiedzi \u015bw. w soboty od godz. 16.00 do 18.00 i ka\u017cdego dnia p\u00f3\u0142 godziny przed msz\u0105 \u015bw. Trwa ju\u017c czas spowiedzi i komunii \u015bw. wielkanocnej.<\/p>\n<p>9.W Wielkim Po\u015bcie sk\u0142adamy ofiary na danin\u0119 diecezjaln\u0105, kt\u00f3ra jest przeznaczona na utrzymanie centralnych instytucji diecezjalnych tzn. Seminarium Duchownego, Domu Ksi\u0119\u017cy Emeryt\u00f3w, Muzeum i Archiwum, Katedry, Kurii Metropolitalnej i na Caritas. Koperty na danin\u0119 diecezjaln\u0105 z \u017c\u00f3\u0142t\u0105 kartk\u0105 na cele parafialne mo\u017cna odbiera\u0107 przy zakrystii.<\/p>\n<p>10. W dniu 2 kwietnia o g. 19:30 w dwudziest\u0105 rocznic\u0119 \u015bmierci \u015bw. Jana Paw\u0142a II ks. Arcybiskup Stanis\u0142aw G\u0105decki odprawi Msz\u0119 \u015bw. katedrze. Po Mszy \u015bw. czuwanie modlitewno-poetycko-muzyczne. O g. 21:37 Ks. Arcybiskup udzieli zgromadzonym pasterskiego b\u0142ogos\u0142awie\u0144stwa.<\/p>\n<p>11. Rekolekcje wielkopostne dla \u015brodowiska medycznego odb\u0119d\u0105 si\u0119 w ko\u015bciele Przemienienia Pa\u0144skiego, przy Rynku Bernardy\u0144skim w dniach od 3 do 6 kwietnia o godz. 19.00 i w niedziel\u0119 o godz. 16.30. Komunikat na tablicy og\u0142osze\u0144.<\/p>\n<p>12. Zach\u0119camy do czytania prasy katolickiej: Przy zakrystii: Przewodnik Katolicki, Ma\u0142y Przewodnik Katolicki, Go\u015b\u0107 Niedzielny, gazeta parafialna, poczt\u00f3wki wielkanocne.<\/p>\n<p>13. M\u00f3dlmy si\u0119 za zmar\u0142ych Parafian. Za dusze \u015bp. Henryka Krakowskiego, os. Lecha 123 (msza \u015bw. pogrzebowa we wtorek o godz. 9.00). Wieczny odpoczynek racz zmar\u0142ym da\u0107 Panie.<\/p>\n<p>&nbsp;<\/p>\n<p>&nbsp;<\/p>\n<p>&nbsp;<\/p>\n<p>&nbsp;<\/p>\n<p>&nbsp;<\/p>\n<p>&nbsp;<\/p>\n<p>&nbsp;<\/p>\n<p>&nbsp;<\/p>\n<p>&nbsp;<\/p>\n<p>&nbsp;<\/p>\n","protected":false},"excerpt":{"rendered":"<p>&nbsp; &nbsp; &nbsp;OG\u0141OSZENIA DUSZPASTERSKIE Niedziela III Wielkiego Postu &nbsp; &nbsp; &nbsp; &nbsp; &nbsp; &nbsp; &nbsp; &nbsp; &nbsp; &nbsp; &nbsp; &nbsp; &nbsp; &nbsp; &nbsp; &nbsp; &nbsp; &nbsp; &nbsp; &nbsp; &nbsp; &nbsp; &nbsp; &nbsp; &nbsp; &nbsp; &nbsp; &nbsp; &nbsp; &nbsp; &nbsp; &nbsp; &nbsp; &nbsp; &nbsp; &nbsp; &nbsp; &nbsp; &nbsp; &nbsp; &nbsp; &nbsp; &nbsp; &nbsp; &nbsp; &nbsp; &nbsp; &#8230; <span class=\"more\"><a class=\"more-link\" href=\"https:\/\/www.chnk.pl\/?p=4325\">czytaj wi\u0119cej<\/a><\/span><\/p>\n","protected":false},"author":3,"featured_media":0,"comment_status":"open","ping_status":"open","sticky":false,"template":"","format":"standard","meta":{"ngg_post_thumbnail":0,"footnotes":""},"categories":[1],"tags":[],"_links":{"self":[{"href":"https:\/\/www.chnk.pl\/index.php?rest_route=\/wp\/v2\/posts\/4325"}],"collection":[{"href":"https:\/\/www.chnk.pl\/index.php?rest_route=\/wp\/v2\/posts"}],"about":[{"href":"https:\/\/www.chnk.pl\/index.php?rest_route=\/wp\/v2\/types\/post"}],"author":[{"embeddable":true,"href":"https:\/\/www.chnk.pl\/index.php?rest_route=\/wp\/v2\/users\/3"}],"replies":[{"embeddable":true,"href":"https:\/\/www.chnk.pl\/index.php?rest_route=%2Fwp%2Fv2%2Fcomments&post=4325"}],"version-history":[{"count":1,"href":"https:\/\/www.chnk.pl\/index.php?rest_route=\/wp\/v2\/posts\/4325\/revisions"}],"predecessor-version":[{"id":4326,"href":"https:\/\/www.chnk.pl\/index.php?rest_route=\/wp\/v2\/posts\/4325\/revisions\/4326"}],"wp:attachment":[{"href":"https:\/\/www.chnk.pl\/index.php?rest_route=%2Fwp%2Fv2%2Fmedia&parent=4325"}],"wp:term":[{"taxonomy":"category","embeddable":true,"href":"https:\/\/www.chnk.pl\/index.php?rest_route=%2Fwp%2Fv2%2Fcategories&post=4325"},{"taxonomy":"post_tag","embeddable":true,"href":"https:\/\/www.chnk.pl\/index.php?rest_route=%2Fwp%2Fv2%2Ftags&post=4325"}],"curies":[{"name":"wp","href":"https:\/\/api.w.org\/{rel}","templated":true}]}}