{"id":4321,"date":"2025-03-21T21:04:21","date_gmt":"2025-03-21T21:04:21","guid":{"rendered":"https:\/\/www.chnk.pl\/?p=4321"},"modified":"2025-03-21T21:04:31","modified_gmt":"2025-03-21T21:04:31","slug":"dziedzictwo-jana-pawla-ii-miedzynarodowa-konferencja-i-wieczor-poezji","status":"publish","type":"post","link":"https:\/\/www.chnk.pl\/?p=4321","title":{"rendered":"Dziedzictwo Jana Paw\u0142a II: mi\u0119dzynarodowa konferencja i wiecz\u00f3r poezji"},"content":{"rendered":"<p>Dziedzictwo Jana Paw\u0142a II: mi\u0119dzynarodowa konferencja i wiecz\u00f3r poezji<\/p>\n<p>Wybitni historycy, filozofowie, teologowie, a tak\u017ce przedstawiciele duchowie\u0144stwa, wa\u017cni politycy i dyplomaci b\u0119d\u0105 go\u015b\u0107mi mi\u0119dzynarodowej konferencji \u201eJan Pawe\u0142 II: czyta\u0107 histori\u0119, tworzy\u0107 histori\u0119\u201d \u2013 26 i 27 marca na Uniwersytecie im. Adama Mickiewicza w Poznaniu. Organizatorem wydarzenia jest Wydzia\u0142 Historii UAM.<\/p>\n<p>Konferencja odbywa si\u0119 w rocznic\u0119 nadania w 2001 roku doktoratu honoris causa Janowi Paw\u0142owi II przez pozna\u0144ski Uniwersytet, a tak\u017ce w przededniu 20. rocznicy Jego \u015bmierci i stanowi wyj\u0105tkow\u0105 okazj\u0119 do ponownego odkrycia dziedzictwa Jego my\u015bli, przypomnienia roli, jak\u0105 odegra\u0142 w kszta\u0142towaniu dziej\u00f3w wsp\u00f3\u0142czesnych, zrozumienia Jego wp\u0142ywu na histori\u0119 oraz refleksji nad warto\u015bciami, kt\u00f3re promowa\u0142. Wst\u0119p na konferencj\u0119 jest wolny. Szczeg\u00f3\u0142y na stronie www.jp2-historia.pl a tak\u017ce na plakatach.<\/p>\n<p>Wydarzeniem towarzysz\u0105cym Konferencji b\u0119dzie tak\u017ce wiecz\u00f3r z tw\u00f3rczo\u015bci\u0105 poetyck\u0105 Karola Wojty\u0142y organizowany przez Teatr Muzyczny w Poznaniu. 26 marca o g. 19.30 w Auli UAM us\u0142yszymy fragmenty poematu \u201eTryptyk rzymski\u201d w wykonaniu Stanis\u0142awa Soyki i m\u0142odzie\u0144cze poematy Karola Wojty\u0142y w interpretacji Mai Komorowskiej. Bilety na to wydarzenie mo\u017cna kupowa\u0107 w kasie Teatru Muzycznego w Poznaniu oraz na stronie: www.teatr-muzyczny.pl<\/p>\n<p>&nbsp;<\/p>\n","protected":false},"excerpt":{"rendered":"<p>Dziedzictwo Jana Paw\u0142a II: mi\u0119dzynarodowa konferencja i wiecz\u00f3r poezji Wybitni historycy, filozofowie, teologowie, a tak\u017ce przedstawiciele duchowie\u0144stwa, wa\u017cni politycy i dyplomaci b\u0119d\u0105 go\u015b\u0107mi mi\u0119dzynarodowej konferencji \u201eJan Pawe\u0142 II: czyta\u0107 histori\u0119, tworzy\u0107 histori\u0119\u201d \u2013 26 i 27 marca na Uniwersytecie im. Adama Mickiewicza w Poznaniu. Organizatorem wydarzenia jest Wydzia\u0142 Historii UAM. Konferencja odbywa si\u0119 w rocznic\u0119 &#8230; <span class=\"more\"><a class=\"more-link\" href=\"https:\/\/www.chnk.pl\/?p=4321\">czytaj wi\u0119cej<\/a><\/span><\/p>\n","protected":false},"author":3,"featured_media":0,"comment_status":"open","ping_status":"open","sticky":false,"template":"","format":"standard","meta":{"ngg_post_thumbnail":0,"footnotes":""},"categories":[1],"tags":[],"_links":{"self":[{"href":"https:\/\/www.chnk.pl\/index.php?rest_route=\/wp\/v2\/posts\/4321"}],"collection":[{"href":"https:\/\/www.chnk.pl\/index.php?rest_route=\/wp\/v2\/posts"}],"about":[{"href":"https:\/\/www.chnk.pl\/index.php?rest_route=\/wp\/v2\/types\/post"}],"author":[{"embeddable":true,"href":"https:\/\/www.chnk.pl\/index.php?rest_route=\/wp\/v2\/users\/3"}],"replies":[{"embeddable":true,"href":"https:\/\/www.chnk.pl\/index.php?rest_route=%2Fwp%2Fv2%2Fcomments&post=4321"}],"version-history":[{"count":1,"href":"https:\/\/www.chnk.pl\/index.php?rest_route=\/wp\/v2\/posts\/4321\/revisions"}],"predecessor-version":[{"id":4322,"href":"https:\/\/www.chnk.pl\/index.php?rest_route=\/wp\/v2\/posts\/4321\/revisions\/4322"}],"wp:attachment":[{"href":"https:\/\/www.chnk.pl\/index.php?rest_route=%2Fwp%2Fv2%2Fmedia&parent=4321"}],"wp:term":[{"taxonomy":"category","embeddable":true,"href":"https:\/\/www.chnk.pl\/index.php?rest_route=%2Fwp%2Fv2%2Fcategories&post=4321"},{"taxonomy":"post_tag","embeddable":true,"href":"https:\/\/www.chnk.pl\/index.php?rest_route=%2Fwp%2Fv2%2Ftags&post=4321"}],"curies":[{"name":"wp","href":"https:\/\/api.w.org\/{rel}","templated":true}]}}