{"id":4314,"date":"2025-03-15T16:02:39","date_gmt":"2025-03-15T16:02:39","guid":{"rendered":"https:\/\/www.chnk.pl\/?p=4314"},"modified":"2025-03-17T15:58:23","modified_gmt":"2025-03-17T15:58:23","slug":"niedziela-ii-wielkiego-postu","status":"publish","type":"post","link":"https:\/\/www.chnk.pl\/?p=4314","title":{"rendered":"NIEDZIELA II WIELKIEGO POSTU"},"content":{"rendered":"<p>&nbsp;<\/p>\n<p>&nbsp;<\/p>\n<p>OG\u0141OSZENIA DUSZPASTERSKIE<\/p>\n<p>NIEDZIELA II WIELKIEGO POSTU<\/p>\n<p>16 marca 2025 r.<\/p>\n<p>1. PRZEPISY POSTNE. Wierni, kt\u00f3rzy uko\u0144czyli 14 rok \u017cycia, s\u0105 zobowi\u0105zani do do zachowania w ci\u0105gu ca\u0142ego \u017cycia wstrzemi\u0119\u017aliwo\u015bci od pokarm\u00f3w mi\u0119snych we wszystkie pi\u0105tki ca\u0142ego roku i w \u015arod\u0119 Popielcow\u0105. Wstrzemi\u0119\u017aliwo\u015b\u0107 nie obowi\u0105zuje, je\u017celi w pi\u0105tek przypada uroczysto\u015b\u0107 ko\u015bcielna. Wierni, kt\u00f3rzy uko\u0144czyli 18 rok \u017cycia, a\u017c do rozpocz\u0119cia 60 roku \u017cycia, opr\u00f3cz wstrzemi\u0119\u017aliwo\u015bci od pokarm\u00f3w mi\u0119snych s\u0105 zobowi\u0105zani do zachowania postu \u015bcis\u0142ego w \u015arod\u0119 Popielcow\u0105 i Wielki Pi\u0105tek. Post \u015bcis\u0142y pozwala na jednorazowy posi\u0142ek do syta oraz dwa skromne posi\u0142ki w ci\u0105gu dnia. Wierni, kt\u00f3rzy nie maj\u0105 mo\u017cliwo\u015bci wyboru pokarm\u00f3w i musz\u0105 spo\u017cywa\u0107 to, co zostanie im podane, mog\u0105 korzysta\u0107 z dyspensy od obowi\u0105zku wstrzymania si\u0119 od potraw mi\u0119snych w pi\u0105tki ca\u0142ego roku. Z wyj\u0105tkiem \u015arody Popielcowej i Wielkiego Pi\u0105tku. Niemo\u017cno\u015b\u0107 zachowania wstrzemi\u0119\u017aliwo\u015bci w pi\u0105tek zak\u0142ada jednak podj\u0119cie innych form pokuty, takich jak: modlitwa, ja\u0142mu\u017cna, uczynki pobo\u017cno\u015bci i mi\u0142o\u015bci, wierniejsze spe\u0142nianie obowi\u0105zk\u00f3w.<\/p>\n<p>2. Duchowa Adopcja Dziecka Nienarodzonego to modlitewna obrona dzieci nienarodzonych, kt\u00f3rych \u017cycie jest zagro\u017cone z powodu braku mi\u0142o\u015bci. Podj\u0119cie modlitwy w intencji ich ocalenia mo\u017cna zadeklarowa\u0107 w tygodniu przed i po mszy \u015bw. i w niedziel\u0119 przed msz\u0105 \u015bw. o godz. 9.30. Uroczyste podj\u0119cie Duchowej Adopcji w niedziel\u0119 23 marca na mszy \u015bw. o godz. 9.30.<\/p>\n<p>3. Coroczna, ca\u0142odzienna, adoracja Naj\u015bwi\u0119tszego Sakramentu w naszej Parafii odbywa si\u0119 zawsze w Uroczysto\u015b\u0107 \u015bw. J\u00f3zefa. Rozpoczniemy j\u0105 w \u015brod\u0119 o godz. 10.00 i potrwa do godz. 20.00. Proponujemy aby o godz. 10.00 rozpocz\u0119\u0142o Apostolstwo Dobrej \u015amierci, o 11.00 Parafianie z blok\u00f3w 15 do 20, o godz. 12.00 Parafianie z blok\u00f3w 122 do129, o godz. 13.00 z blok\u00f3w 39, 40, 42, o godz. 14.00 Parafianie z blok\u00f3w czteropi\u0119trowych, o godz. 15.00 \u017bywy R\u00f3\u017caniec, o godz. 16.00 grupa CARITAS i Schola, o godz. 17.00 m\u0119\u017cczy\u017ani, o godz, 19.00 rodzice kandydat\u00f3w do bierzmowania i dzieci komunijnych Plan ad\u00acoracji nale\u017cy traktowa\u0107 ramowo. Nie mo\u017cna zlekcewa\u017cy\u0107 dnia uroczystej czci oddawanej Panu Jezusowi w Naj\u015bwi\u0119tszym Sakramencie.<\/p>\n<p>4. Procesja salety\u0144ska w \u015brod\u0119 po mszy \u015bw. o godz. 8.00.<\/p>\n<p>5.Spotkanie dla bierzmowanych w czwartek o godz. 19.30<\/p>\n<p>6. DROGA KRZY\u017bOWA w pi\u0105tki Wielkiego Postu: dla dzieci godz. 16.30, dla doros\u0142ych: po porannej mszy \u015bw. i o godz. 17.30, a ulicami osiedla o godz. 19.00 (od wej\u015bcia nr 13, przynosimy ze sob\u0105 \u015bwiece lub znicze). GORZKIE \u017bALE w niedziele o godz. 15.30.<\/p>\n<p>7. W Wielkim Po\u015bcie sk\u0142adamy ofiary na danin\u0119 diecezjaln\u0105, przeznaczon\u0105 na utrzymanie centralnych instytucji diecezjalnych tzn. Seminarium, Domu Ksi\u0119\u017cy Emeryt\u00f3w, Muzeum i Archiwum, Kurii Metropolitalnej i na Caritas. Koperty na danin\u0119 diecezjaln\u0105 z \u017c\u00f3\u0142t\u0105 kartk\u0105 na cele parafialne mo\u017cna odbiera\u0107 przy zakrystii.<\/p>\n<p>8. Prosimy zg\u0142asza\u0107 chorych i starszych parafian do komunii \u015bw. wielkanocnej, na sobot\u0119 przed Niedziel\u0105 Palmow\u0105.<\/p>\n<p>9. Dzisiaj przed ko\u015bcio\u0142em kwesta na dzie\u0142o misyjne Ko\u015bcio\u0142a.<\/p>\n<p>10. Przy zakrystii: Przewodnik Katolicki, Ma\u0142y Przewodnik, Go\u015b\u0107 Niedzielny oraz poczt\u00f3wki wielkanocne.<\/p>\n<p>11. M\u00f3dlmy si\u0119 za zmar\u0142ych Parafian. Za dusz\u0119 \u015bp. Ryszarda Andrzejewskiego, os. Lecha 129 ( msza \u015bw. pogrzebowa w \u015brod\u0119 o godz. 9.10), Alicji Wawrzyniak, dawniej os. Lecha 92 (msza \u015bw. pogrzebowa we wtorek o godz. 18.45) . Wieczny odpoczynek racz zmar\u0142ym da\u0107 Panie.<\/p>\n<p>&nbsp;<\/p>\n<p>&nbsp;<\/p>\n<p>&nbsp;<\/p>\n","protected":false},"excerpt":{"rendered":"<p>&nbsp; &nbsp; OG\u0141OSZENIA DUSZPASTERSKIE NIEDZIELA II WIELKIEGO POSTU 16 marca 2025 r. 1. PRZEPISY POSTNE. Wierni, kt\u00f3rzy uko\u0144czyli 14 rok \u017cycia, s\u0105 zobowi\u0105zani do do zachowania w ci\u0105gu ca\u0142ego \u017cycia wstrzemi\u0119\u017aliwo\u015bci od pokarm\u00f3w mi\u0119snych we wszystkie pi\u0105tki ca\u0142ego roku i w \u015arod\u0119 Popielcow\u0105. Wstrzemi\u0119\u017aliwo\u015b\u0107 nie obowi\u0105zuje, je\u017celi w pi\u0105tek przypada uroczysto\u015b\u0107 ko\u015bcielna. Wierni, kt\u00f3rzy uko\u0144czyli &#8230; <span class=\"more\"><a class=\"more-link\" href=\"https:\/\/www.chnk.pl\/?p=4314\">czytaj wi\u0119cej<\/a><\/span><\/p>\n","protected":false},"author":3,"featured_media":0,"comment_status":"open","ping_status":"open","sticky":false,"template":"","format":"standard","meta":{"ngg_post_thumbnail":0,"footnotes":""},"categories":[1],"tags":[],"_links":{"self":[{"href":"https:\/\/www.chnk.pl\/index.php?rest_route=\/wp\/v2\/posts\/4314"}],"collection":[{"href":"https:\/\/www.chnk.pl\/index.php?rest_route=\/wp\/v2\/posts"}],"about":[{"href":"https:\/\/www.chnk.pl\/index.php?rest_route=\/wp\/v2\/types\/post"}],"author":[{"embeddable":true,"href":"https:\/\/www.chnk.pl\/index.php?rest_route=\/wp\/v2\/users\/3"}],"replies":[{"embeddable":true,"href":"https:\/\/www.chnk.pl\/index.php?rest_route=%2Fwp%2Fv2%2Fcomments&post=4314"}],"version-history":[{"count":3,"href":"https:\/\/www.chnk.pl\/index.php?rest_route=\/wp\/v2\/posts\/4314\/revisions"}],"predecessor-version":[{"id":4319,"href":"https:\/\/www.chnk.pl\/index.php?rest_route=\/wp\/v2\/posts\/4314\/revisions\/4319"}],"wp:attachment":[{"href":"https:\/\/www.chnk.pl\/index.php?rest_route=%2Fwp%2Fv2%2Fmedia&parent=4314"}],"wp:term":[{"taxonomy":"category","embeddable":true,"href":"https:\/\/www.chnk.pl\/index.php?rest_route=%2Fwp%2Fv2%2Fcategories&post=4314"},{"taxonomy":"post_tag","embeddable":true,"href":"https:\/\/www.chnk.pl\/index.php?rest_route=%2Fwp%2Fv2%2Ftags&post=4314"}],"curies":[{"name":"wp","href":"https:\/\/api.w.org\/{rel}","templated":true}]}}