{"id":4309,"date":"2025-03-08T16:47:54","date_gmt":"2025-03-08T16:47:54","guid":{"rendered":"https:\/\/www.chnk.pl\/?p=4309"},"modified":"2025-03-08T16:47:54","modified_gmt":"2025-03-08T16:47:54","slug":"i-niedziela-wielkiego-postu","status":"publish","type":"post","link":"https:\/\/www.chnk.pl\/?p=4309","title":{"rendered":"I Niedziela Wielkiego Postu"},"content":{"rendered":"<p>OG\u0141OSZENIA DUSZPASTERSKIE<\/p>\n<p>NIEDZIELA I WIELKIEGO POSTU<\/p>\n<p>&nbsp;9 marca 2025 r.<\/p>\n<p>&nbsp;<\/p>\n<p>1. Zako\u0144czyli\u015bmy&nbsp; rekolekcje parafialne. B\u00f3g zap\u0142a\u0107 o. J\u00f3zefowi Nies\u0142onemu za pos\u0142ug\u0119 rekolekcyjn\u0105 oraz Parafianom za udzia\u0142 w rekolekcjach i miejskiej Drodze Krzy\u017cowej.<\/p>\n<p>2. Czas Komunii \u015bw. wielkanocnej obejmuje okres od \u015arody Popielcowej, do dnia 15 czerwca 2025 r. tj. do niedzieli Naj\u015bwi\u0119tszej Tr\u00f3jcy. Przyj\u0119cie Komunii \u015bw.&nbsp; &nbsp; &nbsp; &nbsp; &nbsp; &nbsp; &nbsp; &nbsp; &nbsp;z okazji Wielkanocy w naznaczonym terminie nale\u017cy do podstawowych obowi\u0105zk\u00f3w katolika. Pami\u0119tajmy aby z \u017cyw\u0105 wiar\u0105 i \u017carliw\u0105 skruch\u0105 przyst\u0105pi\u0107 do Sakramentu Pojednania i duchowo odnowieni przyj\u0105\u0107 Chrystusa w Komunii \u015bw.<\/p>\n<p>3. W czwartek 12 rocznica wyboru papie\u017ca Franciszka. B\u0119dziemy modli\u0107 si\u0119&nbsp; &nbsp; &nbsp; &nbsp; &nbsp; &nbsp; &nbsp; &nbsp; &nbsp; o zdrowie dla Ojca \u015bw. na r\u00f3\u017ca\u0144cu o godz. 17.30&nbsp; i&nbsp; na Adoracji po mszy \u015bw, wieczornej.<\/p>\n<p>4. DROGA KRZY\u017bOWA w pi\u0105tki Wielkiego Postu: dla dzieci godz. 16.30, dla doros\u0142ych o godz. 8.40 (po porannej mszy \u015bw.) i godz. o 17.30 oraz ulicami osiedla&nbsp; &nbsp; &nbsp; &nbsp; &nbsp; &nbsp; &nbsp; &nbsp; &nbsp; &nbsp; o godz. 19.00 (w tym tygodniu od wej\u015bcia 78, przynosimy ze sob\u0105 \u015bwiece-znicze). GORZKIE \u017bALE w niedziele Wielkiego Postu o godz. 15.30.<\/p>\n<p>5. Spotkanie duszpasterstwa m\u0142odzie\u017cy w pi\u0105tek o 19:15 w salce.<\/p>\n<p>6. Grupa Anonimowych Alkoholik\u00f3w spotyka si\u0119 we wtorki w salce parafialnej&nbsp; &nbsp; &nbsp; &nbsp; &nbsp; &nbsp; &nbsp; &nbsp; o godz. 19.00 i jest otwarta na wszystkich, kt\u00f3rzy szukaj\u0105 pomocy do \u017cycia&nbsp; &nbsp; &nbsp; &nbsp; &nbsp; &nbsp; &nbsp; &nbsp; &nbsp; &nbsp; w trze\u017awo\u015bci.<\/p>\n<p>7. Prosimy zg\u0142asza\u0107 chorych i starszych Parafian do Komunii \u015bw. wielkanocnej, na sobot\u0119 przed Niedziel\u0105 Palmow\u0105.<\/p>\n<p>8. Zach\u0119camy do w\u0142\u0105czenia si\u0119 w wielkopostne wydarzenie \u201eKo\u015bcio\u0142\u00f3w stacyjnych miasta Poznania\u201d. Ka\u017cdego dnia, z wy\u0142\u0105czeniem niedziel, pielgrzymi gromadz\u0105 si\u0119 w innej \u015bwi\u0105tyni miasta, aby trwa\u0107 na modlitwie. Spis ko\u015bcio\u0142\u00f3w znajdziemy na stronie internetowej Archidiecezji Pozna\u0144skiej.<\/p>\n<p>9. B\u00f3g zap\u0142a\u0107 za ofiary z\u0142o\u017cone w \u015arod\u0119 Popielcow\u0105 na CARITAS. W przysz\u0142\u0105 niedziel\u0119, II-\u0105 Wielkiego Postu, przed ko\u015bcio\u0142em kwesta na misje.<\/p>\n<p>10. Zach\u0119camy do czytania prasy religijnej. Przy zakrystii: Przewodnik Katolicki, Go\u015b\u0107 Niedzielny,Go\u015b\u0107 Niedzielny Exstra, Ma\u0142y Przewodnik Katolicki, Ziarno. Dzieci zach\u0119camy do wype\u0142niania zada\u0144 z Ziarna.<\/p>\n<p>11. M\u00f3dlmy si\u0119 za zmar\u0142ych parafian. Za dusz\u0119 \u015bp. Bronis\u0142awa Karolczaka, os. Lecha 16. Msza \u015bw. pogrzebowa i pogrzeb w Radzewicach. Wieczny odpoczynek racz zmar\u0142ym da\u0107 Panie.<\/p>\n<p>&nbsp;<\/p>\n<p>&nbsp;<\/p>\n<p>&nbsp;<\/p>\n<p>&nbsp;<\/p>\n<p>&nbsp;<\/p>\n<p>&nbsp;<\/p>\n<p>&nbsp;<\/p>\n","protected":false},"excerpt":{"rendered":"<p>OG\u0141OSZENIA DUSZPASTERSKIE NIEDZIELA I WIELKIEGO POSTU &nbsp;9 marca 2025 r. &nbsp; 1. Zako\u0144czyli\u015bmy&nbsp; rekolekcje parafialne. B\u00f3g zap\u0142a\u0107 o. J\u00f3zefowi Nies\u0142onemu za pos\u0142ug\u0119 rekolekcyjn\u0105 oraz Parafianom za udzia\u0142 w rekolekcjach i miejskiej Drodze Krzy\u017cowej. 2. Czas Komunii \u015bw. wielkanocnej obejmuje okres od \u015arody Popielcowej, do dnia 15 czerwca 2025 r. tj. do niedzieli Naj\u015bwi\u0119tszej Tr\u00f3jcy. Przyj\u0119cie &#8230; <span class=\"more\"><a class=\"more-link\" href=\"https:\/\/www.chnk.pl\/?p=4309\">czytaj wi\u0119cej<\/a><\/span><\/p>\n","protected":false},"author":3,"featured_media":0,"comment_status":"open","ping_status":"open","sticky":false,"template":"","format":"standard","meta":{"ngg_post_thumbnail":0,"footnotes":""},"categories":[1],"tags":[],"_links":{"self":[{"href":"https:\/\/www.chnk.pl\/index.php?rest_route=\/wp\/v2\/posts\/4309"}],"collection":[{"href":"https:\/\/www.chnk.pl\/index.php?rest_route=\/wp\/v2\/posts"}],"about":[{"href":"https:\/\/www.chnk.pl\/index.php?rest_route=\/wp\/v2\/types\/post"}],"author":[{"embeddable":true,"href":"https:\/\/www.chnk.pl\/index.php?rest_route=\/wp\/v2\/users\/3"}],"replies":[{"embeddable":true,"href":"https:\/\/www.chnk.pl\/index.php?rest_route=%2Fwp%2Fv2%2Fcomments&post=4309"}],"version-history":[{"count":1,"href":"https:\/\/www.chnk.pl\/index.php?rest_route=\/wp\/v2\/posts\/4309\/revisions"}],"predecessor-version":[{"id":4310,"href":"https:\/\/www.chnk.pl\/index.php?rest_route=\/wp\/v2\/posts\/4309\/revisions\/4310"}],"wp:attachment":[{"href":"https:\/\/www.chnk.pl\/index.php?rest_route=%2Fwp%2Fv2%2Fmedia&parent=4309"}],"wp:term":[{"taxonomy":"category","embeddable":true,"href":"https:\/\/www.chnk.pl\/index.php?rest_route=%2Fwp%2Fv2%2Fcategories&post=4309"},{"taxonomy":"post_tag","embeddable":true,"href":"https:\/\/www.chnk.pl\/index.php?rest_route=%2Fwp%2Fv2%2Ftags&post=4309"}],"curies":[{"name":"wp","href":"https:\/\/api.w.org\/{rel}","templated":true}]}}