{"id":4293,"date":"2025-03-01T19:01:49","date_gmt":"2025-03-01T19:01:49","guid":{"rendered":"https:\/\/www.chnk.pl\/?p=4293"},"modified":"2025-03-01T19:01:49","modified_gmt":"2025-03-01T19:01:49","slug":"8-niedziela-zwykla-3","status":"publish","type":"post","link":"https:\/\/www.chnk.pl\/?p=4293","title":{"rendered":"8 Niedziela Zwyk\u0142a"},"content":{"rendered":"<p>OG\u0141OSZENIA DUSZPASTERSKIE<\/p>\n<p>NIEDZIELA VIII ZWYK\u0141A<\/p>\n<p>&nbsp;2 marca 2025 r.<\/p>\n<p>1. Rozpocz\u0119li\u015bmy rekolekcje, kt\u00f3re potrwaj\u0105 do \u015arody Popielcowej. Poprowadzi je o. J\u00f3zef Nies\u0142ony, Oblat Maryi Niepokalanej. Nauki rekolekcyjne o godz. 8.00 i 18.00. Od poniedzia\u0142ku do \u015brody, po wieczornej mszy \u015bw., wystawienie Naj\u015bwi\u0119tszego Sakramentu i adoracja do godz. 20.30. Ca\u0142o\u015bciowy program rekolekcji jest wywieszony na tablicy og\u0142osze\u0144, wy\u0142o\u017cony pod ch\u00f3rem i zamieszczony na stronie internetowej naszej parafii.<\/p>\n<p>2. We wtorek ko\u0144czy si\u0119 czas hucznych wesel i zabaw. Od \u015brody rozpoczynamy Wielki Post. Rozpoczyna si\u0119 czas spowiedzi i Komunii \u015bw. wielkanocnej.<\/p>\n<p>3. W \u015arod\u0119 Popielcow\u0105 msza \u015bw. o godz. 8.00, 16.30, 18.00. W \u015arod\u0119 Popielcow\u0105 obowi\u0105zuje post zwyk\u0142y i post \u015bcis\u0142y od kt\u00f3rych nie ma dyspensy. Do zachowania postu \u015bcis\u0142ego zobowi\u0105zane s\u0105 osoby, kt\u00f3re uko\u0144czy\u0142y osiemnasty rok \u017cycia a nie rozpocz\u0119\u0142y jeszcze sze\u015b\u0107dziesi\u0105tego. Post zwyk\u0142y obowi\u0105zuje od 14 roku do \u015bmierci. W \u015arod\u0119 Popielcow\u0105, przed ko\u015bcio\u0142em, mo\u017cliwo\u015b\u0107 z\u0142o\u017cenia ofiary na CARITAS. Od \u015arody Popielcowej do niedzieli odprawia si\u0119 Kwartalne dni modlitw o ducha pokuty po\u0142\u0105czone z modlitw\u0105 o trze\u017awo\u015b\u0107. Modlitw\u0105, postem i trze\u017awo\u015bci\u0105 pragniemy wynagrodzi\u0107 sprawiedliwo\u015bci Bo\u017cej nasze grzechy. Zach\u0119camy do podj\u0119cia indywidualnego postu o chlebie i wodzie w jeden dzie\u0144 Wielkiego Postu. Szukamy czterdziestu parafian, kt\u00f3rzy podj\u0119liby t\u0119 praktyk\u0119 pokutn\u0105 w intencji wynagrodzenia Panu Bogu za blu\u017anierstwa. Szczeg\u00f3\u0142y po mszy \u015bw. w kaplicy.<\/p>\n<p>4. W czwartek, 6 marca br. godz. 1830 zostanie odprawiona w naszym mie\u015bcie tradycyjna Droga Krzy\u017cowa. Rozpocznie si\u0119 ona Msz\u0105 \u015bw. w pozna\u0144skiej Farze o godz. 1800 i uda si\u0119 na Plac A. Mickiewicza. W roku wyniesienia do chwa\u0142y o\u0142tarzy Czcigodnego S\u0142ugi Bo\u017cego ks. Stanis\u0142awa Streicha pragniemy prosi\u0107 Boga o u\u015bwi\u0119cenie kap\u0142an\u00f3w oraz o nowe powo\u0142ania kap\u0142a\u0144skie. Zapraszamy do udzia\u0142u w tym wielkopostnym nabo\u017ce\u0144stwie, przez kt\u00f3re pragniemy odda\u0107 cze\u015b\u0107 cierpi\u0105cemu Zbawicielowi, przeb\u0142aga\u0107 za grzechy w\u0142asne, naszego miasta i Ojczyzny oraz uprosi\u0107 potrzebne \u0142aski dla wszystkich wsp\u00f3\u0142czesnych chrze\u015bcijan. Z naszej parafii wsp\u00f3lne wyj\u015bcie sprzed ko\u015bcio\u0142a i przejazd tramwajem o godz. 17.45.<\/p>\n<p>5. W tym tygodniu: I czwartek i I pi\u0105tek miesi\u0105ca. Adoracja Naj\u015bwi\u0119tszego Sakramentu w czwartek od godz. 17.00 do 18.00 w intencji licznego podj\u0119cia duchowej adopcji dziecka nienarodzonego, a po wieczornej mszy \u015bw. do godz. 21.00 w intencji powo\u0142a\u0144 kap\u0142a\u0144skich i zakonnych. Miesi\u0119czna spowied\u017a \u015bw. dla dzieci i m\u0142odzie\u017cy w pi\u0105tek od godz. 15.00, komunia \u015bw. pierwszopi\u0105tkowa podczas Drogi Krzy\u017cowej o godz. 16.30. W pi\u0105tek odwiedziny chorych z sakramentami \u015bw. wed\u0142ug sta\u0142ego planu.<\/p>\n<p>6. DROGA KRZY\u017bOWA w pi\u0105tki Wielkiego Postu: dla dzieci godz. 16.30, dla doros\u0142ych godz. 17.30, ulicami osiedla godz. 19.00 (w tym tygodniu od wej\u015bcia nr 66, przynosimy ze sob\u0105 \u015bwiece lub znicze). GORZKIE \u017bALE w niedziel\u0119 o 15.30<\/p>\n<p>7. Z okazji \u015awiatowego Dnia Modlitwy, Pozna\u0144ska Grupa Ekumeniczna zaprasza do wsp\u00f3lnej modlitwy w ramach nabo\u017ce\u0144stwa ekumenicznego, przygotowanego przez Ekumeniczn\u0105 Grup\u0119 Kobiet. Nabo\u017ce\u0144stwo odb\u0119dzie si\u0119 7 marca (pi\u0105tek), o godz. 18.00 w ko\u015bciele Ewangelicko-Augsburskim \u0141aski Bo\u017cej, ul Obozowa 5.<\/p>\n<p>8. M\u00f3dlmy si\u0119 za zmar\u0142ych. Za dusz\u0119 \u015bp. Krystyny Andrzejak-Napiera\u0142a, os. Lecha 18 (msza \u015bw. pogrzebowa w czwartek o godz. 16.15). Wieczny odpoczynek racz zmar\u0142ym da\u0107 Panie.<\/p>\n<p>&nbsp;<\/p>\n<p>&nbsp;<\/p>\n<p>&nbsp;<\/p>\n<p>&nbsp;<\/p>\n<p>&nbsp;<\/p>\n<p>&nbsp;<\/p>\n<p>&nbsp;<\/p>\n<p>&nbsp;<\/p>\n<p>&nbsp;<\/p>\n<p>&nbsp;<\/p>\n<p>&nbsp;<\/p>\n<p>&nbsp;<\/p>\n<p>&nbsp;<\/p>\n<p>&nbsp;<\/p>\n<p>&nbsp;<\/p>\n","protected":false},"excerpt":{"rendered":"<p>OG\u0141OSZENIA DUSZPASTERSKIE NIEDZIELA VIII ZWYK\u0141A &nbsp;2 marca 2025 r. 1. Rozpocz\u0119li\u015bmy rekolekcje, kt\u00f3re potrwaj\u0105 do \u015arody Popielcowej. Poprowadzi je o. J\u00f3zef Nies\u0142ony, Oblat Maryi Niepokalanej. Nauki rekolekcyjne o godz. 8.00 i 18.00. Od poniedzia\u0142ku do \u015brody, po wieczornej mszy \u015bw., wystawienie Naj\u015bwi\u0119tszego Sakramentu i adoracja do godz. 20.30. Ca\u0142o\u015bciowy program rekolekcji jest wywieszony na tablicy &#8230; <span class=\"more\"><a class=\"more-link\" href=\"https:\/\/www.chnk.pl\/?p=4293\">czytaj wi\u0119cej<\/a><\/span><\/p>\n","protected":false},"author":3,"featured_media":0,"comment_status":"open","ping_status":"open","sticky":false,"template":"","format":"standard","meta":{"ngg_post_thumbnail":0,"footnotes":""},"categories":[1],"tags":[],"_links":{"self":[{"href":"https:\/\/www.chnk.pl\/index.php?rest_route=\/wp\/v2\/posts\/4293"}],"collection":[{"href":"https:\/\/www.chnk.pl\/index.php?rest_route=\/wp\/v2\/posts"}],"about":[{"href":"https:\/\/www.chnk.pl\/index.php?rest_route=\/wp\/v2\/types\/post"}],"author":[{"embeddable":true,"href":"https:\/\/www.chnk.pl\/index.php?rest_route=\/wp\/v2\/users\/3"}],"replies":[{"embeddable":true,"href":"https:\/\/www.chnk.pl\/index.php?rest_route=%2Fwp%2Fv2%2Fcomments&post=4293"}],"version-history":[{"count":1,"href":"https:\/\/www.chnk.pl\/index.php?rest_route=\/wp\/v2\/posts\/4293\/revisions"}],"predecessor-version":[{"id":4294,"href":"https:\/\/www.chnk.pl\/index.php?rest_route=\/wp\/v2\/posts\/4293\/revisions\/4294"}],"wp:attachment":[{"href":"https:\/\/www.chnk.pl\/index.php?rest_route=%2Fwp%2Fv2%2Fmedia&parent=4293"}],"wp:term":[{"taxonomy":"category","embeddable":true,"href":"https:\/\/www.chnk.pl\/index.php?rest_route=%2Fwp%2Fv2%2Fcategories&post=4293"},{"taxonomy":"post_tag","embeddable":true,"href":"https:\/\/www.chnk.pl\/index.php?rest_route=%2Fwp%2Fv2%2Ftags&post=4293"}],"curies":[{"name":"wp","href":"https:\/\/api.w.org\/{rel}","templated":true}]}}