{"id":4290,"date":"2025-02-24T11:31:26","date_gmt":"2025-02-24T11:31:26","guid":{"rendered":"https:\/\/www.chnk.pl\/?p=4290"},"modified":"2025-02-24T11:31:26","modified_gmt":"2025-02-24T11:31:26","slug":"niedziela-vii-zwykla","status":"publish","type":"post","link":"https:\/\/www.chnk.pl\/?p=4290","title":{"rendered":"NIEDZIELA VII ZWYK\u0141A"},"content":{"rendered":"<p>&nbsp;<\/p>\n<p>&nbsp;<\/p>\n<p>OG\u0141OSZENIA DUSZPASTERSKIE<\/p>\n<p>NIEDZIELA VII ZWYK\u0141A<\/p>\n<p>23 lutego 2025 r.<\/p>\n<p>1. Spotkanie wsp\u00f3lnoty r\u00f3\u017ca\u0144cowej, w \u015brod\u0119 po mszy \u015bw. wieczornej.<\/p>\n<p>2. Msza \u015bw. z pro\u015bb\u0105 o uzdrowienie w czwartek o godz. 19.15. Przed msz\u0105 \u015bw., pod ch\u00f3rem, mo\u017cna sk\u0142ada\u0107 zapisane intencje.<\/p>\n<p>3. W tym tygodniu pierwsza sobota miesi\u0105ca. R\u00f3\u017caniec fatimski o godz. 7.15.<\/p>\n<p>4. Sobotni\u0105 wieczorn\u0105 msz\u0105 \u015bw. rozpoczniemy rekolekcje przygotowuj\u0105ce na Wielki Post i Zmartwychwstanie Pa\u0144ski. Rekolekcje potrwaj\u0105 do \u015arody Popielcowej w\u0142\u0105cznie. Szczeg\u00f3\u0142owy program podamy w przysz\u0142\u0105 niedziel\u0119.<\/p>\n<p>5. B\u00f3g zap\u0142a\u0107 za ofiary, z zielonych kartek, na utrzymanie naszego ko\u015bcio\u0142a.<\/p>\n<p>6. Zach\u0119camy do czytania prasy religijnej. Przy zakrystii: Przewodnik Katolicki, Ma\u0142y Przewodnik Katolicki, Ziarno i Go\u015b\u0107 niedzielny.<\/p>\n<p>7. M\u00f3dlmy si\u0119 w intencji tych, kt\u00f3rzy staraj\u0105 si\u0119 o przywr\u00f3cenie pomnika Naj\u015bwi\u0119tszego Serca Jezusa w Poznaniu, aby ich wysi\u0142ki budzi\u0142y tak\u017ce w nas wdzi\u0119czno\u015b\u0107 za odzyskan\u0105 niepodleg\u0142o\u015b\u0107 i przypomina\u0142y o obowi\u0105zkach wobec Ojczyzny. Naj\u015bwi\u0119tsze Serce Jezusa zmi\u0142uj si\u0119 nad nami.<\/p>\n<p>&nbsp;<\/p>\n<p>&nbsp;<\/p>\n<p>&nbsp;<\/p>\n<p>&nbsp;<\/p>\n<p>&nbsp;<\/p>\n<p>&nbsp;<\/p>\n<p>&nbsp;<\/p>\n<p>&nbsp;<\/p>\n<p>&nbsp;<\/p>\n<p>&nbsp;<\/p>\n<p>&nbsp;<\/p>\n<p>&nbsp;<\/p>\n<p>&nbsp;<\/p>\n<p>&nbsp;<\/p>\n<p>&nbsp;<\/p>\n<p>&nbsp;<\/p>\n<p>&nbsp;<\/p>\n<p>&nbsp;<\/p>\n<p>&nbsp;<\/p>\n<p>&nbsp;<\/p>\n<p>&nbsp;<\/p>\n<p>&nbsp;<\/p>\n<p>&nbsp;<\/p>\n<p>&nbsp;<\/p>\n<p>&nbsp;<\/p>\n<p>&nbsp;<\/p>\n<p>&nbsp;<\/p>\n<p>&nbsp;<\/p>\n<p>&nbsp;<\/p>\n<p>&nbsp;<\/p>\n","protected":false},"excerpt":{"rendered":"<p>&nbsp; &nbsp; OG\u0141OSZENIA DUSZPASTERSKIE NIEDZIELA VII ZWYK\u0141A 23 lutego 2025 r. 1. Spotkanie wsp\u00f3lnoty r\u00f3\u017ca\u0144cowej, w \u015brod\u0119 po mszy \u015bw. wieczornej. 2. Msza \u015bw. z pro\u015bb\u0105 o uzdrowienie w czwartek o godz. 19.15. Przed msz\u0105 \u015bw., pod ch\u00f3rem, mo\u017cna sk\u0142ada\u0107 zapisane intencje. 3. W tym tygodniu pierwsza sobota miesi\u0105ca. R\u00f3\u017caniec fatimski o godz. 7.15. 4. &#8230; <span class=\"more\"><a class=\"more-link\" href=\"https:\/\/www.chnk.pl\/?p=4290\">czytaj wi\u0119cej<\/a><\/span><\/p>\n","protected":false},"author":3,"featured_media":0,"comment_status":"open","ping_status":"open","sticky":false,"template":"","format":"standard","meta":{"ngg_post_thumbnail":0,"footnotes":""},"categories":[1],"tags":[],"_links":{"self":[{"href":"https:\/\/www.chnk.pl\/index.php?rest_route=\/wp\/v2\/posts\/4290"}],"collection":[{"href":"https:\/\/www.chnk.pl\/index.php?rest_route=\/wp\/v2\/posts"}],"about":[{"href":"https:\/\/www.chnk.pl\/index.php?rest_route=\/wp\/v2\/types\/post"}],"author":[{"embeddable":true,"href":"https:\/\/www.chnk.pl\/index.php?rest_route=\/wp\/v2\/users\/3"}],"replies":[{"embeddable":true,"href":"https:\/\/www.chnk.pl\/index.php?rest_route=%2Fwp%2Fv2%2Fcomments&post=4290"}],"version-history":[{"count":1,"href":"https:\/\/www.chnk.pl\/index.php?rest_route=\/wp\/v2\/posts\/4290\/revisions"}],"predecessor-version":[{"id":4291,"href":"https:\/\/www.chnk.pl\/index.php?rest_route=\/wp\/v2\/posts\/4290\/revisions\/4291"}],"wp:attachment":[{"href":"https:\/\/www.chnk.pl\/index.php?rest_route=%2Fwp%2Fv2%2Fmedia&parent=4290"}],"wp:term":[{"taxonomy":"category","embeddable":true,"href":"https:\/\/www.chnk.pl\/index.php?rest_route=%2Fwp%2Fv2%2Fcategories&post=4290"},{"taxonomy":"post_tag","embeddable":true,"href":"https:\/\/www.chnk.pl\/index.php?rest_route=%2Fwp%2Fv2%2Ftags&post=4290"}],"curies":[{"name":"wp","href":"https:\/\/api.w.org\/{rel}","templated":true}]}}