{"id":4284,"date":"2025-02-15T18:14:30","date_gmt":"2025-02-15T18:14:30","guid":{"rendered":"https:\/\/www.chnk.pl\/?p=4284"},"modified":"2025-02-15T18:14:41","modified_gmt":"2025-02-15T18:14:41","slug":"niedziela-vi-zwykla","status":"publish","type":"post","link":"https:\/\/www.chnk.pl\/?p=4284","title":{"rendered":"NIEDZIELA VI ZWYK\u0141A"},"content":{"rendered":"<p>&nbsp;<\/p>\n<p>&nbsp;<\/p>\n<p>OG\u0141OSZENIA DUSZPASTERSKIE<\/p>\n<p>NIEDZIELA VI ZWYK\u0141A<\/p>\n<p>16 lutego 2025 r.<\/p>\n<p>1. Kalendarz liturgiczny: poniedzia\u0142ek \u2013 \u015bw. Siedmiu Za\u0142o\u017cycieli Zakonu Serwit\u00f3w, pi\u0105tek \u2013 \u015bw. Piotra Damiana, sobota \u2013 \u015bwi\u0119to Katedry \u015bw. Piotra Aposto\u0142a<\/p>\n<p>2. Spotkanie wolontariatu CARITAS naszej Parafii w poniedzia\u0142ek o godz. 19.15, w salce parafialnej. Zapraszamy do wsp\u00f3\u0142pracy.<\/p>\n<p>3. W \u015brod\u0119 Dzie\u0144 Salety\u0144ski. R\u00f3\u017caniec salety\u0144ski o godz. 7.20. Procesja do Figury Matki Bo\u017cej z La Salette po mszy \u015bw. Intencj\u0105 nabo\u017ce\u0144stwa jest wynagrodzenie Panu Bogu, za przyczyn\u0105 Matki Bo\u017cej, wszelkich zniewag doznawanych w naszej parafii.<\/p>\n<p>4. P\u00f3\u0142godzinna adoracja Naj\u015bwi\u0119tszego Sakramentu w ka\u017cdy czwartek po mszy \u015bw. wieczornej.<\/p>\n<p>5. Spotkanie kandydat\u00f3w do bierzmowania w czwartek o godz. 19.30 w salce parafialnej<\/p>\n<p>6. Spotkanie duszpasterstwa m\u0142odzie\u017cy w pi\u0105tek o godz. 19.15 w salce parafialnej.<\/p>\n<p>7. \u015awiatowy Dzie\u0144 Chorego. Z tej okazji zapraszamy wszystkich chorych, cierpi\u0105cych i pos\u0142uguj\u0105cych im na uroczyst\u0105 Msz\u0119 \u015bw. z b\u0142ogos\u0142awie\u0144stwem na wz\u00f3r Lourdes, dzisiaj, w niedziel\u0119 16 lutego o godz. 13.30 w ko\u015bciele Matki Boskiej Bolesnej przy ul. G\u0142ogowskiej.<\/p>\n<p>8. Koncert Karnawa\u0142owy w parafii \u015bw. Mateusza, na os. Or\u0142a Bia\u0142ego, w sobot\u0119 22 lutego br. o godz. 18.00. Msza \u015bw. oraz koncert ch\u00f3ru DONUM DEI. Szczeg\u00f3\u0142y na tablicy og\u0142osze\u0144.<\/p>\n<p>9. Archidiecezja Pozna\u0144ska organizuje w roku jubileuszowym kolejn\u0105 Archidiecezjaln\u0105 pielgrzymk\u0119 do Italii, do Grob\u00f3w Apostolskich w podzi\u0119kowaniu za beatyfikacj\u0119 Ksi\u0119dza Stanis\u0142awa Streicha w dniach od 20 do 27 czerwca 2025 roku. Szczeg\u00f3\u0142y w zakrystii.<\/p>\n<p>10. B\u00f3g zap\u0142a\u0107 za ofiary z zielonych kartek, sk\u0142adane na potrzeby naszej Parafii.<\/p>\n<p>11. Zach\u0119camy do czytania prasy religijnej. Przy zakrystii \u201ePrzewodnik Katolicki\u201d \u201eGo\u015b\u0107 Niedzielny\u201d, dla dzieci \u201eZiarno\u201d, gazeta parafialna. Prasa katolicka jest wiarygodnym \u017ar\u00f3d\u0142em wiedzy o nauczaniu Ko\u015bcio\u0142a. Polecamy katolick\u0105 stron\u0119 internetow\u0105 Opoka.<\/p>\n<p>12. M\u00f3dlmy si\u0119 za zmar\u0142ych parafian. Za dusze \u015bp. Gracjana Falkowskiego, os. Lecha 122, (msza \u015bw. pogrzebowa w czwartek o godz. 8.00). Wieczny odpoczynek racz zmar\u0142ym da\u0107 Panie.<\/p>\n<p>&nbsp;<\/p>\n<p>&nbsp;<\/p>\n<p>&nbsp;<\/p>\n<p>&nbsp;<\/p>\n<p>&nbsp;<\/p>\n<p>&nbsp;<\/p>\n<p>&nbsp;<\/p>\n<p>&nbsp;<\/p>\n<p>&nbsp;<\/p>\n<p>&nbsp;<\/p>\n<p>&nbsp;<\/p>\n<p>&nbsp;<\/p>\n<p>&nbsp;<\/p>\n<p>&nbsp;<\/p>\n<p>&nbsp;<\/p>\n","protected":false},"excerpt":{"rendered":"<p>&nbsp; &nbsp; OG\u0141OSZENIA DUSZPASTERSKIE NIEDZIELA VI ZWYK\u0141A 16 lutego 2025 r. 1. Kalendarz liturgiczny: poniedzia\u0142ek \u2013 \u015bw. Siedmiu Za\u0142o\u017cycieli Zakonu Serwit\u00f3w, pi\u0105tek \u2013 \u015bw. Piotra Damiana, sobota \u2013 \u015bwi\u0119to Katedry \u015bw. Piotra Aposto\u0142a 2. Spotkanie wolontariatu CARITAS naszej Parafii w poniedzia\u0142ek o godz. 19.15, w salce parafialnej. Zapraszamy do wsp\u00f3\u0142pracy. 3. W \u015brod\u0119 Dzie\u0144 Salety\u0144ski. &#8230; <span class=\"more\"><a class=\"more-link\" href=\"https:\/\/www.chnk.pl\/?p=4284\">czytaj wi\u0119cej<\/a><\/span><\/p>\n","protected":false},"author":3,"featured_media":0,"comment_status":"open","ping_status":"open","sticky":false,"template":"","format":"standard","meta":{"ngg_post_thumbnail":0,"footnotes":""},"categories":[1],"tags":[],"_links":{"self":[{"href":"https:\/\/www.chnk.pl\/index.php?rest_route=\/wp\/v2\/posts\/4284"}],"collection":[{"href":"https:\/\/www.chnk.pl\/index.php?rest_route=\/wp\/v2\/posts"}],"about":[{"href":"https:\/\/www.chnk.pl\/index.php?rest_route=\/wp\/v2\/types\/post"}],"author":[{"embeddable":true,"href":"https:\/\/www.chnk.pl\/index.php?rest_route=\/wp\/v2\/users\/3"}],"replies":[{"embeddable":true,"href":"https:\/\/www.chnk.pl\/index.php?rest_route=%2Fwp%2Fv2%2Fcomments&post=4284"}],"version-history":[{"count":1,"href":"https:\/\/www.chnk.pl\/index.php?rest_route=\/wp\/v2\/posts\/4284\/revisions"}],"predecessor-version":[{"id":4285,"href":"https:\/\/www.chnk.pl\/index.php?rest_route=\/wp\/v2\/posts\/4284\/revisions\/4285"}],"wp:attachment":[{"href":"https:\/\/www.chnk.pl\/index.php?rest_route=%2Fwp%2Fv2%2Fmedia&parent=4284"}],"wp:term":[{"taxonomy":"category","embeddable":true,"href":"https:\/\/www.chnk.pl\/index.php?rest_route=%2Fwp%2Fv2%2Fcategories&post=4284"},{"taxonomy":"post_tag","embeddable":true,"href":"https:\/\/www.chnk.pl\/index.php?rest_route=%2Fwp%2Fv2%2Ftags&post=4284"}],"curies":[{"name":"wp","href":"https:\/\/api.w.org\/{rel}","templated":true}]}}