{"id":4276,"date":"2025-02-08T18:19:48","date_gmt":"2025-02-08T18:19:48","guid":{"rendered":"https:\/\/www.chnk.pl\/?p=4276"},"modified":"2025-02-08T18:33:01","modified_gmt":"2025-02-08T18:33:01","slug":"niedziela-v-zwykla","status":"publish","type":"post","link":"https:\/\/www.chnk.pl\/?p=4276","title":{"rendered":"NIEDZIELA V ZWYK\u0141A"},"content":{"rendered":"<p>&nbsp;<\/p>\n<p>OG\u0141OSZENIA DUSZPASTERSKIE<\/p>\n<p>NIEDZIELA V ZWYK\u0141A<\/p>\n<p>9 lutego 2025 r.<\/p>\n<p>&nbsp;<\/p>\n<p>&nbsp;<\/p>\n<p>1. Kalendarz liturgiczny:<\/p>\n<p>poniedzia\u0142ek \u2013 \u015bw. Scholastyki,<\/p>\n<p>wtorek \u2013 NMP z Lourdes<\/p>\n<p>pi\u0105tek- \u015bw. Cyryla i Metodego.<\/p>\n<p>2. 1% dla \u201eCaritas Pozna\u0144skiej\u201d. Ka\u017cdy ma prawo do przekazania 1% swojego podatku wybranej organizacji po\u017cytku publicznego. Tak\u0105 jest \u201eCaritas Pozna\u0144ska\u201d. Plakat z informacjami jest zamieszczony na tablicy og\u0142osze\u0144.<\/p>\n<p>3. We wtorek, 11 lutego 2025 roku \u2013 w dniu, w kt\u00f3rym przypada 167 rocznica cudownych objawie\u0144 Matki Bo\u017cej w Lourdes \u2013 b\u0119dziemy obchodzi\u0107 XXXIII \u015awiatowy Dzie\u0144 Chorego. Z tej okazji serdecznie zapraszamy wszystkich chorych, cierpi\u0105cych i pos\u0142uguj\u0105cych im na uroczyst\u0105 Msz\u0119 \u015bw. z b\u0142ogos\u0142awie\u0144stwem na wz\u00f3r Lourdes w niedziel\u0119 16 lutego o godz. 13.30 w ko\u015bciele Matki Boskiej Bolesnej przy ul. G\u0142ogowskiej. Jednocze\u015bnie:<\/p>\n<p>W sobot\u0119 15 lutego, w godz. godz. 10.00-13.00, w Szkole Katolickiej im. Stanis\u0142awa Kostki przy ul. G\u0142ogowskiej 92 w Poznaniu, odb\u0119dzie si\u0119 tzw. bia\u0142a sobota. Lekarze r\u00f3\u017cnych specjalizacji b\u0119d\u0105 bezp\u0142atnie udziela\u0107 porad. B\u0119dzie te\u017c mo\u017cna wykona\u0107 podstawowe badania laboratoryjne. Uczestnicy b\u0119d\u0105 mogli skorzysta\u0107 z r\u00f3\u017cnych bezp\u0142atnych bada\u0144 profilaktycznych w punktach mobilnych: w osteobusie, s\u0142uchobusie czy mammobusie. Podczas sobotniego wydarzenia b\u0119dzie mo\u017cna te\u017c wzi\u0105\u0107 udzia\u0142 w wyk\u0142adach i szkoleniach podnosz\u0105cych poziom wiedzy o zdrowiu i \u017cyciu.<\/p>\n<p>4. W naszej parafii msz\u0119 \u015bw. z udzielaniem sakramentu chorych odprawimy w czasie rekolekcji, kt\u00f3re rozpoczniemy 2 marca, w niedziel\u0119 przed \u015arod\u0105 Popielcow\u0105.<\/p>\n<p>5. Spotkanie kandydat\u00f3w do bierzmowania w czwartek o godz. 19.30, w salce parafialnej.<\/p>\n<p>6. Zapraszamy dzieci, do salki parafialnej, na balik karnawa\u0142owy, w sobot\u0119, 15 lutego w godzinach od 17.00 do 18.30. Dla dzieci mo\u017cna przygotowa\u0107 kotyliony.<\/p>\n<p>7. B\u00f3g zap\u0142a\u0107 Paniom i Panom za sprawne rozebranie bo\u017conarodzeniowego wystroju ko\u015bcio\u0142a. B\u00f3g zap\u0142a\u0107 Paniom i Panu za cotygodniowe sprz\u0105tanie naszej \u015bwi\u0105tyni. Usilna pro\u015bb\u0105 o do\u0142\u0105czenie do tej pos\u0142ugi raz w miesi\u0105cu. B\u00f3g zapa\u0142a\u0107 Paniom i Panom, kt\u00f3rzy dbaj\u0105 o porz\u0105dkowanie otoczenia naszego Ko\u015bcio\u0142a.<\/p>\n<p>8. B\u00f3g zap\u0142a\u0107 za ofiary z zielonych kartek, sk\u0142adane na potrzeby naszej parafii. Konto Parafialne. Na tablicy og\u0142osze\u0144 jest zamieszczony numer konta bankowego. PKO BP SA 62 1020 4027 0000 1402 0034 7930.<\/p>\n<p>9. Zach\u0119camy do czytania prasy religijnej. Przy zakrystii \u201ePrzewodnik Katolicki\u201d \u201eGo\u015b\u0107 Niedzielny\u201d, Go\u015b\u0107 Niedzielny Extra ( o cudach), dla dzieci \u201eZiarno\u201d, gazeta parafialna. Prasa katolicka jest wiarygodnym \u017ar\u00f3d\u0142em wiedzy o nauczaniu Ko\u015bcio\u0142a.<\/p>\n<p>10. M\u00f3dlmy si\u0119 za zmar\u0142ych parafian. Za dusze \u015bp. Ireny Michalak, os. Lecha 42, (msza \u015bw. pogrzebowa w poniedzia\u0142ek o godz. 19.00). Wieczny odpoczynek racz zmar\u0142ym da\u0107 Panie.<\/p>\n<p>&nbsp;<\/p>\n<p>&nbsp;<\/p>\n<p>&nbsp;<\/p>\n<p>&nbsp;<\/p>\n<p>&nbsp;<\/p>\n<p>&nbsp;<\/p>\n<p>&nbsp;<\/p>\n","protected":false},"excerpt":{"rendered":"<p>&nbsp; OG\u0141OSZENIA DUSZPASTERSKIE NIEDZIELA V ZWYK\u0141A 9 lutego 2025 r. &nbsp; &nbsp; 1. Kalendarz liturgiczny: poniedzia\u0142ek \u2013 \u015bw. Scholastyki, wtorek \u2013 NMP z Lourdes pi\u0105tek- \u015bw. Cyryla i Metodego. 2. 1% dla \u201eCaritas Pozna\u0144skiej\u201d. Ka\u017cdy ma prawo do przekazania 1% swojego podatku wybranej organizacji po\u017cytku publicznego. Tak\u0105 jest \u201eCaritas Pozna\u0144ska\u201d. Plakat z informacjami jest zamieszczony &#8230; <span class=\"more\"><a class=\"more-link\" href=\"https:\/\/www.chnk.pl\/?p=4276\">czytaj wi\u0119cej<\/a><\/span><\/p>\n","protected":false},"author":3,"featured_media":0,"comment_status":"open","ping_status":"open","sticky":false,"template":"","format":"standard","meta":{"ngg_post_thumbnail":0,"footnotes":""},"categories":[1],"tags":[],"_links":{"self":[{"href":"https:\/\/www.chnk.pl\/index.php?rest_route=\/wp\/v2\/posts\/4276"}],"collection":[{"href":"https:\/\/www.chnk.pl\/index.php?rest_route=\/wp\/v2\/posts"}],"about":[{"href":"https:\/\/www.chnk.pl\/index.php?rest_route=\/wp\/v2\/types\/post"}],"author":[{"embeddable":true,"href":"https:\/\/www.chnk.pl\/index.php?rest_route=\/wp\/v2\/users\/3"}],"replies":[{"embeddable":true,"href":"https:\/\/www.chnk.pl\/index.php?rest_route=%2Fwp%2Fv2%2Fcomments&post=4276"}],"version-history":[{"count":4,"href":"https:\/\/www.chnk.pl\/index.php?rest_route=\/wp\/v2\/posts\/4276\/revisions"}],"predecessor-version":[{"id":4283,"href":"https:\/\/www.chnk.pl\/index.php?rest_route=\/wp\/v2\/posts\/4276\/revisions\/4283"}],"wp:attachment":[{"href":"https:\/\/www.chnk.pl\/index.php?rest_route=%2Fwp%2Fv2%2Fmedia&parent=4276"}],"wp:term":[{"taxonomy":"category","embeddable":true,"href":"https:\/\/www.chnk.pl\/index.php?rest_route=%2Fwp%2Fv2%2Fcategories&post=4276"},{"taxonomy":"post_tag","embeddable":true,"href":"https:\/\/www.chnk.pl\/index.php?rest_route=%2Fwp%2Fv2%2Ftags&post=4276"}],"curies":[{"name":"wp","href":"https:\/\/api.w.org\/{rel}","templated":true}]}}