{"id":4272,"date":"2025-02-01T15:23:47","date_gmt":"2025-02-01T15:23:47","guid":{"rendered":"https:\/\/www.chnk.pl\/?p=4272"},"modified":"2025-02-01T15:23:47","modified_gmt":"2025-02-01T15:23:47","slug":"niedziela-iv-zwykla","status":"publish","type":"post","link":"https:\/\/www.chnk.pl\/?p=4272","title":{"rendered":"NIEDZIELA IV ZWYK\u0141A"},"content":{"rendered":"<p>&nbsp;<\/p>\n<p>&nbsp;<\/p>\n<p>OG\u0141OSZENIA DUSZPASTERSKIE<\/p>\n<p>NIEDZIELA IV ZWYK\u0141A<\/p>\n<p>2 lutego 2025 r.<\/p>\n<p>1. Kalendarz liturgiczny: poniedzia\u0142ek \u2013 \u015bw. B\u0142a\u017cej i Oskara, \u015broda \u2013 \u015bw. Agaty, czwartek \u2013 \u015bw. Paw\u0142a Miki i Towarzyszy mm., sobota \u2013 \u015bw. Hieronima Emilianiego i \u015bw. J\u00f3zefiny.<\/p>\n<p>2. W tym tygodniu zako\u0144czymy kol\u0119d\u0119 \u2013 odwiedziny duszpasterskie w rodzinach. Dzi\u0119kujemy Parafianom za przyj\u0119cie ksi\u0119dza z pos\u0142ug\u0105 duszpastersk\u0105, dzi\u0119kujemy za zainteresowanie sprawami naszej Parafii.<\/p>\n<p>3. W tym tygodniu jeszcze kol\u0119da \u2013 odwiedziny duszpasterskie w rodzinach:<\/p>\n<p>wtorek, 04.02. godz. 16.00, wej\u015bcia 64 &#8211; 66<\/p>\n<p>\u015broda, 05.02. godz. 16.00, blok 42, m. 64 &#8211; 94<\/p>\n<p>czwartek, 06.02. godz. 16.00, blok 42, m. 95 &#8211; 128<\/p>\n<p>4. W tym tygodniu msza \u015bw. w poniedzia\u0142ek i wtorek tylko rano, od \u015brody rano i wieczorem. Biuro Parafialne czynne: w poniedzia\u0142ek od 16.00 do 17.30, w tym tygodniu wyj\u0105tkowo w czwartek od 9.00 do 10.00 i w sobot\u0119 po wieczornej mszy \u015bw. do godz. 20.00.<\/p>\n<p>5. W poniedzia\u0142ek wspomnienie liturgiczne \u015bw. B\u0142a\u017ceja wzywanego przy chorobach gard\u0142a. B\u0142ogos\u0142awie\u0144stwo \u015bwi\u0119tob\u0142a\u017cejowe po mszy \u015bw. o godz. 8.00.<\/p>\n<p>6. Prosimy o pomoc w rozebraniu choinek. Prosimy pan\u00f3w i panie w poniedzia\u0142ek, 3 lutego, o godz. 17.30.<\/p>\n<p>7. W \u015brod\u0119 zebranie r\u00f3\u017ca\u0144cowe po wieczornej mszy \u015bw.<\/p>\n<p>8. Spotkanie dla m\u0142odzie\u017cy w salce parafialnej w pi\u0105tek o godz. 19.15.<\/p>\n<p>9. W tym tygodniu: I czwartek i I pi\u0105tek miesi\u0105ca. Adoracja Naj\u015bwi\u0119tszego Sakramentu w czwartek od godz. 8.30 do 10.00 w intencji poszanowania \u017cycia ludzkiego i po wieczornej mszy \u015bw. do godz. 21.00 w intencji powo\u0142a\u0144 kap\u0142a\u0144skich i zakonnych. Miesi\u0119czna spowied\u017a \u015bw. dla dzieci i m\u0142odzie\u017cy w pi\u0105tek od godz. 15.00, komunia \u015bw. pierwszopi\u0105tkowa o godz. 16.30. W pi\u0105tek odwiedziny chorych z sakramentami \u015bw. wed\u0142ug sta\u0142ego planu.<\/p>\n<p>10. \u201eR\u00f3\u017ca\u0144cowe Jerycho\u201d w ko\u015bciele Ojc\u00f3w Franciszkan\u00f3w na Wzg\u00f3rzu Przemys\u0142a rozpoczyna si\u0119 2 lutego o godz. 12.00, a zako\u0144czy 9 lutego o godz. 12.00. Przed Naj\u015bwi\u0119tszym Sakramentem i wizerunkiem Matki Bo\u017cej w Cudy Wielmo\u017cnej Pani Poznania, podejmujemy ca\u0142odobow\u0105 modlitw\u0119 r\u00f3\u017ca\u0144cow\u0105 w intencji rodzin, Ko\u015bcio\u0142a, Ojczyzny i pokoju. Mo\u017cna si\u0119 w\u0142\u0105czy\u0107 w godzinach od 7.00 do 23.00. W czwartek wsp\u00f3lne parafialne wyj\u015bcie na Jerycho R\u00f3\u017ca\u0144cowe do ko\u015bcio\u0142a OO. Franciszkan\u00f3w. Spotkanie o godz. 15.15 przy ko\u015bciele.<\/p>\n<p>11. B\u00f3g zap\u0142a\u0107 za ofiary na utrzymanie naszego ko\u015bcio\u0142a z\u0142o\u017cone w czasie odwiedzin kol\u0119dowych. Parafian z blok\u00f3w u kt\u00f3rych nie by\u0142o kol\u0119dy, prosimy o zabranie z bocznej kaplicy zielonej kartki z pro\u015bb\u0105 o ofiar\u0119 kol\u0119dow\u0105 na potrzeby Parafii. B\u00f3g zap\u0142a\u0107 na ofiary na diecezjalne radio EMAUS. Dzisiaj przed ko\u015bcio\u0142em kwesta na zakony klauzurowe.<\/p>\n<p>12. Zach\u0119camy do czytania prasy religijnej. Przewodnik Katolicki Go\u015b\u0107 Niedzielny, dla dzieci \u201eZiarno\u201d, gazeta parafialna.<\/p>\n<p>13. M\u00f3dlmy si\u0119 za zmar\u0142ych Parafian. Za dusz\u0119 \u015bp. Benedykta Wacho\u0144skiego, os. Lecha 11 (msza \u015bw. pogrzebowa w czwartek o godz. 10.00, pogrzeb o godz. 12.00 na cmentarzu naramowickim). Wieczny odpoczynek racz zmar\u0142ym da\u0107 Panie.<\/p>\n<p>&nbsp;<\/p>\n<p>&nbsp;<\/p>\n<p>&nbsp;<\/p>\n<p>&nbsp;<\/p>\n","protected":false},"excerpt":{"rendered":"<p>&nbsp; &nbsp; OG\u0141OSZENIA DUSZPASTERSKIE NIEDZIELA IV ZWYK\u0141A 2 lutego 2025 r. 1. Kalendarz liturgiczny: poniedzia\u0142ek \u2013 \u015bw. B\u0142a\u017cej i Oskara, \u015broda \u2013 \u015bw. Agaty, czwartek \u2013 \u015bw. Paw\u0142a Miki i Towarzyszy mm., sobota \u2013 \u015bw. Hieronima Emilianiego i \u015bw. J\u00f3zefiny. 2. W tym tygodniu zako\u0144czymy kol\u0119d\u0119 \u2013 odwiedziny duszpasterskie w rodzinach. Dzi\u0119kujemy Parafianom za przyj\u0119cie &#8230; <span class=\"more\"><a class=\"more-link\" href=\"https:\/\/www.chnk.pl\/?p=4272\">czytaj wi\u0119cej<\/a><\/span><\/p>\n","protected":false},"author":3,"featured_media":0,"comment_status":"open","ping_status":"open","sticky":false,"template":"","format":"standard","meta":{"ngg_post_thumbnail":0,"footnotes":""},"categories":[1],"tags":[],"_links":{"self":[{"href":"https:\/\/www.chnk.pl\/index.php?rest_route=\/wp\/v2\/posts\/4272"}],"collection":[{"href":"https:\/\/www.chnk.pl\/index.php?rest_route=\/wp\/v2\/posts"}],"about":[{"href":"https:\/\/www.chnk.pl\/index.php?rest_route=\/wp\/v2\/types\/post"}],"author":[{"embeddable":true,"href":"https:\/\/www.chnk.pl\/index.php?rest_route=\/wp\/v2\/users\/3"}],"replies":[{"embeddable":true,"href":"https:\/\/www.chnk.pl\/index.php?rest_route=%2Fwp%2Fv2%2Fcomments&post=4272"}],"version-history":[{"count":1,"href":"https:\/\/www.chnk.pl\/index.php?rest_route=\/wp\/v2\/posts\/4272\/revisions"}],"predecessor-version":[{"id":4273,"href":"https:\/\/www.chnk.pl\/index.php?rest_route=\/wp\/v2\/posts\/4272\/revisions\/4273"}],"wp:attachment":[{"href":"https:\/\/www.chnk.pl\/index.php?rest_route=%2Fwp%2Fv2%2Fmedia&parent=4272"}],"wp:term":[{"taxonomy":"category","embeddable":true,"href":"https:\/\/www.chnk.pl\/index.php?rest_route=%2Fwp%2Fv2%2Fcategories&post=4272"},{"taxonomy":"post_tag","embeddable":true,"href":"https:\/\/www.chnk.pl\/index.php?rest_route=%2Fwp%2Fv2%2Ftags&post=4272"}],"curies":[{"name":"wp","href":"https:\/\/api.w.org\/{rel}","templated":true}]}}