{"id":4269,"date":"2025-01-26T18:58:47","date_gmt":"2025-01-26T18:58:47","guid":{"rendered":"https:\/\/www.chnk.pl\/?p=4269"},"modified":"2025-01-26T18:58:47","modified_gmt":"2025-01-26T18:58:47","slug":"komunikat-prezydium-konferencji-episkopatu-polski-wobec-zmian-wprowadzanych-przez-ministerstwo-edukacji-narodowej-w-organizacji-lekcji-religii-w-szkolach-publicznych","status":"publish","type":"post","link":"https:\/\/www.chnk.pl\/?p=4269","title":{"rendered":"Komunikat Prezydium Konferencji Episkopatu Polski  wobec zmian wprowadzanych przez Ministerstwo Edukacji Narodowej  w organizacji lekcji religii w szko\u0142ach publicznych"},"content":{"rendered":"<p>&nbsp;<\/p>\n<p>&nbsp;<\/p>\n<p>Komunikat Prezydium Konferencji Episkopatu Polski<\/p>\n<p>wobec zmian wprowadzanych przez Ministerstwo Edukacji Narodowej<\/p>\n<p>w organizacji lekcji religii w szko\u0142ach publicznych<\/p>\n<p>W ostatnich miesi\u0105cach jeste\u015bmy \u015bwiadkami zakrojonego na szerok\u0105 skal\u0119 procesu zmian wprowadzanych przez Ministerstwo Edukacji Narodowej w organizacji lekcji religii w szko\u0142ach publicznych. Z tak du\u017cymi zmianami mamy do czynienia po raz pierwszy od 1989 roku. Zar\u00f3wno te, kt\u00f3re zosta\u0142y przyj\u0119te od wrze\u015bnia 2024 roku, jak i zapowiadane na wrzesie\u0144 2025 roku, nie tylko w spos\u00f3b jednoznaczny stoj\u0105 w sprzeczno\u015bci z przepisami wy\u017cszego rz\u0119du, ale przede wszystkim s\u0105 krzywdz\u0105ce i dyskryminuj\u0105ce dla wielu uczni\u00f3w i nauczycieli religii. Zmiany te godz\u0105 r\u00f3wnie\u017c w prawa rodzic\u00f3w i opiekun\u00f3w do wychowania dzieci zgodnie z w\u0142asnymi przekonaniami, co gwarantuje Konstytucja Rzeczypospolitej Polskiej (art. 53).<\/p>\n<p>W opinii znacznej cz\u0119\u015bci rodzic\u00f3w i nauczycieli religii, co zosta\u0142o wyra\u017cone m.in. przez r\u00f3\u017cne formy protest\u00f3w i petycji ze strony \u015brodowisk wychowawczych, wprowadzone od wrze\u015bnia 2024 roku rozporz\u0105dzeniem Ministra Edukacji zmiany dotycz\u0105ce niewliczania oceny z lekcji religii do \u015bredniej ocen oraz \u0142\u0105czenia klas dzieci i m\u0142odzie\u017cy w r\u00f3\u017cnym wieku edukacyjnym w wi\u0119ksze grupy, i to wy\u0142\u0105cznie na zaj\u0119ciach z religii, s\u0105 szkodliwe z punktu widzenia wychowawczego. Uczniowie powinni bowiem mie\u0107 zapewniony dost\u0119p do programu nauczania opartego na tre\u015bciach adekwatnych do poziomu ich rozwoju oraz zdolno\u015bci percepcyjnych i poznawczych w danym wieku. Ponadto zmiany te pozbawiaj\u0105 uczni\u00f3w motywacji do uczestnictwa i anga\u017cowania si\u0119 w lekcje religii. Trzeba w tym miejscu tak\u017ce podkre\u015bli\u0107, \u017ce wspomniane zmiany zosta\u0142y wprowadzone w \u017cycie bez wymaganego przez Ustaw\u0119 o systemie o\u015bwiaty \u201eporozumienia z w\u0142adzami Ko\u015bcio\u0142a Katolickiego i Polskiego Autokefalicznego Ko\u015bcio\u0142a Prawos\u0142awnego oraz innych ko\u015bcio\u0142\u00f3w i zwi\u0105zk\u00f3w wyznaniowych\u201d (art. 12 ust. 2), co potwierdzi\u0142 Trybuna\u0142 Konstytucyjny w wyroku z dnia 27 listopada 2024 roku.<\/p>\n<p>Podobnie ma si\u0119 rzecz z dalszymi zapowiadanymi przez MEN zmianami. Dotycz\u0105 one redukcji wymiaru nauczania religii do jednej godziny tygodniowo oraz nakazu organizowania lekcji religii przed lub po zaj\u0119ciach szkolnych. S\u0105 one dyskryminuj\u0105ce, gdy\u017c b\u0119d\u0105 w spos\u00f3b znacz\u0105cy ogranicza\u0107 prawo do dost\u0119pu do lekcji religii dla uczni\u00f3w, kt\u00f3rych rodzice, lub oni sami, b\u0119d\u0105 sobie tego \u017cyczy\u0107. Nie uwzgl\u0119dniono r\u00f3wnie\u017c wprowadzenia okres\u00f3w ochronnych dla nauczycieli religii. Wprowadzenie w \u017cycie tych rozwi\u0105za\u0144 r\u00f3wnie\u017c b\u0119dzie bezprawne, gdy\u017c nie osi\u0105gni\u0119to w tym temacie wymaganego porozumienia ze stron\u0105 ko\u015bcieln\u0105. Wprowadzane zmiany mog\u0105 w konsekwencji prowadzi\u0107 do ca\u0142kowitego wyeliminowania nauczania religii w polskich szko\u0142ach publicznych.<\/p>\n<p>Podejmowane przez stron\u0119 ko\u015bcieln\u0105 rozmowy z Rz\u0105dem RP nie doprowadzi\u0142y do porozumienia. Kompromisowa propozycja strony ko\u015bcielnej, polegaj\u0105ca na wprowadzeniu zasady obligatoryjno\u015bci nauczania religii lub etyki ze wzgl\u0119du na potrzeb\u0119 aksjologicznej formacji uczni\u00f3w, zosta\u0142a przez stron\u0119 rz\u0105dow\u0105 odrzucona. Podobnie je\u015bli chodzi o roz\u0142o\u017cenie na kilka lat stopniowej redukcji wymiaru nauczania religii w szko\u0142ach \u015brednich, przy poszanowaniu praw pracowniczych nauczycieli religii. Wobec takich dzia\u0142a\u0144 MEN i braku woli porozumienia w sprawie kluczowej dla edukacji i wychowania polskich dzieci i m\u0142odzie\u017cy do warto\u015bci, wyra\u017camy stanowczy sprzeciw.<\/p>\n<p>Przypominamy, \u017ce nauczanie religii w szkole uznawane jest za standard w zdecydowanej wi\u0119kszo\u015bci pa\u0144stw europejskich, jest tak\u017ce jednym z symboli przemian wolno\u015bciowych w Polsce po 1989 roku. Dlatego te\u017c Ko\u015bci\u00f3\u0142 b\u0119dzie podejmowa\u0142 dalsze stosowne kroki prawne maj\u0105ce na celu powstrzymanie wprowadzanych zmian.<\/p>\n<p>Zach\u0119camy i prosimy rodzic\u00f3w oraz organizacje spo\u0142eczne o zaanga\u017cowanie si\u0119 w obron\u0119 uniwersalnych warto\u015bci i praw os\u00f3b wierz\u0105cych, kt\u00f3re powinny by\u0107 respektowane zawsze, niezale\u017cnie od politycznego kontekstu. Rodzicom, wychowawcom, nauczycielom religii, katechetom oraz wszystkim zatroskanym o pe\u0142ny i harmonijny rozw\u00f3j dzieci i m\u0142odzie\u017cy, udzielamy pasterskiego b\u0142ogos\u0142awie\u0144stwa.<\/p>\n<p>\uf058 Tadeusz Wojda SAC<\/p>\n<p>Arcybiskup Metropolita Gda\u0144ski<\/p>\n<p>Przewodnicz\u0105cy Konferencji Episkopatu Polski<\/p>\n<p>\uf058 Marek Marczak<\/p>\n<p>Sekretarz Generalny<\/p>\n<p>Konferencji Episkopatu Polski<\/p>\n<p>\uf058 J\u00f3zef Kupny<\/p>\n<p>Arcybiskup Metropolita Wroc\u0142awski<\/p>\n<p>Zast\u0119pca Przewodnicz\u0105cego Konferencji Episkopatu Polski<\/p>\n<p>&nbsp;<\/p>\n<p>&nbsp;<\/p>\n<p>&nbsp;<\/p>\n<p>&nbsp;<\/p>\n<p>&nbsp;<\/p>\n<p>&nbsp;<\/p>\n<p>&nbsp;<\/p>\n<p>&nbsp;<\/p>\n<p>&nbsp;<\/p>\n<p>&nbsp;<\/p>\n<p>&nbsp;<\/p>\n<p>&nbsp;<\/p>\n<p>&nbsp;<\/p>\n<p>&nbsp;<\/p>\n<p>&nbsp;<\/p>\n<p>&nbsp;<\/p>\n<p>&nbsp;<\/p>\n<p>&nbsp;<\/p>\n<p>&nbsp;<\/p>\n<p>&nbsp;<\/p>\n<p>&nbsp;<\/p>\n<p>&nbsp;<\/p>\n<p>&nbsp;<\/p>\n<p>&nbsp;<\/p>\n<p>&nbsp;<\/p>\n<p>&nbsp;<\/p>\n<p>&nbsp;<\/p>\n<p>&nbsp;<\/p>\n<p>&nbsp;<\/p>\n","protected":false},"excerpt":{"rendered":"<p>&nbsp; &nbsp; Komunikat Prezydium Konferencji Episkopatu Polski wobec zmian wprowadzanych przez Ministerstwo Edukacji Narodowej w organizacji lekcji religii w szko\u0142ach publicznych W ostatnich miesi\u0105cach jeste\u015bmy \u015bwiadkami zakrojonego na szerok\u0105 skal\u0119 procesu zmian wprowadzanych przez Ministerstwo Edukacji Narodowej w organizacji lekcji religii w szko\u0142ach publicznych. Z tak du\u017cymi zmianami mamy do czynienia po raz pierwszy od &#8230; <span class=\"more\"><a class=\"more-link\" href=\"https:\/\/www.chnk.pl\/?p=4269\">czytaj wi\u0119cej<\/a><\/span><\/p>\n","protected":false},"author":3,"featured_media":0,"comment_status":"open","ping_status":"open","sticky":false,"template":"","format":"standard","meta":{"ngg_post_thumbnail":0,"footnotes":""},"categories":[1],"tags":[],"_links":{"self":[{"href":"https:\/\/www.chnk.pl\/index.php?rest_route=\/wp\/v2\/posts\/4269"}],"collection":[{"href":"https:\/\/www.chnk.pl\/index.php?rest_route=\/wp\/v2\/posts"}],"about":[{"href":"https:\/\/www.chnk.pl\/index.php?rest_route=\/wp\/v2\/types\/post"}],"author":[{"embeddable":true,"href":"https:\/\/www.chnk.pl\/index.php?rest_route=\/wp\/v2\/users\/3"}],"replies":[{"embeddable":true,"href":"https:\/\/www.chnk.pl\/index.php?rest_route=%2Fwp%2Fv2%2Fcomments&post=4269"}],"version-history":[{"count":1,"href":"https:\/\/www.chnk.pl\/index.php?rest_route=\/wp\/v2\/posts\/4269\/revisions"}],"predecessor-version":[{"id":4270,"href":"https:\/\/www.chnk.pl\/index.php?rest_route=\/wp\/v2\/posts\/4269\/revisions\/4270"}],"wp:attachment":[{"href":"https:\/\/www.chnk.pl\/index.php?rest_route=%2Fwp%2Fv2%2Fmedia&parent=4269"}],"wp:term":[{"taxonomy":"category","embeddable":true,"href":"https:\/\/www.chnk.pl\/index.php?rest_route=%2Fwp%2Fv2%2Fcategories&post=4269"},{"taxonomy":"post_tag","embeddable":true,"href":"https:\/\/www.chnk.pl\/index.php?rest_route=%2Fwp%2Fv2%2Ftags&post=4269"}],"curies":[{"name":"wp","href":"https:\/\/api.w.org\/{rel}","templated":true}]}}