{"id":4261,"date":"2025-01-26T03:33:55","date_gmt":"2025-01-26T03:33:55","guid":{"rendered":"https:\/\/www.chnk.pl\/?p=4261"},"modified":"2025-01-26T03:34:11","modified_gmt":"2025-01-26T03:34:11","slug":"niedziela-iii-zwykla","status":"publish","type":"post","link":"https:\/\/www.chnk.pl\/?p=4261","title":{"rendered":"NIEDZIELA III ZWYK\u0141A"},"content":{"rendered":"<p>OG\u0141OSZENIA DUSZPASTERSKIE<\/p>\n<p>NIEDZIELA III ZWYK\u0141A<\/p>\n<p>26 stycznia 2025 r.<\/p>\n<p>1. Kalendarz liturgiczny: poniedzia\u0142ek \u2013 \u015bw. Anieli Merici, wtorek \u2013 \u015bw. Tomasza z Akwinu, pi\u0105tek \u2013 \u015bw. Jana Bosko<\/p>\n<p>2. Kol\u0119da \u2013 odwiedziny duszpasterskie w rodzinach<\/p>\n<p>wtorek, 28.01. godz. 16.00, wej\u015bcia 48 &#8211; 50<\/p>\n<p>\u015broda, 29.01. godz. 16.00, wej\u015bcia 51 &#8211; 54<\/p>\n<p>czwartek, 30.01. godz. 16.00, wej\u015bcia 55 &#8211; 59<\/p>\n<p>pi\u0105tek, 31.01. godz. 16.00, wej\u015bcie 60 &#8211; 63<\/p>\n<p>wtorek, 04.02. godz. 16.00, wej\u015bcia 64 &#8211; 66<\/p>\n<p>\u015broda, 05.02. godz. 16.00, blok 42, m. 64 &#8211; 94<\/p>\n<p>czwartek, 06.02. godz. 16.00, blok 42, m. 95 &#8211; 128<\/p>\n<p>W ty tygodniu Biuro Parafialne czynne tylko w sobot\u0119 po wieczornej mszy \u015bw. Sprawy pilne prosimy za\u0142atwia\u0107 w dni kol\u0119dowe od godz. 15.00 do 15.30 albo po porannej mszy \u015bw. oko\u0142o godz. 8.30.<\/p>\n<p>3. W tym tygodniu pierwsza sobota miesi\u0105ca. R\u00f3\u017caniec fatimski o godz. 7.15.<\/p>\n<p>4. Spotkanie duszpasterskie dzieci pierwszokomunijnych przed po\u015bwi\u0119ceniem \u015bwiecy w \u015bwi\u0119to Matki Bo\u017cej Gromnicznej, odb\u0119dzie si\u0119 w sobot\u0119, 1 lutego o 11.30 w salce parafialnej. Dzieci przynosz\u0105 ksi\u0105\u017ceczki do nabo\u017ce\u0144stwa.<\/p>\n<p>5. W przysz\u0142\u0105 niedziel\u0119, 2 lutego, \u015bwi\u0119to Ofiarowania Pa\u0144skiego (Matki Bo\u017cej Gromnicznej) obchodzone jako Dzie\u0144 \u017bycia Konsekrowanego. Po\u015bwi\u0119cenie gromnic na ka\u017cdej mszy \u015bw. Dzieci pierwszokomunijne zapraszamy na godz. 11.15. Przed ko\u015bcio\u0142em kwesta na zakony klauzurowe. Wdzi\u0119czni za modlitw\u0119 jak\u0105 podejmuj\u0105 zakony klauzurowe, mamy obowi\u0105zek zapewnienia im pomocy.<\/p>\n<p>6. B\u00f3g zap\u0142a\u0107 za ofiary na utrzymanie naszego ko\u015bcio\u0142a.<\/p>\n<p>7. Parafian u kt\u00f3rych nie b\u0119dzie odwiedzin duszpasterskich, prosimy o zabranie ze stolika z pras\u0105, pro\u015bby ofiar\u0119 kol\u0119dow\u0105.<\/p>\n<p>8. Dzisiaj przed ko\u015bcio\u0142em mo\u017cliwo\u015b\u0107 z\u0142o\u017cenia ofiary na Katolickie Radio EMAUS.<\/p>\n<p>9. Zach\u0119camy do czytania prasy religijnej: Przewodnik Katolicki, Ma\u0142y Przewodnik Katolicki, Ziarno, Go\u015b\u0107 Niedzielny, M\u0119czennik za wiar\u0119 &#8211; ksi\u0105\u017ceczka o kandydacie na o\u0142tarze ks. proboszczu Stanis\u0142awie Streichu z Lubonia, gazetka parafialna. Dal internaut\u00f3w portal OPOKA. Zapraszamy dzieci do wype\u0142niania zada\u0144 z Ziarna.<\/p>\n<p>10. M\u00f3dlmy si\u0119 w intencji tych, kt\u00f3rzy staraj\u0105 si\u0119 o przywr\u00f3cenie pomnika Naj\u015bwi\u0119tszego Serca Jezusowego w Poznaniu, aby ich wysi\u0142ki budzi\u0142y tak\u017ce w nas wdzi\u0119czno\u015b\u0107 za odzyskan\u0105 niepodleg\u0142o\u015b\u0107 i przypomina\u0142y o obowi\u0105zkach wobec Ojczyzny. M\u00f3dlmy si\u0119: Naj\u015bwi\u0119tsze Serce Jezusa zmi\u0142uj si\u0119 nad nami.<\/p>\n<p>&nbsp;<\/p>\n<p>&nbsp;<\/p>\n<p>&nbsp;<\/p>\n<p>&nbsp;<\/p>\n<p>&nbsp;<\/p>\n<p>&nbsp;<\/p>\n<p>&nbsp;<\/p>\n<p>&nbsp;<\/p>\n<p>&nbsp;<\/p>\n<p>&nbsp;<\/p>\n<p>&nbsp;<\/p>\n<p>&nbsp;<\/p>\n<p>&nbsp;<\/p>\n","protected":false},"excerpt":{"rendered":"<p>OG\u0141OSZENIA DUSZPASTERSKIE NIEDZIELA III ZWYK\u0141A 26 stycznia 2025 r. 1. Kalendarz liturgiczny: poniedzia\u0142ek \u2013 \u015bw. Anieli Merici, wtorek \u2013 \u015bw. Tomasza z Akwinu, pi\u0105tek \u2013 \u015bw. Jana Bosko 2. Kol\u0119da \u2013 odwiedziny duszpasterskie w rodzinach wtorek, 28.01. godz. 16.00, wej\u015bcia 48 &#8211; 50 \u015broda, 29.01. godz. 16.00, wej\u015bcia 51 &#8211; 54 czwartek, 30.01. godz. 16.00, &#8230; <span class=\"more\"><a class=\"more-link\" href=\"https:\/\/www.chnk.pl\/?p=4261\">czytaj wi\u0119cej<\/a><\/span><\/p>\n","protected":false},"author":3,"featured_media":0,"comment_status":"open","ping_status":"open","sticky":false,"template":"","format":"standard","meta":{"ngg_post_thumbnail":0,"footnotes":""},"categories":[1],"tags":[],"_links":{"self":[{"href":"https:\/\/www.chnk.pl\/index.php?rest_route=\/wp\/v2\/posts\/4261"}],"collection":[{"href":"https:\/\/www.chnk.pl\/index.php?rest_route=\/wp\/v2\/posts"}],"about":[{"href":"https:\/\/www.chnk.pl\/index.php?rest_route=\/wp\/v2\/types\/post"}],"author":[{"embeddable":true,"href":"https:\/\/www.chnk.pl\/index.php?rest_route=\/wp\/v2\/users\/3"}],"replies":[{"embeddable":true,"href":"https:\/\/www.chnk.pl\/index.php?rest_route=%2Fwp%2Fv2%2Fcomments&post=4261"}],"version-history":[{"count":1,"href":"https:\/\/www.chnk.pl\/index.php?rest_route=\/wp\/v2\/posts\/4261\/revisions"}],"predecessor-version":[{"id":4262,"href":"https:\/\/www.chnk.pl\/index.php?rest_route=\/wp\/v2\/posts\/4261\/revisions\/4262"}],"wp:attachment":[{"href":"https:\/\/www.chnk.pl\/index.php?rest_route=%2Fwp%2Fv2%2Fmedia&parent=4261"}],"wp:term":[{"taxonomy":"category","embeddable":true,"href":"https:\/\/www.chnk.pl\/index.php?rest_route=%2Fwp%2Fv2%2Fcategories&post=4261"},{"taxonomy":"post_tag","embeddable":true,"href":"https:\/\/www.chnk.pl\/index.php?rest_route=%2Fwp%2Fv2%2Ftags&post=4261"}],"curies":[{"name":"wp","href":"https:\/\/api.w.org\/{rel}","templated":true}]}}