{"id":4253,"date":"2025-01-18T16:00:37","date_gmt":"2025-01-18T16:00:37","guid":{"rendered":"https:\/\/www.chnk.pl\/?p=4253"},"modified":"2025-01-19T21:40:20","modified_gmt":"2025-01-19T21:40:20","slug":"ii-niedziela-zwykla","status":"publish","type":"post","link":"https:\/\/www.chnk.pl\/?p=4253","title":{"rendered":"II NIEDZIELA ZWYK\u0141A\u00a0"},"content":{"rendered":"<p>OG\u0141OSZENIA DUSZPASTERSKIE<\/p>\n<p>NIEDZIELA II ZWYK\u0141A<\/p>\n<p>19 stycznia 2025 r.<\/p>\n<p>1. Trwa Tydzie\u0144 Ekumeniczny, tydzie\u0144 modlitwy o jedno\u015b\u0107 chrze\u015bcijan. Centralne nabo\u017ce\u0144stwo odb\u0119dzie si\u0119 23 stycznia (czwartek), a rozpocznie o godz. 18.00 w ko\u015bciele ewangelicko-augsburskim \u0141aski Bo\u017cej przy ul. Obozowej 5. Kazanie wyg\u0142osi metropolita pozna\u0144ski abp Stanis\u0142awa G\u0105decki.<\/p>\n<p>2. W sobot\u0119 \u015bwi\u0119to Nawr\u00f3cenia \u015bw. Paw\u0142a. To dzie\u0144 odpustowy Parafii na os. Piastowskim. Suma o godz. 11.00.<\/p>\n<p>3. Odwiedziny duszpasterskie w rodzinach. Plan kol\u0119dy<\/p>\n<p>poniedzia\u0142ek,20.01. godz. 16.00 wej\u015bcia 111 &#8211; 114<\/p>\n<p>wtorek, 21.01. godz. 16.00 wej\u015bcia 115 &#8211; 118 godz. 16.00 wej\u015bcia 27 &#8211; 30<\/p>\n<p>\u015broda, 22.01. godz. 16.00 wej\u015bcia 119&nbsp; &nbsp; &nbsp; &nbsp; &nbsp;godz. 16.00 wej\u015bcia 31 &#8211; 34<\/p>\n<p>czwartek, 23.01. godz. 16.00 blok 42 m. 1 &#8211; 31 godz. 16.00 wej\u015bcia 35 -36<\/p>\n<p>pi\u0105tek, 24.01. godz. 16.00 blok 42 m. 33 &#8211; 64 godz. 16.00 wej\u015bcia 45 &#8211; 47<\/p>\n<p>wtorek, 28.01. godz. 16.00 wej\u015bcia 48 &#8211; 50<\/p>\n<p>W czasie kol\u0119dy Biuro Parafialne czynne: w czwartek i w sobot\u0119 bez zmian. W poniedzia\u0142ek nieczynne. Sprawy pilne prosimy za\u0142atwia\u0107 w dni kol\u0119dowe od 15.00 do 15.30. Spowied\u017a \u015bw. p\u00f3\u0142 godziny przed porann\u0105 Msz\u0105 \u015bw. i w sobot\u0119 od godz. 16.00 do 18.00.<\/p>\n<p>4. We wtorek, 21 stycznia, wspomnienie liturgiczne \u015bw. Agnieszki. W tym dniu przypada Dzie\u0144 Babci i Dziadka. Za wstawiennictwem \u015bw. Patronki modlimy si\u0119 o b\u0142ogos\u0142awie\u0144stwo dla Senior\u00f3w.<\/p>\n<p>5. B\u00f3g zap\u0142a\u0107 za ofiary z\u0142o\u017cone na utrzymanie naszego ko\u015bcio\u0142a. W przysz\u0142\u0105 niedziel\u0119 przed ko\u015bcio\u0142em zbi\u00f3rka do puszek na Radio Emaus.<\/p>\n<p>6. Przy zakrystii: Przewodnik Katolicki, Ma\u0142y Przewodnik Katolicki, Go\u015b\u0107 Niedzielny, Go\u015b\u0107 Niedzielny Historia<\/p>\n<p>&nbsp;<\/p>\n<p>&nbsp;<\/p>\n<p>&nbsp;<\/p>\n<p>&nbsp;<\/p>\n<p>&nbsp;<\/p>\n<p>&nbsp;<\/p>\n<p>&nbsp;<\/p>\n","protected":false},"excerpt":{"rendered":"<p>OG\u0141OSZENIA DUSZPASTERSKIE NIEDZIELA II ZWYK\u0141A 19 stycznia 2025 r. 1. Trwa Tydzie\u0144 Ekumeniczny, tydzie\u0144 modlitwy o jedno\u015b\u0107 chrze\u015bcijan. Centralne nabo\u017ce\u0144stwo odb\u0119dzie si\u0119 23 stycznia (czwartek), a rozpocznie o godz. 18.00 w ko\u015bciele ewangelicko-augsburskim \u0141aski Bo\u017cej przy ul. Obozowej 5. Kazanie wyg\u0142osi metropolita pozna\u0144ski abp Stanis\u0142awa G\u0105decki. 2. W sobot\u0119 \u015bwi\u0119to Nawr\u00f3cenia \u015bw. Paw\u0142a. To dzie\u0144 &#8230; <span class=\"more\"><a class=\"more-link\" href=\"https:\/\/www.chnk.pl\/?p=4253\">czytaj wi\u0119cej<\/a><\/span><\/p>\n","protected":false},"author":3,"featured_media":0,"comment_status":"open","ping_status":"open","sticky":false,"template":"","format":"standard","meta":{"ngg_post_thumbnail":0,"footnotes":""},"categories":[1],"tags":[],"_links":{"self":[{"href":"https:\/\/www.chnk.pl\/index.php?rest_route=\/wp\/v2\/posts\/4253"}],"collection":[{"href":"https:\/\/www.chnk.pl\/index.php?rest_route=\/wp\/v2\/posts"}],"about":[{"href":"https:\/\/www.chnk.pl\/index.php?rest_route=\/wp\/v2\/types\/post"}],"author":[{"embeddable":true,"href":"https:\/\/www.chnk.pl\/index.php?rest_route=\/wp\/v2\/users\/3"}],"replies":[{"embeddable":true,"href":"https:\/\/www.chnk.pl\/index.php?rest_route=%2Fwp%2Fv2%2Fcomments&post=4253"}],"version-history":[{"count":3,"href":"https:\/\/www.chnk.pl\/index.php?rest_route=\/wp\/v2\/posts\/4253\/revisions"}],"predecessor-version":[{"id":4259,"href":"https:\/\/www.chnk.pl\/index.php?rest_route=\/wp\/v2\/posts\/4253\/revisions\/4259"}],"wp:attachment":[{"href":"https:\/\/www.chnk.pl\/index.php?rest_route=%2Fwp%2Fv2%2Fmedia&parent=4253"}],"wp:term":[{"taxonomy":"category","embeddable":true,"href":"https:\/\/www.chnk.pl\/index.php?rest_route=%2Fwp%2Fv2%2Fcategories&post=4253"},{"taxonomy":"post_tag","embeddable":true,"href":"https:\/\/www.chnk.pl\/index.php?rest_route=%2Fwp%2Fv2%2Ftags&post=4253"}],"curies":[{"name":"wp","href":"https:\/\/api.w.org\/{rel}","templated":true}]}}