{"id":4249,"date":"2025-01-11T16:21:46","date_gmt":"2025-01-11T16:21:46","guid":{"rendered":"https:\/\/www.chnk.pl\/?p=4249"},"modified":"2025-01-11T16:21:46","modified_gmt":"2025-01-11T16:21:46","slug":"niedziela-chrztu-panskiego-8","status":"publish","type":"post","link":"https:\/\/www.chnk.pl\/?p=4249","title":{"rendered":"NIEDZIELA CHRZTU PA\u0143SKIEGO"},"content":{"rendered":"<p>OG\u0141OSZENIA DUSZPASTERSKIE<\/p>\n<p>NIEDZIELA CHRZTU PA\u0143SKIEGO<\/p>\n<p>12 stycznia 2025 r.<\/p>\n<p>1. Procesja salety\u0144ska w przysz\u0142\u0105 niedziel\u0119 po mszy \u015bw. o godz. 9.30. T\u0105 modlitw\u0105 wynagradzamy Panu Bogu grzechy niewiary, opuszczone msze \u015bw. niedzielne, wulgaryzmy i przekle\u0144stwa.<\/p>\n<p>2. Kol\u0119da &#8211; odwiedziny duszpasterskie w rodzinach. Woda \u015bwi\u0119cona jest wystawiona przy chrzcielnicy. Na powiadomieniach podany jest jedynie orientacyjny czas przyj\u015bcia ksi\u0119dza. Plan kol\u0119dy:<\/p>\n<p>poniedzia\u0142ek, 13.01. godz. 16.00 \u2013 wej\u015bcia 92 &#8211; 96<\/p>\n<p>wtorek, 14.01. godz. 16.00 \u2013 wej\u015bcia 97 &#8211; 99<\/p>\n<p>&nbsp; &nbsp; &nbsp; &nbsp; &nbsp; &nbsp; &nbsp; &nbsp; &nbsp; &nbsp; &nbsp; &nbsp;godz. 16.00 \u2013 wej\u015bcia 7- 9<\/p>\n<p>\u015broda, 15.01. godz. 16.00 \u2013 wej\u015bcia 100 -102<\/p>\n<p>&nbsp; &nbsp; &nbsp; &nbsp; &nbsp; &nbsp; &nbsp; &nbsp; &nbsp; &nbsp; &nbsp; godz. 16.00 \u2013 wej\u015bcia 10 -11<\/p>\n<p>czwartek, 16.01. godz. 16.00 \u2013 wej\u015bcia 103 &#8211; 107<\/p>\n<p>&nbsp; &nbsp; &nbsp; &nbsp; &nbsp; &nbsp; &nbsp; &nbsp; &nbsp; &nbsp; &nbsp; &nbsp; &nbsp; &nbsp;godz. 17.00 \u2013 wej\u015bcia 12 &#8211; 13<\/p>\n<p>pi\u0105tek, 17.01. godz. 16.00 \u2013 wej\u015bcia 108 &#8211; 110<\/p>\n<p>&nbsp; &nbsp; &nbsp; &nbsp; &nbsp; &nbsp; &nbsp; &nbsp; &nbsp; &nbsp; &nbsp; godz. 16.00 \u2013 wej\u015bcia 21 &#8211; 23<\/p>\n<p>sobota, 18.01 godz. 16.00 \u2013 wej\u015bcia 24 &#8211; 26<\/p>\n<p>poniedzia\u0142ek, 20.01. godz. 16.00 \u2013wej\u015bcia 111 &#8211; 114<\/p>\n<p>wtorek, 21.01. godz. 16.00 \u2013 wej\u015bcia 115 &#8211; 118<\/p>\n<p>W czasie kol\u0119dy Biuro Parafialne czynne: w czwartek i w sobot\u0119 bez zmian. W poniedzia\u0142ek nieczynne. Sprawy pilne prosimy za\u0142atwia\u0107 w dni kol\u0119dowe od 15.00 do 15.30. Spowied\u017a \u015bw. p\u00f3\u0142 godziny przed porann\u0105 Msz\u0105 \u015bw. i w sobot\u0119 od godz. 16.00 do 18.00.<\/p>\n<p>3. Jak co roku, w dniach od 18 do 25 stycznia, wraz z chrze\u015bcijanami na ca\u0142ym \u015bwiecie, b\u0119dziemy modli\u0107 si\u0119 o jedno\u015b\u0107 chrze\u015bcijan. Has\u0142em tegorocznego Tygodnia Powszechnej Modlitwy o Jedno\u015b\u0107 Chrze\u015bcijan s\u0105 s\u0142owa zaczerpni\u0119te z opisu wskrzeszenia \u0141azarza, skierowane do Marty: Czy wierzysz w to? (J 11,26). Niechaj intencja jedno\u015bci stanie si\u0119 przedmiotem intensywnej modlitwy zar\u00f3wno osobistej, jak i w czasie nabo\u017ce\u0144stw parafialnych. Zach\u0119camy do licznego udzia\u0142u w ekumenicznych nabo\u017ce\u0144stwach, kt\u00f3re odbywa\u0107 si\u0119 b\u0119d\u0105 w \u015bwi\u0105tyniach Ko\u015bcio\u0142\u00f3w r\u00f3\u017cnych wyzna\u0144 naszej archidiecezji. Centralne nabo\u017ce\u0144stwo odb\u0119dzie si\u0119 23 stycznia (czwartek), o godz. 18.00 w ko\u015bciele Ewangelicko-Augsburskim \u0141aski Bo\u017cej przy ul. Obozowej 5. Kazanie wyg\u0142osi: Metropolita Pozna\u0144ski, ks. abp Stanis\u0142aw G\u0105decki.<\/p>\n<p>4. B\u00f3g zap\u0142a\u0107 za ofiary z\u0142o\u017cone w czasie kol\u0119dy i na mszy \u015bw. na utrzymanie naszego ko\u015bcio\u0142a.<\/p>\n<p>5. Prosimy i poszukujemy pan\u00f3w do pomocy w prowadzeniu zakrystii. Pomoc ta jest pilnie potrzebna.<\/p>\n<p>6. Przy zakrystii: Przewodnik Katolicki, Ma\u0142y Przewodnik Katolicki, Go\u015b\u0107 Niedzielny, Go\u015b\u0107 Niedzielny Historia.<\/p>\n<p>7. M\u00f3dlmy si\u0119 za zmar\u0142ych parafian. Za dusz\u0119 \u015bp. J\u00f3zefa Przybylskiego, os. Lecha 91 (we wtorek: r\u00f3\u017caniec o godz. 9.30, msza \u015bw. pogrzebowa w czwartek o godz. 10.00, pogrzeb na Mi\u0142ostowie od ul. Warszawskiej o godz. 12.00). Za dusz\u0119 \u015bp. Bohdana Siciarza, os. Lecha 28 (pogrzeb w pi\u0105tek na cmentarzu naramowickim o godz. 10.00). Wieczny odpoczynek racz zmar\u0142ym da\u0107 Panie.<\/p>\n<p>&nbsp;<\/p>\n<p>&nbsp;<\/p>\n<p>&nbsp;<\/p>\n<p>&nbsp;<\/p>\n<p>&nbsp;<\/p>\n<p>&nbsp;<\/p>\n<p>&nbsp;<\/p>\n<p>&nbsp;<\/p>\n<p>&nbsp;<\/p>\n<p>&nbsp;<\/p>\n<p>&nbsp;<\/p>\n<p>&nbsp;<\/p>\n<p>&nbsp;<\/p>\n<p>&nbsp;<\/p>\n","protected":false},"excerpt":{"rendered":"<p>OG\u0141OSZENIA DUSZPASTERSKIE NIEDZIELA CHRZTU PA\u0143SKIEGO 12 stycznia 2025 r. 1. Procesja salety\u0144ska w przysz\u0142\u0105 niedziel\u0119 po mszy \u015bw. o godz. 9.30. T\u0105 modlitw\u0105 wynagradzamy Panu Bogu grzechy niewiary, opuszczone msze \u015bw. niedzielne, wulgaryzmy i przekle\u0144stwa. 2. Kol\u0119da &#8211; odwiedziny duszpasterskie w rodzinach. Woda \u015bwi\u0119cona jest wystawiona przy chrzcielnicy. Na powiadomieniach podany jest jedynie orientacyjny czas &#8230; <span class=\"more\"><a class=\"more-link\" href=\"https:\/\/www.chnk.pl\/?p=4249\">czytaj wi\u0119cej<\/a><\/span><\/p>\n","protected":false},"author":3,"featured_media":0,"comment_status":"open","ping_status":"open","sticky":false,"template":"","format":"standard","meta":{"ngg_post_thumbnail":0,"footnotes":""},"categories":[1],"tags":[],"_links":{"self":[{"href":"https:\/\/www.chnk.pl\/index.php?rest_route=\/wp\/v2\/posts\/4249"}],"collection":[{"href":"https:\/\/www.chnk.pl\/index.php?rest_route=\/wp\/v2\/posts"}],"about":[{"href":"https:\/\/www.chnk.pl\/index.php?rest_route=\/wp\/v2\/types\/post"}],"author":[{"embeddable":true,"href":"https:\/\/www.chnk.pl\/index.php?rest_route=\/wp\/v2\/users\/3"}],"replies":[{"embeddable":true,"href":"https:\/\/www.chnk.pl\/index.php?rest_route=%2Fwp%2Fv2%2Fcomments&post=4249"}],"version-history":[{"count":1,"href":"https:\/\/www.chnk.pl\/index.php?rest_route=\/wp\/v2\/posts\/4249\/revisions"}],"predecessor-version":[{"id":4250,"href":"https:\/\/www.chnk.pl\/index.php?rest_route=\/wp\/v2\/posts\/4249\/revisions\/4250"}],"wp:attachment":[{"href":"https:\/\/www.chnk.pl\/index.php?rest_route=%2Fwp%2Fv2%2Fmedia&parent=4249"}],"wp:term":[{"taxonomy":"category","embeddable":true,"href":"https:\/\/www.chnk.pl\/index.php?rest_route=%2Fwp%2Fv2%2Fcategories&post=4249"},{"taxonomy":"post_tag","embeddable":true,"href":"https:\/\/www.chnk.pl\/index.php?rest_route=%2Fwp%2Fv2%2Ftags&post=4249"}],"curies":[{"name":"wp","href":"https:\/\/api.w.org\/{rel}","templated":true}]}}