{"id":4244,"date":"2025-01-04T16:15:40","date_gmt":"2025-01-04T16:15:40","guid":{"rendered":"https:\/\/www.chnk.pl\/?p=4244"},"modified":"2025-01-04T16:15:57","modified_gmt":"2025-01-04T16:15:57","slug":"niedziela-ii-po-narodzeniu-panskim","status":"publish","type":"post","link":"https:\/\/www.chnk.pl\/?p=4244","title":{"rendered":"NIEDZIELA II PO NARODZENIU PA\u0143SKIM"},"content":{"rendered":"<p>&nbsp;<\/p>\n<p>&nbsp;<\/p>\n<p>OG\u0141OSZENIA DUSZPASTERSKIE<\/p>\n<p>NIEDZIELA II PO NARODZENIU PA\u0143SKIM<\/p>\n<p>&nbsp;5 stycznia 2025 r.<\/p>\n<p>1. W poniedzia\u0142ek uroczysto\u015b\u0107 Objawienia Pa\u0144skiego. Prze\u017cywamy j\u0105 jako dzie\u0144 misyjny w Ko\u015bciele. B\u0119dziemy go\u015bci\u0107 OO. Oblat\u00f3w z kalendarzami misyjnymi. Msza \u015bw. wed\u0142ug porz\u0105dku niedzielnego. Kreda, kadzid\u0142o b\u0119d\u0105 wy\u0142o\u017cone pod ch\u00f3rem. W Uroczysto\u015b\u0107 Objawienia Pa\u0144skiego odb\u0119dzie si\u0119 Orszak Trzech Kr\u00f3li. Wyruszy on o godzinie 12.00 ze Starego Rynku i ul. Chwaliszewo przejdzie na plac przed Katedr\u0105, gdzie oko\u0142o godziny 14.00 rozpocznie si\u0119 koncert i wsp\u00f3lny \u015bpiew kol\u0119d.<\/p>\n<p>2. Zapraszamy na spotkanie r\u00f3\u017ca\u0144cowe w \u015brod\u0119 po mszy \u015bw. porannej.<\/p>\n<p>3. \u015apiewanie kol\u0119d w gronie dawno nie widzianych znajomych. Zapraszamy w sobot\u0119, 11 stycznia, do salki parafialnej na godzin\u0119 11.00. W ramach s\u0105siedzkiej pomocy, mo\u017ce uda si\u0119 przyprowadzi\u0107 Parafian, kt\u00f3rym trudniej przyj\u015b\u0107 samodzielnie.<\/p>\n<p>4. W przysz\u0142\u0105 niedziel\u0119 zapraszamy na koncert kol\u0119d ch\u00f3ru Kompania Druha Stuligrosza. Koncert ch\u00f3ru na mszy \u015bw. o godz. 12.30.<\/p>\n<p>5. B\u00f3g zap\u0142a\u0107 za ofiary na utrzymanie naszego ko\u015bcio\u0142a sk\u0142adane przy okazji kol\u0119dy i podczas mszy \u015bw. w ko\u015bciele. Plan kol\u0119dy na najbli\u017csze dni:<\/p>\n<p>wtorek, 07.01. godz. 16.00 \u2013 wej\u015bcia 71 &#8211; 74<\/p>\n<p>\u015broda, 08.01. godz. 16.00 \u2013 wej\u015bcia 75 &#8211; 77<\/p>\n<p>czwartek, 09.01. godz. 16.00 \u2013 wej\u015bcia 78 &#8211; 81<\/p>\n<p>&nbsp;godz. 16.00 \u2013 wej\u015bcia 2 i 3<\/p>\n<p>pi\u0105tek, 10.01. godz. 16.00 \u2013 wej\u015bcia 82 &#8211; 86<\/p>\n<p>godz. 16.00 \u2013 wej\u015bcia 4 &#8211; 6<\/p>\n<p>sobota, 11.01. godz. 16.00 \u2013 wej\u015bcia 87 &#8211; 91<\/p>\n<p>poniedzia\u0142ek, 13.01. godz. 16.00 \u2013 wej\u015bcia 92 &#8211; 96<\/p>\n<p>wtorek, 14.01. godz. 16.00 \u2013 wej\u015bcia 97 &#8211; 99<\/p>\n<p>\u015broda, 15.01. godz. 16.00 \u2013 wej\u015bcia 100 &#8211; 102<\/p>\n<p>czwartek, 16.01. godz. 16.00 \u2013 wej\u015bcia 103 &#8211; 107<\/p>\n<p>Powiadomienia o kol\u0119dzie wk\u0142adane s\u0105 do skrzynki pocztowej. Na powiadomieniach podany jest jedynie orientacyjny czas przyj\u015bcia ksi\u0119dza. Woda \u015bwi\u0119cona przy chrzcielnicy.<\/p>\n<p>W czasie kol\u0119dy Biuro Parafialne: w poniedzia\u0142ek nieczynne, czynne w czwartek od godz. 9.00 do 10.30, w sobot\u0119 od godz. 19.00 do 20.00. Sprawy pilne prosimy za\u0142atwia\u0107 w dni kol\u0119dowe od godz. 15.00 do 15.30.<\/p>\n<p>6. M\u00f3dlmy si\u0119 za zmar\u0142ych Parafian. Za dusz\u0119 \u015bp. J\u00f3zefa Przybylskiego, os. Lecha 91 ( msza \u015bw. pogrzebowa we wtorek, za tydzie\u0144, 14 stycznia, o godz. 10.00) Wieczny odpoczynek racz zmar\u0142ym da\u0107 Panie.<\/p>\n<p>&nbsp;<\/p>\n<p>&nbsp;<\/p>\n<p>&nbsp;<\/p>\n<p>&nbsp;<\/p>\n<p>&nbsp;<\/p>\n<p>&nbsp;<\/p>\n<p>&nbsp;<\/p>\n<p>&nbsp;<\/p>\n<p>&nbsp;<\/p>\n<p>&nbsp;<\/p>\n<p>&nbsp;<\/p>\n<p>&nbsp;<\/p>\n<p>&nbsp;<\/p>\n","protected":false},"excerpt":{"rendered":"<p>&nbsp; &nbsp; OG\u0141OSZENIA DUSZPASTERSKIE NIEDZIELA II PO NARODZENIU PA\u0143SKIM &nbsp;5 stycznia 2025 r. 1. W poniedzia\u0142ek uroczysto\u015b\u0107 Objawienia Pa\u0144skiego. Prze\u017cywamy j\u0105 jako dzie\u0144 misyjny w Ko\u015bciele. B\u0119dziemy go\u015bci\u0107 OO. Oblat\u00f3w z kalendarzami misyjnymi. Msza \u015bw. wed\u0142ug porz\u0105dku niedzielnego. Kreda, kadzid\u0142o b\u0119d\u0105 wy\u0142o\u017cone pod ch\u00f3rem. W Uroczysto\u015b\u0107 Objawienia Pa\u0144skiego odb\u0119dzie si\u0119 Orszak Trzech Kr\u00f3li. Wyruszy on &#8230; <span class=\"more\"><a class=\"more-link\" href=\"https:\/\/www.chnk.pl\/?p=4244\">czytaj wi\u0119cej<\/a><\/span><\/p>\n","protected":false},"author":3,"featured_media":0,"comment_status":"open","ping_status":"open","sticky":false,"template":"","format":"standard","meta":{"ngg_post_thumbnail":0,"footnotes":""},"categories":[1],"tags":[],"_links":{"self":[{"href":"https:\/\/www.chnk.pl\/index.php?rest_route=\/wp\/v2\/posts\/4244"}],"collection":[{"href":"https:\/\/www.chnk.pl\/index.php?rest_route=\/wp\/v2\/posts"}],"about":[{"href":"https:\/\/www.chnk.pl\/index.php?rest_route=\/wp\/v2\/types\/post"}],"author":[{"embeddable":true,"href":"https:\/\/www.chnk.pl\/index.php?rest_route=\/wp\/v2\/users\/3"}],"replies":[{"embeddable":true,"href":"https:\/\/www.chnk.pl\/index.php?rest_route=%2Fwp%2Fv2%2Fcomments&post=4244"}],"version-history":[{"count":2,"href":"https:\/\/www.chnk.pl\/index.php?rest_route=\/wp\/v2\/posts\/4244\/revisions"}],"predecessor-version":[{"id":4618,"href":"https:\/\/www.chnk.pl\/index.php?rest_route=\/wp\/v2\/posts\/4244\/revisions\/4618"}],"wp:attachment":[{"href":"https:\/\/www.chnk.pl\/index.php?rest_route=%2Fwp%2Fv2%2Fmedia&parent=4244"}],"wp:term":[{"taxonomy":"category","embeddable":true,"href":"https:\/\/www.chnk.pl\/index.php?rest_route=%2Fwp%2Fv2%2Fcategories&post=4244"},{"taxonomy":"post_tag","embeddable":true,"href":"https:\/\/www.chnk.pl\/index.php?rest_route=%2Fwp%2Fv2%2Ftags&post=4244"}],"curies":[{"name":"wp","href":"https:\/\/api.w.org\/{rel}","templated":true}]}}