{"id":4239,"date":"2024-12-28T19:56:08","date_gmt":"2024-12-28T19:56:08","guid":{"rendered":"https:\/\/www.chnk.pl\/?p=4239"},"modified":"2024-12-28T19:56:20","modified_gmt":"2024-12-28T19:56:20","slug":"niedziela-i-po-narodzeniu-panskim","status":"publish","type":"post","link":"https:\/\/www.chnk.pl\/?p=4239","title":{"rendered":"NIEDZIELA I PO NARODZENIU PA\u0143SKIM"},"content":{"rendered":"<p>OG\u0141OSZENIA DUSZPASTERSKIE<\/p>\n<p>NIEDZIELA I PO NARODZENIU PA\u0143SKIM<\/p>\n<p>&nbsp; &nbsp; &nbsp; &nbsp; &nbsp; &nbsp; &nbsp; &nbsp; &nbsp; &nbsp; &nbsp; &nbsp; &nbsp; &nbsp; &nbsp; &nbsp; &nbsp; &nbsp; &nbsp; &nbsp; &nbsp; &nbsp; &nbsp; &nbsp; &nbsp; &nbsp; &nbsp; &nbsp; &nbsp; &nbsp; &nbsp; &nbsp;\u015awi\u0119tej Rodziny Jezusa Maryi i J\u00f3zefa 29 grudnia 2024 r.<\/p>\n<p>1. Kalendarz liturgiczny: wtorek &#8211; \u015bw. Sylwestra-papie\u017ca, \u015broda \u2013 Uroczysto\u015b\u0107 Naj\u015bwi\u0119tszej Bo\u017cej Rodzicielki Maryi, czwartek\u2013 \u015bw. Bazylego Wielkiego i Grzegorza z Nazjanzu, pi\u0105tek \u2013 Naj\u015bwi\u0119tszego Imienia Jezus<\/p>\n<p>2. W poniedzia\u0142ek msza \u015bw. rano o godz. 8.00 i o 12.15 pogrzebowa.<\/p>\n<p>3. We wtorek zako\u0144czenie Starego Roku. Msza \u015bw. o godz. 8.00, 16.30 i 18.00.<\/p>\n<p>4. W \u015brod\u0119 Nowy Rok, Uroczysto\u015b\u0107 Bo\u017cej Rodzicielki Maryi. Pierwsza msza \u015bw. o godz. 8.00. Godzinki o godz. 7.30. Pozosta\u0142e godziny mszy \u015bw. bez zmian. Uroczysto\u015b\u0107 odpustowa w Parafii Naj\u015bwi\u0119tszej Bogarodzicy Maryi na \u017begrzu o godz. 15.00.<\/p>\n<p>5. W tym tygodniu: I czwartek, I pi\u0105tek i I sobota miesi\u0105ca. W czwartek adoracja Naj\u015bwi\u0119tszego Sakramentu od godz. 8.00 do 10.30. w intencji obrony \u017cycia ludzkiego oraz w intencji powo\u0142a\u0144 kap\u0142a\u0144skich i zakonnych. Spowied\u017a \u015bw. w pi\u0105tek od godz. 15.00 do 18.00 i msza \u015bw. Odwiedziny chorych z sakramentami \u015bw. w pi\u0105tek wed\u0142ug sta\u0142ego planu. Nowe zg\u0142oszenia w zakrystii. Nabo\u017ce\u0144stwo do Niepokalanego Serca Matki Bo\u017cej w pierwsz\u0105 sobot\u0119 miesi\u0105ca o godz. 7.15.<\/p>\n<p>6. Przy stoliku z pras\u0105 mo\u017cna si\u0119 zapisa\u0107 na spotkanie op\u0142atkowe CARITAS. Osoby starsze i schorowane prosimy o zapisywanie si\u0119 osobi\u015bcie lub przez bliskich b\u0105d\u017a przez s\u0105siad\u00f3w. Spotkanie odb\u0119dzie si\u0119 w sobot\u0119, 11 stycznia, o godz. 11.00 w salce parafialnej.<\/p>\n<p>7. Kol\u0119da &#8211; odwiedziny duszpasterskie w rodzinach. Przygotowujemy st\u00f3\u0142 z krzy\u017cem, \u015bwiecami i wod\u0105 \u015bwi\u0119con\u0105. Woda \u015bwi\u0119cona w ko\u015bciele przy chrzcielnicy. Plan kol\u0119dy:<\/p>\n<p>czwartek, 02.01. godz. 16.00 \u2013 wej\u015bcia 67 -70<\/p>\n<p>wtorek, 07.01. godz. 16.00 \u2013 wej\u015bcia 71 &#8211; 74<\/p>\n<p>\u015broda, 08.01. godz. 16.00 &#8211; wej\u015bcia 75 \u2013 77<\/p>\n<p>czwartek 09.01. godz. 16.00 wej\u015bcia 78 &#8211; 81<\/p>\n<p>pi\u0105tek, 10.01. godz. 16.00 \u2013 wej\u015bcia 82 &#8211; 86<\/p>\n<p>sobota, 11.01. godz. 16.00 \u2013 wej\u015bcia 87 &#8211; 91<\/p>\n<p>poniedzia\u0142ek, 13..01. godz. 16.00 \u2013 wej\u015bcia 92 &#8211; 96<\/p>\n<p>Ksi\u0105dz Wikariusz poda plan kol\u0119dy w p\u00f3\u017aniejszym terminie.<\/p>\n<p>8. W czasie kol\u0119dy Biuro Parafialne: w poniedzia\u0142ek nieczynne, czynne w czwartek od godz. 9.00 do 10.30, w sobot\u0119 od godz. 19.00 do 20.00. Sprawy pilne prosimy za\u0142atwia\u0107 w dni kol\u0119dowe od godz. 15.00 do 15.30.<\/p>\n<p>9. Zach\u0119camy do czytania prasy katolickiej: Przy zakrystii: gazeta parafialna i Ziarno (dla dzieci).OO. Oblaci b\u0119d\u0105 z kalendarzami misyjnymi w Uroczysto\u015b\u0107 Objawienia Pa\u0144skiego, 6 stycznia 2025 r.<\/p>\n<p>10.M\u00f3dlmy si\u0119 za zmar\u0142ych Parafian. Za dusz\u0119 \u015bp. Jana Karli\u0144skiego, os. Lecha 50. Msza \u015bw. pogrzebowa w poniedzia\u0142ek o godz. 12.15. Wieczny odpoczynek racz zmar\u0142ym da\u0107 Pani<\/p>\n<p>&nbsp;<\/p>\n<p>&nbsp;<\/p>\n<p>&nbsp;<\/p>\n<p>&nbsp;<\/p>\n<p>&nbsp;<\/p>\n<p>&nbsp;<\/p>\n<p>&nbsp;<\/p>\n<p>&nbsp;<\/p>\n<p>&nbsp;<\/p>\n<p>&nbsp;<\/p>\n<p>&nbsp;<\/p>\n<p>&nbsp;<\/p>\n<p>&nbsp;<\/p>\n<p>&nbsp;<\/p>\n<p>&nbsp;<\/p>\n<p>&nbsp;<\/p>\n<p>&nbsp;<\/p>\n<p>&nbsp;<\/p>\n<p>&nbsp;<\/p>\n<p>&nbsp;<\/p>\n<p>&nbsp;<\/p>\n<p>&nbsp;<\/p>\n<p>&nbsp;<\/p>\n<p>&nbsp;<\/p>\n<p>&nbsp;<\/p>\n<p>&nbsp;<\/p>\n<p>&nbsp;<\/p>\n<p>&nbsp;<\/p>\n<p>&nbsp;<\/p>\n<p>&nbsp;<\/p>\n<p>&nbsp;<\/p>\n<p>&nbsp;<\/p>\n<p>&nbsp;<\/p>\n<p>&nbsp;<\/p>\n<p>&nbsp;<\/p>\n<p>&nbsp;<\/p>\n<p>&nbsp;<\/p>\n<p>&nbsp;<\/p>\n<p>&nbsp;<\/p>\n<p>&nbsp;<\/p>\n<p>&nbsp;<\/p>\n<p>&nbsp;<\/p>\n<p>&nbsp;<\/p>\n<p>&nbsp;<\/p>\n<p>&nbsp;<\/p>\n<p>&nbsp;<\/p>\n<p>&nbsp;<\/p>\n","protected":false},"excerpt":{"rendered":"<p>OG\u0141OSZENIA DUSZPASTERSKIE NIEDZIELA I PO NARODZENIU PA\u0143SKIM &nbsp; &nbsp; &nbsp; &nbsp; &nbsp; &nbsp; &nbsp; &nbsp; &nbsp; &nbsp; &nbsp; &nbsp; &nbsp; &nbsp; &nbsp; &nbsp; &nbsp; &nbsp; &nbsp; &nbsp; &nbsp; &nbsp; &nbsp; &nbsp; &nbsp; &nbsp; &nbsp; &nbsp; &nbsp; &nbsp; &nbsp; &nbsp;\u015awi\u0119tej Rodziny Jezusa Maryi i J\u00f3zefa 29 grudnia 2024 r. 1. Kalendarz liturgiczny: wtorek &#8211; \u015bw. Sylwestra-papie\u017ca, &#8230; <span class=\"more\"><a class=\"more-link\" href=\"https:\/\/www.chnk.pl\/?p=4239\">czytaj wi\u0119cej<\/a><\/span><\/p>\n","protected":false},"author":3,"featured_media":0,"comment_status":"open","ping_status":"open","sticky":false,"template":"","format":"standard","meta":{"ngg_post_thumbnail":0,"footnotes":""},"categories":[1],"tags":[],"_links":{"self":[{"href":"https:\/\/www.chnk.pl\/index.php?rest_route=\/wp\/v2\/posts\/4239"}],"collection":[{"href":"https:\/\/www.chnk.pl\/index.php?rest_route=\/wp\/v2\/posts"}],"about":[{"href":"https:\/\/www.chnk.pl\/index.php?rest_route=\/wp\/v2\/types\/post"}],"author":[{"embeddable":true,"href":"https:\/\/www.chnk.pl\/index.php?rest_route=\/wp\/v2\/users\/3"}],"replies":[{"embeddable":true,"href":"https:\/\/www.chnk.pl\/index.php?rest_route=%2Fwp%2Fv2%2Fcomments&post=4239"}],"version-history":[{"count":1,"href":"https:\/\/www.chnk.pl\/index.php?rest_route=\/wp\/v2\/posts\/4239\/revisions"}],"predecessor-version":[{"id":4240,"href":"https:\/\/www.chnk.pl\/index.php?rest_route=\/wp\/v2\/posts\/4239\/revisions\/4240"}],"wp:attachment":[{"href":"https:\/\/www.chnk.pl\/index.php?rest_route=%2Fwp%2Fv2%2Fmedia&parent=4239"}],"wp:term":[{"taxonomy":"category","embeddable":true,"href":"https:\/\/www.chnk.pl\/index.php?rest_route=%2Fwp%2Fv2%2Fcategories&post=4239"},{"taxonomy":"post_tag","embeddable":true,"href":"https:\/\/www.chnk.pl\/index.php?rest_route=%2Fwp%2Fv2%2Ftags&post=4239"}],"curies":[{"name":"wp","href":"https:\/\/api.w.org\/{rel}","templated":true}]}}