{"id":4234,"date":"2024-12-21T14:48:27","date_gmt":"2024-12-21T14:48:27","guid":{"rendered":"https:\/\/www.chnk.pl\/?p=4234"},"modified":"2024-12-21T14:48:42","modified_gmt":"2024-12-21T14:48:42","slug":"iv-niedziela-adwentu","status":"publish","type":"post","link":"https:\/\/www.chnk.pl\/?p=4234","title":{"rendered":"IV NIEDZIELA ADWENTU"},"content":{"rendered":"<p>&nbsp;<\/p>\n<p>OG\u0141OSZENIA DUSZPASTERSKIE<\/p>\n<p>IV NIEDZIELA ADWENTU<\/p>\n<p>22 grudnia 2024 r.<\/p>\n<p>1. W poniedzia\u0142ek Biuro Parafialne nieczynne. Sprawy pilne o godz. 18.45. Okazja do spowiedzi \u015bw. od 16.00 do 18.00.<\/p>\n<p>2. \u015awiat\u0142o Betlejemskie b\u0119dzie wystawione w poniedzia\u0142ek od godz. 7.00 do 18.00 i we wtorek od godz. 8.00 do 16.00. Pasterka o godz. 22.00 i 00.00. Przypominamy o obowi\u0105zku zachowywania zawsze postu eucharystycznego, kt\u00f3ry polega na powstrzymaniu si\u0119 od posi\u0142ku i napoju godzin\u0119 przed przyj\u0119ciem Komunii \u015bw. W I \u015awi\u0119to nie b\u0119dzie mszy \u015bw. o godz. 8.00. W II \u015awi\u0119to Bo\u017cego Narodzenia porz\u0105dek mszy \u015bw. niedzielny. \u015apiewanie kol\u0119d przy \u017c\u0142\u00f3bku w drugie \u015bwi\u0119to o godz. 16.00. Ofiary z II-ego \u015bwi\u0119ta przeznaczone na KUL i Wydzia\u0142 Teologiczny. Wydzia\u0142 Teologiczny w Poznaniu, zgodnie z umow\u0105 podpisan\u0105 z UAM, utrzymuje budynki Wydzia\u0142u z funduszy archidiecezji pozna\u0144skiej. Dlatego Wydzia\u0142 zwraca si\u0119 si\u0119 do Parafian o wsparcie materialne. Na Wydziale kszta\u0142c\u0105 si\u0119 nie tylko klerycy, ale r\u00f3wnie\u017c wiele os\u00f3b \u015bwieckich.<\/p>\n<p>3. W pi\u0105tek msza \u015bw. tylko o godz. 8.00. Obowi\u0105zuje post.<\/p>\n<p>4. W przysz\u0142\u0105 niedziel\u0119, 29 grudnia, obchodzimy \u015bwi\u0119to \u015awi\u0119tej Rodziny: Jezusa, Maryi i J\u00f3zefa. Jest to dzie\u0144 modlitwy o \u015bwi\u0119to\u015b\u0107 ma\u0142\u017ce\u0144stw i rodzin oraz dzie\u0144 odnowienia przyrzecze\u0144 ma\u0142\u017ce\u0144skich. Odnowienie przyrzecze\u0144 na ka\u017cdej mszy \u015bw. Prosimy ma\u0142\u017conk\u00f3w, aby uczestnicz\u0105c w przysz\u0142\u0105 niedziel\u0119 we mszy \u015bw. zaj\u0119li miejsca obok siebie tak, aby mogli w czasie liturgii odnowi\u0107 \u015blubowania ma\u0142\u017ce\u0144skie. Jest to tak\u017ce dzie\u0144 uroczystej inauguracji Roku Jubileuszowego w Archidiecezji. Msza \u015bw. w Katedrze o godz. 12.15.<\/p>\n<p>5. Dzi\u0119kczynienie za dzie\u0142o Duchowej Adopcji Dziecka Pocz\u0119tego w naszej Parafii z\u0142o\u017cymy Panu Bogu w przysz\u0142\u0105 niedziel\u0119 na mszy \u015bw. o godz. 9.30. Archidiecezjalne obchody dzi\u0119kczynienia odb\u0119d\u0105 si\u0119 w czwartek 28 grudnia 2024 roku w ko\u015bciele pw. Zwiastowania Pa\u0144skiego \u2013 diecezjalnym Sanktuarium \u015awi\u0119to\u015bci \u017bycia (przy ul. Le\u015bmiana 2a w Poznaniu). O godz.18:00 nabo\u017ce\u0144stwo r\u00f3\u017ca\u0144cowe i o 18:30 Msza \u015bwi\u0119ta, kt\u00f3rej b\u0119dzie przewodniczy\u0142 ks. Biskup Jan Glapiak.<\/p>\n<p>6. B\u00f3g zap\u0142a\u0107 za ofiary na utrzymanie naszego ko\u015bcio\u0142a. B\u00f3g zap\u0142a\u0107 parafianom za pos\u0142ug\u0119 przy op\u0142atka oraz panom za ustawienie \u017c\u0142\u00f3bka i choinek. B\u00f3g zap\u0142a\u0107 za dary Tytki charytatywnej i przewiezienie ich do centrali CARITAS-u.<\/p>\n<p>7. Zach\u0119camy do czytania prasy katolickiej. W kaplicy przy zakrystii: Przewodnik Katolicki, Go\u015b\u0107 Niedzielny (numer podw\u00f3jny), gazeta parafialna. Op\u0142atki w salce parafialnej. Pod ch\u00f3rem propozycje modlitewne przed wieczerz\u0105 wigilijn\u0105.<\/p>\n<p>8. W tym roku kol\u0119da w blokach czteropi\u0119trowych i bloku 42. Kol\u0119da rozpocznie si\u0119 po Nowym Roku.<\/p>\n<p>9. M\u00f3dlmy si\u0119 za zmar\u0142ych parafian. Za dusz\u0119 \u015bp. Krystyny Skibi\u0144skiej, os. Lecha 46 (msza \u015bw. pogrzebowa we wtorek o godz. 9.00). Wieczny odpoczynek racz zmar\u0142ym da\u0107 Panie.<\/p>\n<p>&nbsp;<\/p>\n<p>&nbsp;<\/p>\n<p>&nbsp;<\/p>\n<p>&nbsp;<\/p>\n<p>&nbsp;<\/p>\n<p>&nbsp;<\/p>\n<p>&nbsp;<\/p>\n<p>&nbsp;<\/p>\n<p>&nbsp;<\/p>\n<p>&nbsp;<\/p>\n<p>&nbsp;<\/p>\n<p>&nbsp;<\/p>\n<p>&nbsp;<\/p>\n<p>&nbsp;<\/p>\n<p>&nbsp;<\/p>\n<p>&nbsp;<\/p>\n<p>&nbsp;<\/p>\n<p>&nbsp;<\/p>\n<p>&nbsp;<\/p>\n<p>&nbsp;<\/p>\n<p>&nbsp;<\/p>\n<p>&nbsp;<\/p>\n<p>&nbsp;<\/p>\n<p>&nbsp;<\/p>\n<p>&nbsp;<\/p>\n<p>&nbsp;<\/p>\n<p>&nbsp;<\/p>\n","protected":false},"excerpt":{"rendered":"<p>&nbsp; OG\u0141OSZENIA DUSZPASTERSKIE IV NIEDZIELA ADWENTU 22 grudnia 2024 r. 1. W poniedzia\u0142ek Biuro Parafialne nieczynne. Sprawy pilne o godz. 18.45. Okazja do spowiedzi \u015bw. od 16.00 do 18.00. 2. \u015awiat\u0142o Betlejemskie b\u0119dzie wystawione w poniedzia\u0142ek od godz. 7.00 do 18.00 i we wtorek od godz. 8.00 do 16.00. Pasterka o godz. 22.00 i 00.00. &#8230; <span class=\"more\"><a class=\"more-link\" href=\"https:\/\/www.chnk.pl\/?p=4234\">czytaj wi\u0119cej<\/a><\/span><\/p>\n","protected":false},"author":3,"featured_media":0,"comment_status":"open","ping_status":"open","sticky":false,"template":"","format":"standard","meta":{"ngg_post_thumbnail":0,"footnotes":""},"categories":[1],"tags":[],"_links":{"self":[{"href":"https:\/\/www.chnk.pl\/index.php?rest_route=\/wp\/v2\/posts\/4234"}],"collection":[{"href":"https:\/\/www.chnk.pl\/index.php?rest_route=\/wp\/v2\/posts"}],"about":[{"href":"https:\/\/www.chnk.pl\/index.php?rest_route=\/wp\/v2\/types\/post"}],"author":[{"embeddable":true,"href":"https:\/\/www.chnk.pl\/index.php?rest_route=\/wp\/v2\/users\/3"}],"replies":[{"embeddable":true,"href":"https:\/\/www.chnk.pl\/index.php?rest_route=%2Fwp%2Fv2%2Fcomments&post=4234"}],"version-history":[{"count":1,"href":"https:\/\/www.chnk.pl\/index.php?rest_route=\/wp\/v2\/posts\/4234\/revisions"}],"predecessor-version":[{"id":4235,"href":"https:\/\/www.chnk.pl\/index.php?rest_route=\/wp\/v2\/posts\/4234\/revisions\/4235"}],"wp:attachment":[{"href":"https:\/\/www.chnk.pl\/index.php?rest_route=%2Fwp%2Fv2%2Fmedia&parent=4234"}],"wp:term":[{"taxonomy":"category","embeddable":true,"href":"https:\/\/www.chnk.pl\/index.php?rest_route=%2Fwp%2Fv2%2Fcategories&post=4234"},{"taxonomy":"post_tag","embeddable":true,"href":"https:\/\/www.chnk.pl\/index.php?rest_route=%2Fwp%2Fv2%2Ftags&post=4234"}],"curies":[{"name":"wp","href":"https:\/\/api.w.org\/{rel}","templated":true}]}}