{"id":4231,"date":"2024-12-14T16:17:21","date_gmt":"2024-12-14T16:17:21","guid":{"rendered":"https:\/\/www.chnk.pl\/?p=4231"},"modified":"2024-12-14T16:17:21","modified_gmt":"2024-12-14T16:17:21","slug":"iii-niedziela-adwentu","status":"publish","type":"post","link":"https:\/\/www.chnk.pl\/?p=4231","title":{"rendered":"III NIEDZIELA ADWENTU"},"content":{"rendered":"<p>&nbsp;<\/p>\n<p>&nbsp;<\/p>\n<p>OG\u0141OSZENIA DUSZPASTERSKIE<\/p>\n<p>III NIEDZIELA ADWENTU<\/p>\n<p>15 grudnia 2024 r.<\/p>\n<p>1. Roraty od poniedzia\u0142ku do soboty o godz. 6.00. Dzieci od poniedzia\u0142ku do pi\u0105tku o godz. 18.00. W trzecim tygodniu Adwentu przypadaj\u0105 kwartalne dni modlitw o \u017cycie chrze\u015bcija\u0144skie rodzin i za przygotowuj\u0105cych si\u0119 do ma\u0142\u017ce\u0144stwa. W tej intencji b\u0119dziemy si\u0119 modli\u0107 w czasie rorat i w r\u00f3\u017ca\u0144cu.<\/p>\n<p>2. Od poniedzia\u0142ku do \u015brody rekolekcje adwentowe dla dzieci z naszej szko\u0142y. Od godz. 8.00 do 13.00 ko\u015bci\u00f3\u0142 zaj\u0119ty.<\/p>\n<p>3. We wtorek. o godz. 6.00 msza \u015bw. w intencji Stowarzyszenia Matki Bo\u017cej Patronki Dobrej \u015amierci. Po mszy \u015bw. r\u00f3\u017caniec i op\u0142atek Stowarzyszenia.<\/p>\n<p>4. W czwartek Dzie\u0144 Salety\u0144ski. Procesja wynagradzaj\u0105ca do figury Matki Bo\u017cej Salety\u0144skiej po mszy \u015bw. porannej, po procesji r\u00f3\u017caniec salety\u0144ski.<\/p>\n<p>5. W tygodniu okazja do spowiedzi \u015bw.: w \u015brod\u0119 od 16.00 do 18.00; w czwartek od godz. 7.00 do 8.00 i od 16.00 do 18.00, w pi\u0105tek od godz. 7.00 do 8.00 i od 16.00 do 18.00 i sobot\u0119 od godz. 16.00 do 18.00.<\/p>\n<p>6. Prosimy pan\u00f3w o pomoc w przygotowaniu \u017c\u0142\u00f3bka: w czwartek,19 grudnia, o godz. 19.00 przygotowanie konstrukcji i ustawianie choinek, a w pi\u0105tek, 20 grudnia, godz. 19.00 samego \u017c\u0142\u00f3bka.<\/p>\n<p>7. B\u00f3g zap\u0142a\u0107 za dary z Tytki charytatywnej. Osoby potrzebuj\u0105ce wsparcia \u017cywno\u015bciowego zapraszamy w poniedzia\u0142ek do salki w godz. 16.00 do 18.00.<\/p>\n<p>8. \u015awiat\u0142o Betlejemskie b\u0119dzie wystawione w ko\u015bciele w niedziel\u0119 od 13.30 do 18.00 i poniedzia\u0142ek od godz. 7.00 do 18.00<\/p>\n<p>9. Kol\u0119da w naszej parafii odb\u0119dzie si\u0119 w formie odwiedzin duszpasterskich w rodzinach, w blokach niskich i bloku nr 42.<\/p>\n<p>10. B\u00f3g zap\u0142a\u0107 zespo\u0142om sprz\u0105taj\u0105cym w soboty ko\u015bci\u00f3\u0142. Prosimy o pomocy w tej bardzo potrzebnej pos\u0142udze. B\u00f3g zap\u0142a\u0107 za ofiary na utrzymanie ko\u015bcio\u0142a.<\/p>\n<p>11. Zach\u0119camy do czytania prasy katolickiej. W kaplicy przy zakrystii: Przewodnik Kato-licki, Go\u015b\u0107 Niedzielny, Go\u015b\u0107 Niedzielny Historia, gazeta parafialna, Ziarno. Op\u0142atki wigilijne i siano wigilijne w salce parafialnej, wej\u015bcie z dziedzi\u0144ca.<\/p>\n<p>12. M\u00f3dlmy si\u0119 za zmar\u0142ych Parafian. Za \u015bp. Henryka Rzysko, os. Lecha 20 (msza \u015bw. pogrzebowa w \u015brod\u0119 o godz. 10.00 na Staro\u0142\u0119ce) i \u015bp. Bo\u017ceny Marci\u0144skiej, os. Lecha 46 (msza \u015bw. pogrzebowa w \u015brod\u0119 o godz. 12.15) Wieczny odpoczynek racz zmar\u0142ym da\u0107 Panie.<\/p>\n<p>&nbsp;<\/p>\n<p>&nbsp;<\/p>\n<p>&nbsp;<\/p>\n<p>&nbsp;<\/p>\n<p>&nbsp;<\/p>\n<p>&nbsp;<\/p>\n<p>&nbsp;<\/p>\n<p>&nbsp;<\/p>\n<p>&nbsp;<\/p>\n<p>&nbsp;<\/p>\n<p>&nbsp;<\/p>\n<p>&nbsp;<\/p>\n<p>&nbsp;<\/p>\n<p>&nbsp;<\/p>\n<p>&nbsp;<\/p>\n<p>&nbsp;<\/p>\n<p>&nbsp;<\/p>\n<p>&nbsp;<\/p>\n<p>&nbsp;<\/p>\n<p>&nbsp;<\/p>\n<p>&nbsp;<\/p>\n<p>&nbsp;<\/p>\n<p>&nbsp;<\/p>\n<p>&nbsp;<\/p>\n<p>&nbsp;<\/p>\n<p>&nbsp;<\/p>\n<p>&nbsp;<\/p>\n<p>&nbsp;<\/p>\n<p>&nbsp;<\/p>\n<p>&nbsp;<\/p>\n<p>&nbsp;<\/p>\n","protected":false},"excerpt":{"rendered":"<p>&nbsp; &nbsp; OG\u0141OSZENIA DUSZPASTERSKIE III NIEDZIELA ADWENTU 15 grudnia 2024 r. 1. Roraty od poniedzia\u0142ku do soboty o godz. 6.00. Dzieci od poniedzia\u0142ku do pi\u0105tku o godz. 18.00. W trzecim tygodniu Adwentu przypadaj\u0105 kwartalne dni modlitw o \u017cycie chrze\u015bcija\u0144skie rodzin i za przygotowuj\u0105cych si\u0119 do ma\u0142\u017ce\u0144stwa. W tej intencji b\u0119dziemy si\u0119 modli\u0107 w czasie rorat &#8230; <span class=\"more\"><a class=\"more-link\" href=\"https:\/\/www.chnk.pl\/?p=4231\">czytaj wi\u0119cej<\/a><\/span><\/p>\n","protected":false},"author":3,"featured_media":0,"comment_status":"open","ping_status":"open","sticky":false,"template":"","format":"standard","meta":{"ngg_post_thumbnail":0,"footnotes":""},"categories":[1],"tags":[],"_links":{"self":[{"href":"https:\/\/www.chnk.pl\/index.php?rest_route=\/wp\/v2\/posts\/4231"}],"collection":[{"href":"https:\/\/www.chnk.pl\/index.php?rest_route=\/wp\/v2\/posts"}],"about":[{"href":"https:\/\/www.chnk.pl\/index.php?rest_route=\/wp\/v2\/types\/post"}],"author":[{"embeddable":true,"href":"https:\/\/www.chnk.pl\/index.php?rest_route=\/wp\/v2\/users\/3"}],"replies":[{"embeddable":true,"href":"https:\/\/www.chnk.pl\/index.php?rest_route=%2Fwp%2Fv2%2Fcomments&post=4231"}],"version-history":[{"count":1,"href":"https:\/\/www.chnk.pl\/index.php?rest_route=\/wp\/v2\/posts\/4231\/revisions"}],"predecessor-version":[{"id":4232,"href":"https:\/\/www.chnk.pl\/index.php?rest_route=\/wp\/v2\/posts\/4231\/revisions\/4232"}],"wp:attachment":[{"href":"https:\/\/www.chnk.pl\/index.php?rest_route=%2Fwp%2Fv2%2Fmedia&parent=4231"}],"wp:term":[{"taxonomy":"category","embeddable":true,"href":"https:\/\/www.chnk.pl\/index.php?rest_route=%2Fwp%2Fv2%2Fcategories&post=4231"},{"taxonomy":"post_tag","embeddable":true,"href":"https:\/\/www.chnk.pl\/index.php?rest_route=%2Fwp%2Fv2%2Ftags&post=4231"}],"curies":[{"name":"wp","href":"https:\/\/api.w.org\/{rel}","templated":true}]}}