{"id":4228,"date":"2024-12-07T14:18:05","date_gmt":"2024-12-07T14:18:05","guid":{"rendered":"https:\/\/www.chnk.pl\/?p=4228"},"modified":"2024-12-07T14:18:05","modified_gmt":"2024-12-07T14:18:05","slug":"niedziela-ii-adwentu","status":"publish","type":"post","link":"https:\/\/www.chnk.pl\/?p=4228","title":{"rendered":"NIEDZIELA II ADWENTU"},"content":{"rendered":"<p style=\"padding-left: 40px;\">OG\u0141OSZENIA DUSZPASTERSKIE<\/p>\n<p style=\"padding-left: 40px;\">NIEDZIELA II ADWENTU<\/p>\n<p style=\"padding-left: 40px;\">8 grudnia 2024r.<\/p>\n<p style=\"padding-left: 40px;\">1. Kalendarz liturgiczny: \u015broda \u2013 \u015bw. Damazego, pi\u0105tek \u2013 \u015bw. \u0141ucji, sobota \u2013 \u015bw. Jana od Krzy\u017ca.<\/p>\n<p style=\"padding-left: 40px;\">2. W dniu 8 grudnia, o 18.00, wyruszy z Rynku \u015ar\u00f3deckiego pod figur\u0119 Matki Bo\u017cej na Ostrowie Tumskim procesja \u015bwiat\u0142a ku czci Niepokalanie Pocz\u0119tej. Procesj\u0119 poprowadzi Ksi\u0105dz Arcybiskup Stanis\u0142aw G\u0105decki, towarzyszy\u0107 mu b\u0119d\u0105 Biskupi Pomocniczy.<\/p>\n<p style=\"padding-left: 40px;\">3. Roraty w tygodniu o godz. 6.00. Dla dzieci od poniedzia\u0142ku do pi\u0105tku o godz. 18.00. Prosimy rodzic\u00f3w, aby do\u0142o\u017cyli stara\u0144, by dzieci, chocia\u017c kilka razy, uczestniczy\u0142y w roratach.<\/p>\n<p style=\"padding-left: 40px;\">4. Spotkanie dla kandydat\u00f3w do bierzmowania w czwartek o godz. 19.00.<\/p>\n<p style=\"padding-left: 40px;\">5. W ka\u017cdy czwartek zapraszamy na Adoracj\u0119 Naj\u015bwi\u0119tszego Sakramentu od godz. 18.30 do 19.00. Koronka do Mi\u0142osierdzia Bo\u017cego za chrze\u015bcijan prze\u015bladowanych w pi\u0105tki o godz. 17.40.<\/p>\n<p style=\"padding-left: 40px;\">6. CARITAS zwraca si\u0119 z pro\u015bb\u0105, aby w\u0142\u0105czy\u0107 si\u0119 w zorganizowanie Wigilii dla ubogich. Pod ch\u00f3rem wy\u0142o\u017cona jest Tytka charytatywna. Mo\u017cna j\u0105 nape\u0142ni\u0107 produktami wymienionymi w nadruku i przynie\u015b\u0107 do ko\u015bcio\u0142a w przysz\u0142\u0105 niedziel\u0119.<\/p>\n<p style=\"padding-left: 40px;\">7. \u015awiece CARITAS, op\u0142atki wigilijne, siano na st\u00f3\u0142 wigilijny w salce parafialnej &#8211; wej\u015bcie z dziedzi\u0144ca. Ofiary przeznaczone na ogrzewanie ko\u015bcio\u0142a.<\/p>\n<p style=\"padding-left: 40px;\">8. Dzisiaj, w drug\u0105 niedziel\u0119 Adwentu, obchodzimy Dzie\u0144 Modlitwy i Pomocy Ko\u015bcio\u0142owi na Wschodzie. W\u0142\u0105czamy si\u0119 w to dzie\u0142o, modlitw\u0105 oraz sk\u0142adaj\u0105c ofiary do puszek przed ko\u015bcio\u0142em. Nasza pomoc dotrze do ludzi \u017cyj\u0105cych w trudnych warunkach. Celem tego dnia jest duchowe i materialne wsparcie Ko\u015bcio\u0142a Katolickiego w krajach Europy Wschodniej, Rosji i Azji \u015arodkowej.<\/p>\n<p style=\"padding-left: 40px;\">9. Prosimy o zg\u0142aszanie chorych i starszych parafian do spowiedzi \u015bw. adwentowej na sobo\u00act\u0119, 14 grudnia, od godz. 9.00.<\/p>\n<p style=\"padding-left: 40px;\">10. Zach\u0119camy do czytania prasy katolickiej. W kaplicy przy zakrystii: Przewodnik Katolic\u00acki, grudniowy Ma\u0142y Przewodnik Katolicki, Go\u015b\u0107 Niedzielny, gazeta parafialna, poczt\u00f3wki bo\u017conarodzeniowe<\/p>\n<p style=\"padding-left: 40px;\">11. M\u00f3dlmy si\u0119 za zmar\u0142ych Parafian. Za dusz\u0119 \u015bp. Teresy Jankowskiej, os. Lecha 39. Msza \u015bw. pogrzebowa we wtorek o godz. 11.00 Wieczny odpoczynek racz zmar\u0142ym da\u0107 Panie.<\/p>\n<p style=\"padding-left: 40px;\">12. M\u00f3dlmy si\u0119 w intencji odbudowy Pomnika Wdzi\u0119czno\u015bci w Poznaniu ze s\u0142owami \u201dNaj\u015bwi\u0119tszemu Sercu Jezusa &#8211; Wskrzeszona Polska\u201d. M\u00f3dlmy si\u0119: Naj\u015bwi\u0119tsze Serce Jezusa \u2013 zmi\u0142uj si\u0119 nad nami.<\/p>\n<p style=\"padding-left: 40px;\">&nbsp;<\/p>\n<p style=\"padding-left: 40px;\">Modlitwa za rodziny &#8211; z inicjatywy Konferencji Episkopatu Polski<\/p>\n<p style=\"padding-left: 40px;\">Bo\u017ce, w Tr\u00f3jcy \u015awi\u0119tej Jedyny, \u017ar\u00f3d\u0142o \u017cycia i mi\u0142o\u015bci wszystkich ludzi! Dzi\u0119kujemy za to, \u017ce stworzy\u0142e\u015b nas \u2013 m\u0119\u017cczyznami i kobietami, aby\u015bmy si\u0119 nawzajem uzupe\u0142niali i byli dla siebie wzajemn\u0105 pomoc\u0105. Dzi\u0119kujemy, \u017ce przez Jezusa Chrystusa u\u015bwi\u0119ci\u0142e\u015b ma\u0142\u017ce\u0144stwo, ustanawiaj\u0105c je sakramentem. Spraw, aby ka\u017cda rodzina sta\u0142a si\u0119 sanktuarium \u017cycia i mi\u0142o\u015bci. Pom\u00f3\u017c wszystkim ma\u0142\u017conkom trwa\u0107 w wierno\u015bci i jedno\u015bci. Wspieraj ma\u0142\u017ce\u0144stwa i ro-dziny zagro\u017cone oraz dotkni\u0119te rozmaitymi kryzysami. Oddajemy Ci, Bo\u017ce, wszystkie dzie\u00acci od momentu pocz\u0119cia. Niech ciesz\u0105 si\u0119 mi\u0142o\u015bci\u0105 matki i ojca. Spraw, by dzieci i m\u0142odzie\u017c znalaz\u0142y w rodzinach silne wsparcie dla wzrostu w prawdzie i mi\u0142o\u015bci. Umacniaj dziadk\u00f3w i babcie, aby umieli dzieli\u0107 si\u0119 m\u0105dro\u015bci\u0105 i wiar\u0105 z m\u0142odymi. Prosimy, by stanowi\u0105cy prawa i sprawuj\u0105cy w\u0142adz\u0119 s\u0142u\u017cyli pocz\u0119temu \u017cyciu, ma\u0142\u017ce\u0144stwu i rodzinie. \u015awi\u0119ta Rodzino z Na\u00aczaretu, wspomagaj, aby umacnia\u0142a si\u0119 \u015bwiadomo\u015b\u0107 \u015bwi\u0119tego i nierozerwalnego charakteru ma\u0142\u017ce\u0144stwa i rodziny. \u015awi\u0119ta Maryjo, Matko Bo\u017ca, Kr\u00f3lowo rodzin, m\u00f3dl si\u0119 za nami! \u015awi\u0119ty J\u00f3zefie, g\u0142owo \u015awi\u0119tej Rodziny, m\u00f3dl si\u0119 za nami!<\/p>\n<p style=\"padding-left: 40px;\">\u015awi\u0119ty Janie Pawle II, papie\u017cu rodziny, m\u00f3dl si\u0119 za nami!<\/p>\n<p style=\"padding-left: 40px;\">&nbsp;<\/p>\n<p style=\"padding-left: 40px;\">&nbsp;<\/p>\n<p style=\"padding-left: 40px;\">&nbsp;<\/p>\n<p style=\"padding-left: 40px;\">&nbsp;<\/p>\n<p style=\"padding-left: 40px;\">&nbsp;<\/p>\n<p style=\"padding-left: 40px;\">&nbsp;<\/p>\n<p style=\"padding-left: 40px;\">&nbsp;<\/p>\n<p style=\"padding-left: 40px;\">&nbsp;<\/p>\n<p style=\"padding-left: 40px;\">&nbsp;<\/p>\n<p style=\"padding-left: 40px;\">&nbsp;<\/p>\n<p style=\"padding-left: 40px;\">&nbsp;<\/p>\n<p style=\"padding-left: 40px;\">&nbsp;<\/p>\n<p style=\"padding-left: 40px;\">&nbsp;<\/p>\n<p style=\"padding-left: 40px;\">&nbsp;<\/p>\n<p style=\"padding-left: 40px;\">&nbsp;<\/p>\n<p style=\"padding-left: 40px;\">&nbsp;<\/p>\n<p style=\"padding-left: 40px;\">&nbsp;<\/p>\n<p style=\"padding-left: 40px;\">&nbsp;<\/p>\n<p style=\"padding-left: 40px;\">&nbsp;<\/p>\n<p style=\"padding-left: 40px;\">&nbsp;<\/p>\n<p style=\"padding-left: 40px;\">&nbsp;<\/p>\n<p style=\"padding-left: 40px;\">&nbsp;<\/p>\n<p style=\"padding-left: 40px;\">&nbsp;<\/p>\n<p style=\"padding-left: 40px;\">&nbsp;<\/p>\n<p style=\"padding-left: 40px;\">&nbsp;<\/p>\n<p style=\"padding-left: 40px;\">&nbsp;<\/p>\n<p style=\"padding-left: 40px;\">&nbsp;<\/p>\n<p style=\"padding-left: 40px;\">&nbsp;<\/p>\n<p style=\"padding-left: 40px;\">&nbsp;<\/p>\n<p style=\"padding-left: 40px;\">&nbsp;<\/p>\n<p style=\"padding-left: 40px;\">&nbsp;<\/p>\n<p style=\"padding-left: 40px;\">&nbsp;<\/p>\n<p style=\"padding-left: 40px;\">&nbsp;<\/p>\n<p style=\"padding-left: 40px;\">&nbsp;<\/p>\n<p style=\"padding-left: 40px;\">&nbsp;<\/p>\n<p style=\"padding-left: 40px;\">&nbsp;<\/p>\n<p style=\"padding-left: 40px;\">&nbsp;<\/p>\n<p style=\"padding-left: 40px;\">&nbsp;<\/p>\n<p style=\"padding-left: 40px;\">&nbsp;<\/p>\n<p style=\"padding-left: 40px;\">&nbsp;<\/p>\n<p style=\"padding-left: 40px;\">&nbsp;<\/p>\n<p style=\"padding-left: 40px;\">&nbsp;<\/p>\n<p style=\"padding-left: 40px;\">&nbsp;<\/p>\n<p style=\"padding-left: 40px;\">&nbsp;<\/p>\n<p style=\"padding-left: 40px;\">&nbsp;<\/p>\n<p style=\"padding-left: 40px;\">&nbsp;<\/p>\n<p style=\"padding-left: 40px;\">&nbsp;<\/p>\n<p style=\"padding-left: 40px;\">&nbsp;<\/p>\n<p style=\"padding-left: 40px;\">&nbsp;<\/p>\n<p style=\"padding-left: 40px;\">&nbsp;<\/p>\n<p style=\"padding-left: 40px;\">&nbsp;<\/p>\n<p style=\"padding-left: 40px;\">&nbsp;<\/p>\n<p style=\"padding-left: 40px;\">&nbsp;<\/p>\n<p style=\"padding-left: 40px;\">&nbsp;<\/p>\n<p style=\"padding-left: 40px;\">&nbsp;<\/p>\n<p style=\"padding-left: 40px;\">&nbsp;<\/p>\n<p style=\"padding-left: 40px;\">&nbsp;<\/p>\n<p style=\"padding-left: 40px;\">&nbsp;<\/p>\n<p style=\"padding-left: 40px;\">&nbsp;<\/p>\n<p style=\"padding-left: 40px;\">&nbsp;<\/p>\n<p style=\"padding-left: 40px;\">&nbsp;<\/p>\n<p style=\"padding-left: 40px;\">&nbsp;<\/p>\n<p style=\"padding-left: 40px;\">&nbsp;<\/p>\n<p style=\"padding-left: 40px;\">&nbsp;<\/p>\n<p style=\"padding-left: 40px;\">&nbsp;<\/p>\n<p style=\"padding-left: 40px;\">&nbsp;<\/p>\n<p style=\"padding-left: 40px;\">&nbsp;<\/p>\n<p style=\"padding-left: 40px;\">&nbsp;<\/p>\n<p style=\"padding-left: 40px;\">&nbsp;<\/p>\n<p style=\"padding-left: 40px;\">&nbsp;<\/p>\n<p style=\"padding-left: 40px;\">&nbsp;<\/p>\n<p style=\"padding-left: 40px;\">&nbsp;<\/p>\n","protected":false},"excerpt":{"rendered":"<p>OG\u0141OSZENIA DUSZPASTERSKIE NIEDZIELA II ADWENTU 8 grudnia 2024r. 1. Kalendarz liturgiczny: \u015broda \u2013 \u015bw. Damazego, pi\u0105tek \u2013 \u015bw. \u0141ucji, sobota \u2013 \u015bw. Jana od Krzy\u017ca. 2. W dniu 8 grudnia, o 18.00, wyruszy z Rynku \u015ar\u00f3deckiego pod figur\u0119 Matki Bo\u017cej na Ostrowie Tumskim procesja \u015bwiat\u0142a ku czci Niepokalanie Pocz\u0119tej. Procesj\u0119 poprowadzi Ksi\u0105dz Arcybiskup Stanis\u0142aw G\u0105decki, &#8230; <span class=\"more\"><a class=\"more-link\" href=\"https:\/\/www.chnk.pl\/?p=4228\">czytaj wi\u0119cej<\/a><\/span><\/p>\n","protected":false},"author":3,"featured_media":0,"comment_status":"open","ping_status":"open","sticky":false,"template":"","format":"standard","meta":{"ngg_post_thumbnail":0,"footnotes":""},"categories":[1],"tags":[],"_links":{"self":[{"href":"https:\/\/www.chnk.pl\/index.php?rest_route=\/wp\/v2\/posts\/4228"}],"collection":[{"href":"https:\/\/www.chnk.pl\/index.php?rest_route=\/wp\/v2\/posts"}],"about":[{"href":"https:\/\/www.chnk.pl\/index.php?rest_route=\/wp\/v2\/types\/post"}],"author":[{"embeddable":true,"href":"https:\/\/www.chnk.pl\/index.php?rest_route=\/wp\/v2\/users\/3"}],"replies":[{"embeddable":true,"href":"https:\/\/www.chnk.pl\/index.php?rest_route=%2Fwp%2Fv2%2Fcomments&post=4228"}],"version-history":[{"count":1,"href":"https:\/\/www.chnk.pl\/index.php?rest_route=\/wp\/v2\/posts\/4228\/revisions"}],"predecessor-version":[{"id":4229,"href":"https:\/\/www.chnk.pl\/index.php?rest_route=\/wp\/v2\/posts\/4228\/revisions\/4229"}],"wp:attachment":[{"href":"https:\/\/www.chnk.pl\/index.php?rest_route=%2Fwp%2Fv2%2Fmedia&parent=4228"}],"wp:term":[{"taxonomy":"category","embeddable":true,"href":"https:\/\/www.chnk.pl\/index.php?rest_route=%2Fwp%2Fv2%2Fcategories&post=4228"},{"taxonomy":"post_tag","embeddable":true,"href":"https:\/\/www.chnk.pl\/index.php?rest_route=%2Fwp%2Fv2%2Ftags&post=4228"}],"curies":[{"name":"wp","href":"https:\/\/api.w.org\/{rel}","templated":true}]}}