{"id":4222,"date":"2024-11-30T15:40:41","date_gmt":"2024-11-30T15:40:41","guid":{"rendered":"https:\/\/www.chnk.pl\/?p=4222"},"modified":"2024-11-30T15:40:41","modified_gmt":"2024-11-30T15:40:41","slug":"niedziela-i-adwentu-2","status":"publish","type":"post","link":"https:\/\/www.chnk.pl\/?p=4222","title":{"rendered":"NIEDZIELA I ADWENTU"},"content":{"rendered":"<p>OG\u0141OSZENIA DUSZPASTERSKIE<\/p>\n<p>NIEDZIELA I ADWENTU<\/p>\n<p>1 grudnia 2024 r.<\/p>\n<p>1. W przysz\u0142\u0105 niedziel\u0119 Uroczysto\u015b\u0107 Niepokalanego Pocz\u0119cia Naj\u015bwi\u0119tszej Maryi Panny. Do soboty nowenna o godz. 17.20. W dniu 8 grudnia, o 18.00, wyruszy z Rynku \u015ar\u00f3deckiego pod figur\u0119 Matki Bo\u017cej na Ostrowie Tumskim procesja \u015bwiat\u0142a ku czci Niepokalanie Pocz\u0119tej. Procesj\u0119 poprowadzi Ksi\u0105dz Arcybiskup Stanis\u0142aw G\u0105decki, towarzyszy\u0107 mu b\u0119d\u0105 Biskupi Pomocniczy.<\/p>\n<p>2. Roraty od poniedzia\u0142ku do soboty o 6.00 dla doros\u0142ych i m\u0142odzie\u017cy. Akcentujemy Adwent w rodzinach przez: wieniec adwentowy lub zapalon\u0105 \u015bwiec\u0119 przy wsp\u00f3lnej modlitwie. R\u00f3\u017caniec do MB Patronki Dobrej \u015amierci we wtorki rano, po roratach.<\/p>\n<p>3. Dzieci zapraszamy z lampionami na roraty od poniedzia\u0142ku do pi\u0105tku na 18:00. Przy o\u0142tarzu jest drzewko, a pod nim inspiracje do czynienia dobra. Ka\u017cdego dnia przynosimy na roraty i wk\u0142adamy do koszyczka pod o\u0142tarzem serce, na kt\u00f3rym zapisujemy swoje imi\u0119 oraz czyn dobra i mi\u0142o\u015bci, kt\u00f3ry zrobili\u015bmy w ci\u0105gu ostatnich dni.<\/p>\n<p>4. W tym tygodniu I czwartek, pi\u0105tek i sobota miesi\u0105ca. Adoracja Naj\u015bwi\u0119tszego Sakramentu w czwartek od 17.00 do 18.00. R\u00f3\u017caniec o 17.20 w intencji: uczczenia Tajemnicy Niepokalanego Pocz\u0119cia Naj\u015bw. Maryi Panny oraz w intencji obrony \u017cycia ludzkiego, godno\u015bci jego przekazywania i tych, kt\u00f3rzy kszta\u0142tuj\u0105 opini\u0105 spo\u0142eczn\u0105 na ten temat. Po mszy \u015bw. adoracja do godz. 21.00 w intencji zachowania oraz nowych powo\u0142a\u0144. W I pi\u0105tek: spowied\u017a \u015bw. dla dzieci i m\u0142odzie\u017cy od 15.00 i komunia \u015bw. o godz. 18.00 na roratach; I sobota: r\u00f3\u017caniec do Niepokalanego Serca Matki Bo\u017cej bezpo\u015brednio po roratach. Odwiedziny chorych z sakramentami \u015bw. w pi\u0105tek. Ks. wikariusz odwiedzi chorych z sakramentami w sobot\u0119, 14 grudnia. Prosimy o zg\u0142aszanie w zakrystii chorych i starszych parafian do spowiedzi \u015bw. adwentowej (okazjonalnej), na sobot\u0119, 14 grudnia od 9.00.<\/p>\n<p>5. Po\u015bwi\u0119cenie medalika. Spotkanie dzieci pierwszokomunijnych i ich rodzic\u00f3w w czwartek o 16.45 klasa. Spotkanie dla rodzic\u00f3w w tym samym czasie w drugiej salce. Po\u015bwi\u0119cenie medalika w niedziel\u0119 na mszy \u015bw. o godz. 11.15.<\/p>\n<p>6. Zbi\u00f3rka ministrant\u00f3w w sobot\u0119 o godz. 10.15 w salce.<\/p>\n<p>7. W sobot\u0119 o 19:15 spotkanie Wsp\u00f3lnoty rodzin. Najpierw adoracja i rozwa\u017canie s\u0142owa Bo\u017cego w ko\u015bciele, nast\u0119pnie spotkanie w salce.<\/p>\n<p>8. W przysz\u0142\u0105 niedziel\u0119, przed ko\u015bcio\u0142em, kwesta na Fundusz Pomocy Ko\u015bcio\u0142owi na Wschodzie.<\/p>\n<p>9. W salce parafialnej op\u0142atki wigilijne. Przy zakrystii: Przewodnik Katolicki, Ma\u0142y Przewodnik Katolicki, Go\u015b\u0107 Niedzielny, gazeta parafialna, poczt\u00f3wki z religijnymi motywami Bo\u017cego Narodzenia.<\/p>\n<p>10. M\u00f3dlmy si\u0119 za zmar\u0142ych Parafian. Za dusz\u0119 \u015bp. Zbigniewa Wasielewskiego, os. Lecha 122 (msza \u015bw. pogrzebowa w \u015brod\u0119 o godz. 12.00) i \u015bp. Tadeusza Kosmowskiego, os. Lecha 89. Wieczny Odpoczynek racz zmar\u0142ym da\u0107 Panie.<\/p>\n<p>ADWENTEM rozpoczynamy nowy rok ko\u015bcielny, kt\u00f3ry b\u0119dziemy prze\u017cywa\u0107 pod has\u0142em \u201eWierz\u0119 w Syna Bo\u017cego\u201d. Ka\u017cdego roku Adwent przypomina nam, \u017ce Jezus przyszed\u0142 i nie\u00acustannie przychodzi. Adwent ma by\u0107 czasem pe\u0142nego t\u0119sknoty i mi\u0142o\u015bci oczekiwaniem na spotkanie z Bogiem-Mi\u0142o\u015bci\u0105. Liturgiczna my\u015bl Adwentu ukazuje podw\u00f3jne znaczenie tego okresu. , kt\u00f3re dostrzec mo\u017cna w dw\u00f3ch jego etapach. Pierwszy \u2013 od 1 Niedzieli do 16 grudnia \u2013 sk\u0142ania do spojrzenia w przysz\u0142o\u015b\u0107, kiedy Syn Bo\u017cy, uwielbiony przyjdzie w chwale. Drugi etap Adwentu (od 17 do 24 grudnia), to czas bezpo\u015bredniego przygotowania do Bo\u017cego Narodzenia, to czas szczeg\u00f3lnego wysi\u0142ku odrodzenia w sobie \u017cycia dzieci Bo-\u017cych. Propozycje postanowie\u0144 adwentowych: 1. udzia\u0142 w roratach, 2. spowied\u017a \u015bw. adwen-towa<\/p>\n<p>Adwent: (z \u0142ac. adventus \u201eprzyj\u015bcie\u201d) w liturgii chrze\u015bcija\u0144skiej okres czterech tygodni przygotowuj\u0105cy do \u015bwi\u0119towania tajemnicy Bo\u017cego Narodzenia. Sk\u0142ada si\u0119 z dw\u00f3ch cz\u0119\u015bci. Pierwsza cz\u0119\u015b\u0107 Adwentu (do 16 grudnia) akcentuje w tekstach liturgicznych, w modlitwach i czytaniach biblijnych oczekiwanie na drugie przyj\u015bcie Chrystusa. Druga cz\u0119\u015b\u0107 natomiast (od 17 grudnia do 24) przygotowuje bezpo\u015brednio do uroczysto\u015bci Narodzenia Pa\u0144skiego. Rozpoczyna si\u0119 trzeci\u0105 niedziel\u0105 Adwentu zwan\u0105 niedziel\u0105 Gaudete obchodzon\u0105 szczeg\u00f3l\u00acnie rado\u015bnie. Nazwa ta pochodzi od s\u0142\u00f3w antyfony na wej\u015bcie: Gaudete in Domino (radujcie si\u0119 w Panu). W tym dniu szaty liturgiczne s\u0105 r\u00f3\u017cowe. Cho\u0107 Kap\u0142an w okresie Adwentu za\u00ack\u0142ada do Mszy \u015awi\u0119tej ornat w kolorze fioletowym symbolizuj\u0105cym czas pokuty, jest to jednak w odr\u00f3\u017cnieniu od charakteru okresu Wielkiego Postu, czas radosnego przygotowania serc do jednego z najwa\u017cniejszych \u015bwi\u0105t, czas pojednania z Bogiem i lud\u017ami (Iz 40,3). Zwornikiem tekst\u00f3w liturgii adwentowej obydwu cz\u0119\u015bci s\u0105 niedzielne czytania z ksi\u0119gi pro\u00acroka Izajasza (np. w roku liturgicznym A: 2,1-5; 11,1-10; 35,1-6a10; 7,10-14), kt\u00f3re zapo\u00acwiadaj\u0105 radosne przyj\u015bcie Mesjasza. W tym czasie winno si\u0119 odprawi\u0107 rekolekcje, kt\u00f3re maj\u0105 pom\u00f3c wiernym spotka\u0107 si\u0119 z Jezusem szczeg\u00f3lnie w sakramencie pojednania. Pod\u00acczas Adwentu odprawia si\u0119, w dni powszednie przed \u015bwitem, Msz\u0119 \u015bw. ku czci Naj\u015bwi\u0119t\u00acszej Maryi Panny \u2013 roraty. Nazwa ta pochodzi od s\u0142\u00f3w pie\u015bni na wej\u015bcie: Rorate caeli de\u00acsuper (Spu\u015b\u0107cie ros\u0119 niebiosa) i przygotowuje uczestnicz\u0105cych do przyj\u0119cia Jezusa z wielk\u0105 mi\u0142o\u015bci\u0105 na wz\u00f3r Maryi. Jest to Msza w czasie kt\u00f3rej \u015bpiewa si\u0119 Gloria. Najstarsze \u015blady odprawianej w Polsce Mszy roratniej si\u0119gaj\u0105 XII w.<\/p>\n<p>Adwent obchodzony corocznie przypomina jednocze\u015bnie, \u017ce ca\u0142e \u017cycie chrze\u015bcijan winno by\u0107 oczekiwaniem na spotkanie umi\u0142owanego Pana. Pocz\u0105wszy od XI w. pierwsza niedziela Adwentu rozpoczyna w Ko\u015bciele nowy rok liturgiczny (A lub B lub C). Tegorocznym Ad\u00acwentem rozpoczynamy liturgiczny rok B.<\/p>\n<p>Symbole adwentowe:<\/p>\n<p>Wieniec adwentowy: obraz wsp\u00f3lnoty oczekuj\u0105cej w rado\u015bci i mi\u0142o\u015bci swego Pana. Stanowi symbol zwyci\u0119stwa i godno\u015bci kr\u00f3lewskiej. Cztery \u015bwiece symbolizuj\u0105 cztery niedziele Ad\u00acwentu. Zapalanie tych kolejnych \u015bwiec (\u015bwiecy pokoju, wiary, mi\u0142o\u015bci, nadziei) oznacza czuwanie i gotowo\u015b\u0107 na przyj\u015bcie Chrystusa. \u015awiat\u0142o, ziele\u0144, forma kr\u0119gu wie\u0144ca posiadaj\u0105 swoj\u0105 wymow\u0119 i oznaczaj\u0105: nadziej\u0119, \u017cycie, wieczno\u015b\u0107 Boga.<\/p>\n<p>Tw\u00f3rc\u0105 wie\u0144ca adwentowego jest niemiecki pastor ewangelicki Johann Wichern (1808-1881).<\/p>\n<p>W niekt\u00f3rych parafiach polskich w pierwsz\u0105 niedziel\u0119 Adwentu istnieje zwy\u00acczaj \u015bwi\u0119cenia wie\u0144c\u00f3w adwentowych. Ca\u0142a rodzina gromadz\u0105c si\u0119 przy wsp\u00f3lnej modli\u00actwie zapala kolejne \u015bwiece na znak czuwania i gotowo\u015bci razem z ca\u0142ym Ko\u015bcio\u0142em na przyj\u015bcie Jezusa.<\/p>\n<p>\u015awieca roratnia: z odprawianiem Mszy roratniej wi\u0105\u017ce si\u0119 zapalanie przy o\u0142tarzu si\u00f3dmej \u015bwiecy ozdobionej bia\u0142\u0105 lub niebiesk\u0105 wst\u0105\u017ck\u0105. Symbolizuje ona Niepokalan\u0105, kt\u00f3ra przy-nios\u0142a \u015bwiatu Chrystusa-s\u0142o\u0144ce.<\/p>\n<p>Kalendarz adwentowy ma zwykle kszta\u0142t drabiny, po kt\u00f3rej Dzieci\u0119 Jezus zst\u0119puje w kie-runku \u017c\u0142\u00f3bka. Symbolizuje Maryj\u0119, kt\u00f3ra sta\u0142a si\u0119 drabin\u0105 niebiesk\u0105 przez kt\u00f3r\u0105 B\u00f3g zst\u0105pi\u0142 na ziemi\u0119.<\/p>\n<p>Pustynia: potrzebujemy pustyni, by w ciszy us\u0142ysze\u0107 g\u0142os Boga, kt\u00f3ry rozbrzmiewa w nas. Adwent jest wyj\u015bciem na pustyni\u0119 (Oz 2,16), czasem wyprostowywania pokr\u0119conych dr\u00f3g naszego \u017cycia (Mk 1,3; Iz 40,3). To okres kiedy suche jak pustynia serce cz\u0142owieka otrzy\u00acmuje obietnic\u0119 wody \u017cywej Zbawiciela (Iz 35,1-3; 45,8).<\/p>\n<p>Pos\u0142any: B\u00f3g Ojciec realizuje sw\u00f3j plan zbawienia poprzez pos\u0142annictwo. Posy\u0142a Jana Chrzciciela, aby przygotowa\u0142 drog\u0119 Panu (Mk 1,1-4). Posy\u0142a Archanio\u0142a Gabriela do dzie-wicy Maryi, aby oznajmi\u0142 jej, \u017ce pocznie i porodzi Syna, kt\u00f3remu nada imi\u0119 Jezus (\u0141k 1,26-38), posy\u0142a swego Syna (\u0141k 4,18), posy\u0142a Ducha Swi\u0119tego (J 14,26). Pos\u0142annictwo Syna znajduje z kolei swoje przed\u0142u\u017cenie w misji jego wys\u0142annik\u00f3w \u2013 dwunastu aposto\u0142\u00f3w, kt\u00f3rych jeszcze za swojego \u017cycia Jezus wys\u0142a\u0142 przed sob\u0105, aby g\u0142osili S\u0142owo (\u0141k 10,3).<\/p>\n<p>Bibliografia<\/p>\n<p>Bogus\u0142aw Nadolski, Liturgika, II, Pozna\u0144 1991.<\/p>\n<p>Tarsycjusz Sinka, Liturgika, Krak\u00f3w 1994.<\/p>\n<p>&nbsp;<\/p>\n<p>&nbsp;<\/p>\n<p>&nbsp;<\/p>\n<p>&nbsp;<\/p>\n<p>&nbsp;<\/p>\n<p>&nbsp;<\/p>\n<p>&nbsp;<\/p>\n<p>&nbsp;<\/p>\n<p>&nbsp;<\/p>\n<p>&nbsp;<\/p>\n<p>&nbsp;<\/p>\n<p>&nbsp;<\/p>\n<p>&nbsp;<\/p>\n<p>&nbsp;<\/p>\n<p>&nbsp;<\/p>\n<p>&nbsp;<\/p>\n<p>&nbsp;<\/p>\n<p>&nbsp;<\/p>\n<p>&nbsp;<\/p>\n<p>&nbsp;<\/p>\n<p>&nbsp;<\/p>\n<p>&nbsp;<\/p>\n<p>&nbsp;<\/p>\n<p>&nbsp;<\/p>\n<p>&nbsp;<\/p>\n<p>&nbsp;<\/p>\n","protected":false},"excerpt":{"rendered":"<p>OG\u0141OSZENIA DUSZPASTERSKIE NIEDZIELA I ADWENTU 1 grudnia 2024 r. 1. W przysz\u0142\u0105 niedziel\u0119 Uroczysto\u015b\u0107 Niepokalanego Pocz\u0119cia Naj\u015bwi\u0119tszej Maryi Panny. Do soboty nowenna o godz. 17.20. W dniu 8 grudnia, o 18.00, wyruszy z Rynku \u015ar\u00f3deckiego pod figur\u0119 Matki Bo\u017cej na Ostrowie Tumskim procesja \u015bwiat\u0142a ku czci Niepokalanie Pocz\u0119tej. Procesj\u0119 poprowadzi Ksi\u0105dz Arcybiskup Stanis\u0142aw G\u0105decki, towarzyszy\u0107 &#8230; <span class=\"more\"><a class=\"more-link\" href=\"https:\/\/www.chnk.pl\/?p=4222\">czytaj wi\u0119cej<\/a><\/span><\/p>\n","protected":false},"author":3,"featured_media":0,"comment_status":"open","ping_status":"open","sticky":false,"template":"","format":"standard","meta":{"ngg_post_thumbnail":0,"footnotes":""},"categories":[1],"tags":[],"_links":{"self":[{"href":"https:\/\/www.chnk.pl\/index.php?rest_route=\/wp\/v2\/posts\/4222"}],"collection":[{"href":"https:\/\/www.chnk.pl\/index.php?rest_route=\/wp\/v2\/posts"}],"about":[{"href":"https:\/\/www.chnk.pl\/index.php?rest_route=\/wp\/v2\/types\/post"}],"author":[{"embeddable":true,"href":"https:\/\/www.chnk.pl\/index.php?rest_route=\/wp\/v2\/users\/3"}],"replies":[{"embeddable":true,"href":"https:\/\/www.chnk.pl\/index.php?rest_route=%2Fwp%2Fv2%2Fcomments&post=4222"}],"version-history":[{"count":1,"href":"https:\/\/www.chnk.pl\/index.php?rest_route=\/wp\/v2\/posts\/4222\/revisions"}],"predecessor-version":[{"id":4223,"href":"https:\/\/www.chnk.pl\/index.php?rest_route=\/wp\/v2\/posts\/4222\/revisions\/4223"}],"wp:attachment":[{"href":"https:\/\/www.chnk.pl\/index.php?rest_route=%2Fwp%2Fv2%2Fmedia&parent=4222"}],"wp:term":[{"taxonomy":"category","embeddable":true,"href":"https:\/\/www.chnk.pl\/index.php?rest_route=%2Fwp%2Fv2%2Fcategories&post=4222"},{"taxonomy":"post_tag","embeddable":true,"href":"https:\/\/www.chnk.pl\/index.php?rest_route=%2Fwp%2Fv2%2Ftags&post=4222"}],"curies":[{"name":"wp","href":"https:\/\/api.w.org\/{rel}","templated":true}]}}