{"id":4217,"date":"2024-11-23T15:34:34","date_gmt":"2024-11-23T15:34:34","guid":{"rendered":"https:\/\/www.chnk.pl\/?p=4217"},"modified":"2024-11-23T15:34:34","modified_gmt":"2024-11-23T15:34:34","slug":"uroczystosc-jezusa-chrystusa-krola-wszechswiata-6","status":"publish","type":"post","link":"https:\/\/www.chnk.pl\/?p=4217","title":{"rendered":"Uroczysto\u015b\u0107 Jezusa Chrystusa Kr\u00f3la Wszech\u015bwiata"},"content":{"rendered":"<p>&nbsp;<\/p>\n<p>&nbsp;<\/p>\n<p>OG\u0141OSZENIA DUSZPASTERSKIE<\/p>\n<p>Uroczysto\u015b\u0107 Jezusa Chrystusa Kr\u00f3la Wszech\u015bwiata<\/p>\n<p>24 listopada 2024 r.<\/p>\n<p>1. Kalendarz liturgiczny:<\/p>\n<p>poniedzia\u0142ek \u2013 \u015bw. Katarzyny Aleksandryjskiej<\/p>\n<p>sobota \u2013 \u015bw. Andrzeja Aposto\u0142a,<\/p>\n<p>2. Dzisiaj, po mszy \u015bw. wystawienie Naj\u015bwi\u0119tszego Sakramentu i akt po\u015bwi\u0119cenia Jezusowi Chrystusowi Kr\u00f3lowi. Msza \u015bw. ko\u0144czy si\u0119 b\u0142ogos\u0142awie\u0144stwem eucharystycznym. Za pobo\u017cne i publiczne zm\u00f3wienie ww. aktu po\u015bwi\u0119cenia mo\u017cna dost\u0105pi\u0107 odpustu zupe\u0142nego.<\/p>\n<p>3. Spotkanie wsp\u00f3lnoty r\u00f3\u017ca\u0144cowej w \u015brod\u0119 po wieczornej mszy \u015bw. w ko\u015bciele.<\/p>\n<p>4. W czwartek o 19:15 msza \u015bw. z modlitw\u0105 o uzdrowienie. Intencje, w kt\u00f3rych zostanie odprawiona Eucharystia, b\u0119dzie mo\u017cna z\u0142o\u017cy\u0107 do koszyka pod ch\u00f3rem.<\/p>\n<p>5. W pi\u0105tek, 29 listopada br., rozpoczynamy nowenn\u0119 przed Uroczysto\u015bci\u0105 Niepokalanego Pocz\u0119cia Naj\u015bwi\u0119tszej Maryi Panny. W te dni zapraszamy na r\u00f3\u017caniec o godz. 17.20 przed wystawionym Naj\u015bwi\u0119tszym Sakramentem, codziennie do 7 grudnia w\u0142\u0105cznie.<\/p>\n<p>&nbsp;6. W pi\u0105tek spotkanie duszpasterstwa m\u0142odzie\u017cy w salce o godz. 19.15.<\/p>\n<p>7. Dzieci zapraszamy w sobot\u0119, 30 listopada, na godz. 16:00 do salki, na wsp\u00f3lne przygotowania rodzinnego kalendarza adwentowego oraz lampion\u00f3w roratnych. 8. Zach\u0119camy do przygotowania rodzinnego wie\u0144ca adwentowego z czterema \u015bwiecami. Po\u015bwi\u0119cenie wie\u0144c\u00f3w adwentowych, w przysz\u0142\u0105 niedziel\u0119 na ka\u017cdej mszy \u015bw. Roraty o godz. 6.00.<\/p>\n<p>9. W dniu 27 listopada, w \u015brod\u0119, minie dziesi\u0119\u0107 lat od \u015bmierci S\u0142u\u017cebnicy Bo\u017cej doktor Wandy B\u0142e\u0144skiej, lekarki i \u015bwieckiej misjonarki, nazywanej Matk\u0105 Tr\u0119dowatych, kt\u00f3rych leczy\u0142a ponad 40 lat w Ugandzie. Plan modlitw w parafii pw. Chrystusa Dobrego Pasterza na Nowinie w Poznaniu: 17:30 r\u00f3\u017caniec (w ko\u015bciele); 18:00 msza \u015bw.; po mszy przej\u015bcie na cmentarz i modlitwy przy grobie.<\/p>\n<p>10. Archidiecezja Pozna\u0144ska organizuje kolejn\u0105 Archidiecezjaln\u0105 pielgrzymk\u0119 do Albanii od 2 do 9 czerwca 2025 roku. Szczeg\u00f3\u0142owe informacje w zakrystii.<\/p>\n<p>11. Szczere B\u00f3g zap\u0142a\u0107 Paniom i Panom za uprz\u0105tni\u0119cie li\u015bci przy ko\u015bciele.<\/p>\n<p>12. Zach\u0119camy do czytania prasy katolickiej. Przy zakrystii: Przewodnik Katolicki z modlitewnikiem na grudzie\u0144, Ma\u0142y Przewodni Katolicki, Go\u015b\u0107 Niedzielny i gazeta parafialna.<\/p>\n<p>13. Op\u0142atki wigilijne i \u015bwiece Caritas od przysz\u0142ej niedzieli w salce parafialnej. Ofiary przeznaczone na CARITAS oraz ogrzewanie ko\u015bcio\u0142a.<\/p>\n<p>14. M\u00f3dlmy si\u0119 za zmar\u0142ych Parafian. Za dusz\u0119 \u015bp. Marka Balcerkiewicza, os. Lecha 10, msza \u015bw. pogrzebowa w \u015brod\u0119 o godz. 11.30. Wieczny odpoczynek racz zmar\u0142ym da\u0107 Panie.<\/p>\n<p>16. M\u00f3dlmy si\u0119 o pok\u00f3j w Ziemi \u015bw. i Ukrainie. \u015awi\u0119ty Bo\u017ce, \u015awi\u0119ty Mocny,<\/p>\n<p>&nbsp;<\/p>\n","protected":false},"excerpt":{"rendered":"<p>&nbsp; &nbsp; OG\u0141OSZENIA DUSZPASTERSKIE Uroczysto\u015b\u0107 Jezusa Chrystusa Kr\u00f3la Wszech\u015bwiata 24 listopada 2024 r. 1. Kalendarz liturgiczny: poniedzia\u0142ek \u2013 \u015bw. Katarzyny Aleksandryjskiej sobota \u2013 \u015bw. Andrzeja Aposto\u0142a, 2. Dzisiaj, po mszy \u015bw. wystawienie Naj\u015bwi\u0119tszego Sakramentu i akt po\u015bwi\u0119cenia Jezusowi Chrystusowi Kr\u00f3lowi. Msza \u015bw. ko\u0144czy si\u0119 b\u0142ogos\u0142awie\u0144stwem eucharystycznym. Za pobo\u017cne i publiczne zm\u00f3wienie ww. aktu po\u015bwi\u0119cenia mo\u017cna &#8230; <span class=\"more\"><a class=\"more-link\" href=\"https:\/\/www.chnk.pl\/?p=4217\">czytaj wi\u0119cej<\/a><\/span><\/p>\n","protected":false},"author":3,"featured_media":0,"comment_status":"open","ping_status":"open","sticky":false,"template":"","format":"standard","meta":{"ngg_post_thumbnail":0,"footnotes":""},"categories":[1],"tags":[],"_links":{"self":[{"href":"https:\/\/www.chnk.pl\/index.php?rest_route=\/wp\/v2\/posts\/4217"}],"collection":[{"href":"https:\/\/www.chnk.pl\/index.php?rest_route=\/wp\/v2\/posts"}],"about":[{"href":"https:\/\/www.chnk.pl\/index.php?rest_route=\/wp\/v2\/types\/post"}],"author":[{"embeddable":true,"href":"https:\/\/www.chnk.pl\/index.php?rest_route=\/wp\/v2\/users\/3"}],"replies":[{"embeddable":true,"href":"https:\/\/www.chnk.pl\/index.php?rest_route=%2Fwp%2Fv2%2Fcomments&post=4217"}],"version-history":[{"count":1,"href":"https:\/\/www.chnk.pl\/index.php?rest_route=\/wp\/v2\/posts\/4217\/revisions"}],"predecessor-version":[{"id":4218,"href":"https:\/\/www.chnk.pl\/index.php?rest_route=\/wp\/v2\/posts\/4217\/revisions\/4218"}],"wp:attachment":[{"href":"https:\/\/www.chnk.pl\/index.php?rest_route=%2Fwp%2Fv2%2Fmedia&parent=4217"}],"wp:term":[{"taxonomy":"category","embeddable":true,"href":"https:\/\/www.chnk.pl\/index.php?rest_route=%2Fwp%2Fv2%2Fcategories&post=4217"},{"taxonomy":"post_tag","embeddable":true,"href":"https:\/\/www.chnk.pl\/index.php?rest_route=%2Fwp%2Fv2%2Ftags&post=4217"}],"curies":[{"name":"wp","href":"https:\/\/api.w.org\/{rel}","templated":true}]}}