{"id":4211,"date":"2024-11-16T16:14:06","date_gmt":"2024-11-16T16:14:06","guid":{"rendered":"https:\/\/www.chnk.pl\/?p=4211"},"modified":"2024-11-16T16:14:06","modified_gmt":"2024-11-16T16:14:06","slug":"niedziela-xxxiii-zwykla","status":"publish","type":"post","link":"https:\/\/www.chnk.pl\/?p=4211","title":{"rendered":"NIEDZIELA XXXIII ZWYK\u0141A"},"content":{"rendered":"<p>&nbsp;<\/p>\n<p>&nbsp;<\/p>\n<p>OG\u0141OSZENIA DUSZPASTERSKIE<\/p>\n<p>NIEDZIELA XXXIII ZWYK\u0141A<\/p>\n<p>17 listopada 2024 r.<\/p>\n<p>1. Kalendarz liturgiczny:<\/p>\n<p>poniedzia\u0142ek \u2013 b\u0142. Karoliny K\u00f3zk\u00f3wny,<\/p>\n<p>\u015broda &#8211; \u015bw. Rafa\u0142a Kalinowskiego,<\/p>\n<p>czwartek \u2013 Ofiarowanie Naj\u015bwi\u0119tszej Maryi Panny,<\/p>\n<p>pi\u0105tek &#8211; \u015bw. Cecylii,<\/p>\n<p>sobota \u2013 \u015bw. Klemensa i \u015bw. Kolumbana.<\/p>\n<p>2. Dzisiaj, 17 listopada, obchodzimy \u015awiatowy Dzie\u0144 Ubogich. W Poznaniu dzia\u0142aj\u0105 4 jad\u0142odajnie, w kt\u00f3rych, ka\u017cdego dnia, wydawanych jest 800 darmowych posi\u0142k\u00f3w. Przy ul. \u0141\u0105kowej potrzebna jest pomoc we wszystkie czwartki i soboty. Osoby zainteresowane prosimy o kontakt z s. Bernadett\u0105 tel. 786 819 860. Mo\u017cna te\u017c zaadoptowa\u0107 duchowo jedn\u0105 osob\u0119 w kryzysie bezdomno\u015bci z jad\u0142odajni \u015bw. El\u017cbiety. Imienna lista tych os\u00f3b i spos\u00f3b podj\u0119cia adopcji podana jest na stronie internetowej Archidiecezji Pozna\u0144skiej.<\/p>\n<p>3. W ka\u017cdy 19 dzie\u0144 miesi\u0105ca, dzie\u0144 salety\u0144ski w naszej Parafii. Procesja do figury Matki Bo\u017cej z La Salette po mszy \u015bw. o godz. 8.00, r\u00f3\u017caniec salety\u0144ski o godz. 7.30. Tym nabo\u017ce\u0144stwem wynagradzamy Panu Bogu za opuszczone lekkomy\u015blnie niedzielne msze \u015bw., nieposzanowanie spoczynku niedzielnego oraz przekle\u0144stwa, blu\u017anierstwa i z\u0142orzeczenia.<\/p>\n<p>4. Biuro parafialne w czwartek b\u0119dzie nieczynne. Sprawy pilne prosimy za\u0142atwia\u0107 po wieczornej mszy \u015bw.<\/p>\n<p>5. Spotkanie duszpasterstwa m\u0142odzie\u017cy w pi\u0105tek o 19:15 w salce.<\/p>\n<p>6. W sobot\u0119 o godz. 10.00 prosimy o pomoc w zgrabieniu li\u015bci przy ko\u015bciele.<\/p>\n<p>7. W przysz\u0142\u0105 niedziel\u0119 Uroczysto\u015b\u0107 Chrystusa Kr\u00f3la Wszech\u015bwiata, ko\u0144czy si\u0119 rok ko\u015bcielny. Po ka\u017cdej Mszy \u015bw. wystawienie Naj\u015bwi\u0119tszego Sakramentu i akt po\u015bwi\u0119cenia Jezusowi Chrystusowi Kr\u00f3lowi. Msza \u015bw. ko\u0144czy si\u0119 b\u0142ogos\u0142awie\u0144stwem eucharystycznym. Za dwa tygodnie rozpoczniemy Adwent. Prosimy o przygotowanie wie\u0144ca adwentowego i lampion\u00f3w na roraty.<\/p>\n<p>8. B\u00f3g zap\u0142a\u0107 za ofiary z \u017c\u00f3\u0142tych kartek na rzecz naszej Parafii, na Arcybiskupie Seminarium Duchowne. B\u00f3g zap\u0142a\u0107 za ofiary na potrzeby Stolicy Apostolskiej, sk\u0142adane 11 listopada. B\u00f3g zap\u0142a\u0107 Paniom sprz\u0105taj\u0105cym ko\u015bci\u00f3\u0142. Ponawiamy pro\u015bb\u0119 o w\u0142\u0105czenie si\u0119 w t\u0119 pos\u0142ug\u0119 na rzecz naszej parafii raz w miesi\u0105cu.<\/p>\n<p>9. Zach\u0119camy do czytania prasy katolickiej. Przy zakrystii: Przewodnik Katolicki, Ma\u0142y Przewodni Katolicki, Go\u015b\u0107 Niedzielny, gazeta parafialna.<\/p>\n<p>10. M\u00f3dlmy si\u0119 w intencji tych, kt\u00f3rzy staraj\u0105 si\u0119 o przywr\u00f3cenie pomnika Naj\u015bwi\u0119tszego Serca Jezusa i z wszystkich, kt\u00f3rzy wspieraj\u0105 t\u0119 inicjatyw modlitw\u0105 sercem i ofiar\u0105, aby wsp\u00f3lne dzie\u0142o wiary i wdzi\u0119czno\u015bci przyczyni\u0142o si\u0119 do odnowy \u017cycia religijnego w naszym spo\u0142ecze\u0144stwie. Naj\u015bwi\u0119tsze Serce Jezusa, \u017ar\u00f3d\u0142o \u017cycia i wdzi\u0119czno\u015bci zmi\u0142uj si\u0119 nad nami.<\/p>\n<p>&nbsp;<\/p>\n<p>&nbsp;<\/p>\n<p>&nbsp;<\/p>\n<p>&nbsp;<\/p>\n","protected":false},"excerpt":{"rendered":"<p>&nbsp; &nbsp; OG\u0141OSZENIA DUSZPASTERSKIE NIEDZIELA XXXIII ZWYK\u0141A 17 listopada 2024 r. 1. Kalendarz liturgiczny: poniedzia\u0142ek \u2013 b\u0142. Karoliny K\u00f3zk\u00f3wny, \u015broda &#8211; \u015bw. Rafa\u0142a Kalinowskiego, czwartek \u2013 Ofiarowanie Naj\u015bwi\u0119tszej Maryi Panny, pi\u0105tek &#8211; \u015bw. Cecylii, sobota \u2013 \u015bw. Klemensa i \u015bw. Kolumbana. 2. Dzisiaj, 17 listopada, obchodzimy \u015awiatowy Dzie\u0144 Ubogich. W Poznaniu dzia\u0142aj\u0105 4 jad\u0142odajnie, w &#8230; <span class=\"more\"><a class=\"more-link\" href=\"https:\/\/www.chnk.pl\/?p=4211\">czytaj wi\u0119cej<\/a><\/span><\/p>\n","protected":false},"author":3,"featured_media":0,"comment_status":"open","ping_status":"open","sticky":false,"template":"","format":"standard","meta":{"ngg_post_thumbnail":0,"footnotes":""},"categories":[1],"tags":[],"_links":{"self":[{"href":"https:\/\/www.chnk.pl\/index.php?rest_route=\/wp\/v2\/posts\/4211"}],"collection":[{"href":"https:\/\/www.chnk.pl\/index.php?rest_route=\/wp\/v2\/posts"}],"about":[{"href":"https:\/\/www.chnk.pl\/index.php?rest_route=\/wp\/v2\/types\/post"}],"author":[{"embeddable":true,"href":"https:\/\/www.chnk.pl\/index.php?rest_route=\/wp\/v2\/users\/3"}],"replies":[{"embeddable":true,"href":"https:\/\/www.chnk.pl\/index.php?rest_route=%2Fwp%2Fv2%2Fcomments&post=4211"}],"version-history":[{"count":1,"href":"https:\/\/www.chnk.pl\/index.php?rest_route=\/wp\/v2\/posts\/4211\/revisions"}],"predecessor-version":[{"id":4212,"href":"https:\/\/www.chnk.pl\/index.php?rest_route=\/wp\/v2\/posts\/4211\/revisions\/4212"}],"wp:attachment":[{"href":"https:\/\/www.chnk.pl\/index.php?rest_route=%2Fwp%2Fv2%2Fmedia&parent=4211"}],"wp:term":[{"taxonomy":"category","embeddable":true,"href":"https:\/\/www.chnk.pl\/index.php?rest_route=%2Fwp%2Fv2%2Fcategories&post=4211"},{"taxonomy":"post_tag","embeddable":true,"href":"https:\/\/www.chnk.pl\/index.php?rest_route=%2Fwp%2Fv2%2Ftags&post=4211"}],"curies":[{"name":"wp","href":"https:\/\/api.w.org\/{rel}","templated":true}]}}