{"id":4208,"date":"2024-11-09T14:54:37","date_gmt":"2024-11-09T14:54:37","guid":{"rendered":"https:\/\/www.chnk.pl\/?p=4208"},"modified":"2024-11-09T14:54:37","modified_gmt":"2024-11-09T14:54:37","slug":"niedziela-xxxii-zwykla","status":"publish","type":"post","link":"https:\/\/www.chnk.pl\/?p=4208","title":{"rendered":"NIEDZIELA XXXII ZWYK\u0141A"},"content":{"rendered":"<p>OG\u0141OSZENIA DUSZPASTERSKIE<\/p>\n<p>NIEDZIELA XXXII ZWYK\u0141A<\/p>\n<p>10 listopada 2024 r.<\/p>\n<p>1. Kalendarz liturgiczny:poniedzia\u0142ek \u2013 \u015bw. Marcina z Tours, wtorek \u2013 \u015bw. Jozafata, \u015broda \u015aw. Benedykta, Jana, Mateusza, Izaaka i Krystyna, pierwszych m\u0119czennik\u00f3w Polski, pi\u0105tek &#8211; \u015bw. Alberta Wielkiego, sobota \u2013 \u015bw. Ma\u0142gorzaty Szkockiej i \u015bw. Gertrudy.<\/p>\n<p>2. R\u00f3\u017caniec z wymieniankami o godz. 17.30.<\/p>\n<p>3. W poniedzia\u0142ek, 11 listopada, Narodowe \u015awi\u0119to Niepodleg\u0142o\u015bci. Msza \u015bw. w intencji Ojczyzny o godz. 9.00. Ofiary ze wszystkich mszy \u015bw. na potrzeby Stolicy \u015awi\u0119tej. Prosimy o flagowanie mieszka\u0144 na znak duchowej \u0142\u0105czno\u015bci z wszystkimi, kt\u00f3rzy oddali \u017cycie i pracowali dla niepodleg\u0142ej Polski.<\/p>\n<p>4. Spotkanie m\u0142odzie\u017cy przygotowuj\u0105cej si\u0119 do bierzmowania w czwartek o godz. 19.30 w salce parafialnej<\/p>\n<p>5. Spotkanie duszpasterstwa m\u0142odzie\u017cy w pi\u0105tek o 19:15 w salce.<\/p>\n<p>6. Dzisiaj, 10 listopada, Dzie\u0144 Solidarno\u015bci z Ko\u015bcio\u0142em Prze\u015bladowanym. Koronka do Mi\u0142osierdzia Bo\u017cego w intencji chrze\u015bcijan prze\u015bladowanych w pi\u0105tki o godz. 17.40.<\/p>\n<p>7. W niedziel\u0119 17 listopada o godz. 19.00 w ko\u015bciele pw. \u015bw. Jerzego b\u0119dzie odprawiona msza \u015bw. w intencji zmar\u0142ych sportowc\u00f3w i dzia\u0142aczy sportowych z Wielkopolski.<\/p>\n<p>8. W \u015brod\u0119, 13 listopada, uroczysto\u015b\u0107 odpustowa w Parafii pw. Pierwszych Polskich M\u0119cze\u00acnnik\u00f3w. Suma odpustowa o godz. 18.30.<\/p>\n<p>9. B\u00f3g zap\u0142a\u0107 za udzia\u0142 we mszy \u015bw. z udzia\u0142em kleryk\u00f3w z naszego seminarium. Dzisiaj, przed ko\u015bcio\u0142em, mo\u017cliwo\u015b\u0107 z\u0142o\u017cenia ofiary na Arcybiskupie Seminarium Duchowne. B\u00f3g zap\u0142a\u0107 za ofiary sk\u0142adane na ten cel.<\/p>\n<p>10. B\u00f3g zap\u0142a\u0107 Paniom i Panom sprz\u0105taj\u0105cym ko\u015bci\u00f3\u0142. Ponawiamy pro\u015bb\u0119 o w\u0142\u0105czenie si\u0119 w t\u0119 pos\u0142ug\u0119 na rzecz naszej Parafii.<\/p>\n<p>11. Archidiecezja Pozna\u0144ska organizuje pielgrzymk\u0119 do Uzbekistanu \u2013 \u015bladami Polak\u00f3w na Wschodzie w dniach od 24 wrze\u015bnia do 2 pa\u017adziernika 2025 roku. Natomiast Duszpasterstwo os\u00f3b starszych i niepe\u0142nosprawnych organizuje pielgrzymk\u0119 na Litw\u0119 w dniach od 1 do 5 maja. Informacje o pielgrzymkach w zakrystii.<\/p>\n<p>12. W salce rogale \u015bwi\u0119tomarci\u0144skie. Zach\u0119camy do czytania prasy katolickiej. Przy zakrystii: Przewodnik Katolicki, Ma\u0142y Przewodni Katolicki, Go\u015b\u0107 Niedzielny, Go\u015b\u0107 Niedzielny Historia Ko\u015bcio\u0142a, gazetka parafialna<\/p>\n<p>13. M\u00f3dlmy si\u0119 za zmar\u0142ych parafian. Za dusz\u0119 \u015bp. Ireny Adamczak, os. Lecha 42. Pogrzeb odb\u0119dzie si\u0119 w Wirach. Termin zostanie dopiero ustalony. Wieczny odpoczynek racz zmar\u0142ym da\u0107 Panie.<\/p>\n<p>&nbsp;<\/p>\n<p>&nbsp;<\/p>\n<p>&nbsp;<\/p>\n<p>&nbsp;<\/p>\n<p>&nbsp;<\/p>\n<p>&nbsp;<\/p>\n<p>&nbsp;<\/p>\n<p>&nbsp;<\/p>\n<p>&nbsp;<\/p>\n<p>&nbsp;<\/p>\n<p>&nbsp;<\/p>\n<p>&nbsp;<\/p>\n<p>&nbsp;<\/p>\n<p>&nbsp;<\/p>\n","protected":false},"excerpt":{"rendered":"<p>OG\u0141OSZENIA DUSZPASTERSKIE NIEDZIELA XXXII ZWYK\u0141A 10 listopada 2024 r. 1. Kalendarz liturgiczny:poniedzia\u0142ek \u2013 \u015bw. Marcina z Tours, wtorek \u2013 \u015bw. Jozafata, \u015broda \u015aw. Benedykta, Jana, Mateusza, Izaaka i Krystyna, pierwszych m\u0119czennik\u00f3w Polski, pi\u0105tek &#8211; \u015bw. Alberta Wielkiego, sobota \u2013 \u015bw. Ma\u0142gorzaty Szkockiej i \u015bw. Gertrudy. 2. R\u00f3\u017caniec z wymieniankami o godz. 17.30. 3. W poniedzia\u0142ek, &#8230; <span class=\"more\"><a class=\"more-link\" href=\"https:\/\/www.chnk.pl\/?p=4208\">czytaj wi\u0119cej<\/a><\/span><\/p>\n","protected":false},"author":3,"featured_media":0,"comment_status":"open","ping_status":"open","sticky":false,"template":"","format":"standard","meta":{"ngg_post_thumbnail":0,"footnotes":""},"categories":[1],"tags":[],"_links":{"self":[{"href":"https:\/\/www.chnk.pl\/index.php?rest_route=\/wp\/v2\/posts\/4208"}],"collection":[{"href":"https:\/\/www.chnk.pl\/index.php?rest_route=\/wp\/v2\/posts"}],"about":[{"href":"https:\/\/www.chnk.pl\/index.php?rest_route=\/wp\/v2\/types\/post"}],"author":[{"embeddable":true,"href":"https:\/\/www.chnk.pl\/index.php?rest_route=\/wp\/v2\/users\/3"}],"replies":[{"embeddable":true,"href":"https:\/\/www.chnk.pl\/index.php?rest_route=%2Fwp%2Fv2%2Fcomments&post=4208"}],"version-history":[{"count":1,"href":"https:\/\/www.chnk.pl\/index.php?rest_route=\/wp\/v2\/posts\/4208\/revisions"}],"predecessor-version":[{"id":4209,"href":"https:\/\/www.chnk.pl\/index.php?rest_route=\/wp\/v2\/posts\/4208\/revisions\/4209"}],"wp:attachment":[{"href":"https:\/\/www.chnk.pl\/index.php?rest_route=%2Fwp%2Fv2%2Fmedia&parent=4208"}],"wp:term":[{"taxonomy":"category","embeddable":true,"href":"https:\/\/www.chnk.pl\/index.php?rest_route=%2Fwp%2Fv2%2Fcategories&post=4208"},{"taxonomy":"post_tag","embeddable":true,"href":"https:\/\/www.chnk.pl\/index.php?rest_route=%2Fwp%2Fv2%2Ftags&post=4208"}],"curies":[{"name":"wp","href":"https:\/\/api.w.org\/{rel}","templated":true}]}}