{"id":4203,"date":"2024-11-02T14:54:47","date_gmt":"2024-11-02T14:54:47","guid":{"rendered":"https:\/\/www.chnk.pl\/?p=4203"},"modified":"2024-11-02T14:54:56","modified_gmt":"2024-11-02T14:54:56","slug":"niedziela-xxxi-zwykla","status":"publish","type":"post","link":"https:\/\/www.chnk.pl\/?p=4203","title":{"rendered":"NIEDZIELA XXXI ZWYK\u0141A"},"content":{"rendered":"<p>OG\u0141OSZENIA DUSZPASTERSKIE<\/p>\n<p>NIEDZIELA XXXI ZWYK\u0141A<\/p>\n<p>3 listopada 2024 r.<\/p>\n<p>1. Kalendarz liturgiczny: poniedzia\u0142ek \u2013 \u015bw. Karola Boromeusza, sobota \u2013 Rocznica Po\u015bwi\u0119cenia Bazyliki Latera\u0144skiej,<\/p>\n<p>2. R\u00f3\u017caniec z wymieniankami od poniedzia\u0142ku o godz. 17.30.<\/p>\n<p>3. We wtorek modlitwa za zmar\u0142ych cz\u0142onk\u00f3w Stowarzyszenia Matki Bo\u017cej Patronki Dobrej \u015amierci: w ich intencji r\u00f3\u017caniec z wymieniankami o 7.30 i msza \u015bw.<\/p>\n<p>4. Spotkanie wsp\u00f3lnoty r\u00f3\u017ca\u0144cowej w \u015brod\u0119 po wieczornej mszy \u015bw.<\/p>\n<p>5. W I czwartek miesi\u0105ca adoracja Naj\u015bwi\u0119tszego Sakramentu po mszy \u015bw. wieczornej do godz. 21.00 w intencji zachowania oraz o nowe powo\u0142ania kap\u0142a\u0144skie, zakonne i misyjne. W czasie mszy \u015bw. b\u0119dziemy go\u015bci\u0107 oko\u0142o 30 kleryk\u00f3w z naszego seminarium, kt\u00f3rzy wezm\u0105 udzia\u0142 w naszej modlitwie. W przysz\u0142\u0105 niedziel\u0119, przed ko\u015bcio\u0142em mo\u017cliwo\u015b\u0107 z\u0142o\u017cenia ofiary na Arcybiskupie Seminarium Duchowne. Jest to tak\u017ce Niedziela Solidarno\u015bci z Ko\u015bcio\u0142em Prze\u015bladowanym.<\/p>\n<p>6. Po\u015bwi\u0119cenie ksi\u0105\u017ceczek. Spotkanie dzieci pierwszokomunijnych i ich rodzic\u00f3w w czwartek: o godz. 16.45. Na spotkanie dzieci przynosz\u0105 ksi\u0105\u017ceczk\u0119 do nabo\u017ce\u0144stwa i plansze z uczestnictwa w r\u00f3\u017ca\u0144cu. Po\u015bwi\u0119cenie ksi\u0105\u017ceczek w niedziel\u0119, 10 listopada, na mszy \u015bw. o godz. 11.15.<\/p>\n<p>7. Pierwsze spotkanie kandydat\u00f3w do bierzmowania z klas 7 i 8 odb\u0119dzie si\u0119 nie \u2013 jak dotychczas zapowiadali\u015bmy \u2013 w czwartek 7 listopada, ale w czwartek 14 listopada o godz. 19:30 salce. Kolejne spotkania odb\u0119d\u0105 si\u0119 5 i 12 grudnia br. oraz 13 i 20 lutego 2025 r.<\/p>\n<p>8. Spotkanie duszpasterstwa m\u0142odzie\u017cy w pi\u0105tek o godz. 19:15 w salce. Zapraszamy m\u0142odzie\u017c od 7 klasy szko\u0142y podstawowej.<\/p>\n<p>9. Spotkanie wsp\u00f3lnoty rodzin, kt\u00f3ra zaprasza osoby w ka\u017cdym wieku i ka\u017cdym stanie \u017cycia, odb\u0119dzie si\u0119 w sobot\u0119 o 19:15. Najpierw w ko\u015bciele Adoracja, nast\u0119pnie w salce spotkanie formacyjne i pocz\u0119stunek.<\/p>\n<p>10. Comiesi\u0119czne odwiedziny chorych z sakramentami \u015bw. w pi\u0105tek i sobot\u0119 wed\u0142ug sta\u0142ego planu.<\/p>\n<p>11. B\u00f3g zap\u0142a\u0107 za ofiary sk\u0142adane przy okazji wymieninek oraz na utrzymanie naszego ko\u015bcio\u0142a.<\/p>\n<p>12. Rogale Caritas, &#8221; \u015bwi\u0119tomarci\u0144skie&#8221;, w przysz\u0142\u0105 niedziel\u0119 w salce parafialnej.<\/p>\n<p>13. Zach\u0119camy do czytania prasy katolickiej. Przy zakrystii: Przewodnik Katolicki. Jest Ma\u0142y Przewodni Katolicki, Go\u015b\u0107 Niedzielny, Ziarno, gazeta parafialna.<\/p>\n<p>14. M\u00f3dlmy si\u0119 za zamr\u0142ych parafian. Za dusz\u0119 \u015bp. Bogdana Waszkiewicza, os. Lecha 129. Msza \u015bw. pogrzebowa w poniedzia\u0142ek o godz. 13.30.<\/p>\n<p>15. M\u00f3dlmy sie o pok\u00f3j na \u015bwiecie, a zwa\u0142aszcza w Ziemi \u015awi\u0119tej i w Ukrainie. \u015awi\u0119ty Bo\u017ce, \u015awi\u0119ty Mocny, \u015awi\u0119ty Nie\u015bmiertelny, zmi\u0142uj si\u0119 nad nami.<\/p>\n<p>&nbsp;<\/p>\n<p>&nbsp;<\/p>\n<p>&nbsp;<\/p>\n<p>&nbsp;<\/p>\n<p>&nbsp;<\/p>\n<p>&nbsp;<\/p>\n<p>&nbsp;<\/p>\n","protected":false},"excerpt":{"rendered":"<p>OG\u0141OSZENIA DUSZPASTERSKIE NIEDZIELA XXXI ZWYK\u0141A 3 listopada 2024 r. 1. Kalendarz liturgiczny: poniedzia\u0142ek \u2013 \u015bw. Karola Boromeusza, sobota \u2013 Rocznica Po\u015bwi\u0119cenia Bazyliki Latera\u0144skiej, 2. R\u00f3\u017caniec z wymieniankami od poniedzia\u0142ku o godz. 17.30. 3. We wtorek modlitwa za zmar\u0142ych cz\u0142onk\u00f3w Stowarzyszenia Matki Bo\u017cej Patronki Dobrej \u015amierci: w ich intencji r\u00f3\u017caniec z wymieniankami o 7.30 i msza &#8230; <span class=\"more\"><a class=\"more-link\" href=\"https:\/\/www.chnk.pl\/?p=4203\">czytaj wi\u0119cej<\/a><\/span><\/p>\n","protected":false},"author":3,"featured_media":0,"comment_status":"open","ping_status":"open","sticky":false,"template":"","format":"standard","meta":{"ngg_post_thumbnail":0,"footnotes":""},"categories":[1],"tags":[],"_links":{"self":[{"href":"https:\/\/www.chnk.pl\/index.php?rest_route=\/wp\/v2\/posts\/4203"}],"collection":[{"href":"https:\/\/www.chnk.pl\/index.php?rest_route=\/wp\/v2\/posts"}],"about":[{"href":"https:\/\/www.chnk.pl\/index.php?rest_route=\/wp\/v2\/types\/post"}],"author":[{"embeddable":true,"href":"https:\/\/www.chnk.pl\/index.php?rest_route=\/wp\/v2\/users\/3"}],"replies":[{"embeddable":true,"href":"https:\/\/www.chnk.pl\/index.php?rest_route=%2Fwp%2Fv2%2Fcomments&post=4203"}],"version-history":[{"count":1,"href":"https:\/\/www.chnk.pl\/index.php?rest_route=\/wp\/v2\/posts\/4203\/revisions"}],"predecessor-version":[{"id":4204,"href":"https:\/\/www.chnk.pl\/index.php?rest_route=\/wp\/v2\/posts\/4203\/revisions\/4204"}],"wp:attachment":[{"href":"https:\/\/www.chnk.pl\/index.php?rest_route=%2Fwp%2Fv2%2Fmedia&parent=4203"}],"wp:term":[{"taxonomy":"category","embeddable":true,"href":"https:\/\/www.chnk.pl\/index.php?rest_route=%2Fwp%2Fv2%2Fcategories&post=4203"},{"taxonomy":"post_tag","embeddable":true,"href":"https:\/\/www.chnk.pl\/index.php?rest_route=%2Fwp%2Fv2%2Ftags&post=4203"}],"curies":[{"name":"wp","href":"https:\/\/api.w.org\/{rel}","templated":true}]}}