{"id":4199,"date":"2024-10-27T08:43:10","date_gmt":"2024-10-27T08:43:10","guid":{"rendered":"https:\/\/www.chnk.pl\/?p=4199"},"modified":"2024-10-27T08:43:10","modified_gmt":"2024-10-27T08:43:10","slug":"niedziela-xxx-zwykla","status":"publish","type":"post","link":"https:\/\/www.chnk.pl\/?p=4199","title":{"rendered":"NIEDZIELA XXX ZWYK\u0141A"},"content":{"rendered":"<p>&nbsp;<\/p>\n<p>&nbsp;<\/p>\n<p>OG\u0141OSZENIA DUSZPASTERSKIE<\/p>\n<p>NIEDZIELA XXX ZWYK\u0141A<\/p>\n<p>27 pa\u017adziernika 2024 r.<\/p>\n<p>1. W Uroczysto\u015b\u0107 Wszystkich \u015awi\u0119tych. Msza \u015bw. w przeddzie\u0144 o godz. 18.00 i o godz. 8.00, 9.30, 11.15 i 18.00. Nie b\u0119dzie Mszy \u015bw. o godz. 12.30. Nie obowi\u0105zuje post. Na cmentarzach pozna\u0144skich nabo\u017ce\u0144stwa \u017ca\u0142obne o godz. 15.00.<\/p>\n<p>2. W Dzie\u0144 Zaduszny, (sobota) msza \u015bw. o godz. 8.00, 16.30 i 18.00. R\u00f3\u017caniec za Parafian zmar\u0142ych od ubieg\u0142orocznych Wszystkich \u015awi\u0119tych, w Dzie\u0144 Zaduszny o godz. 17.30. R\u00f3\u017caniec z wymieniankami od przysz\u0142ego poniedzia\u0142ku, o godz. 17.30. Wymienianki mo\u017cna sk\u0142ada\u0107 do skarbony przy zakrystii.<\/p>\n<p>3. W dniach od 1 do 8 listopada mo\u017cna codziennie zyska\u0107 odpust zupe\u0142ny dla tych, kt\u00f3rzy w czy\u015b\u0107cu oczekuj\u0105 pe\u0142ni zbawienia. Odpust zyskuje ten, kto nawiedzi cmentarz oraz wype\u0142ni zwyk\u0142e warunki, tj. przyst\u0105pi do Komunii \u015bw. w dniu nawiedzenia cmentarza i odm\u00f3wi na cmentarzu Ojcze nasz, Wierz\u0119 w Boga oraz jak\u0105kolwiek modlitw\u0119 w intencjach wyznaczonych na dany dzie\u0144 przez Ojca \u015awi\u0119tego. Ponadto w dniu 2 listopada \u2013 przy zachowaniu tych samych warunk\u00f3w \u2013 r\u00f3wnie\u017c mo\u017cna uzyska\u0107 odpust za zmar\u0142ych zwi\u0105zany z nawiedzeniem ko\u015bcio\u0142a i odm\u00f3wieniem w nim wspomnianych modlitw.<\/p>\n<p>4. W zwi\u0105zku z Uroczysto\u015bci\u0105 i I-ym pi\u0105tkiem miesi\u0105ca okazja do spowiedzi \u015bw. w czwartek od 15.00 do 18.00.<\/p>\n<p>5. W sobot\u0119, I-\u0105 miesi\u0105ca, r\u00f3\u017caniec do Niepokalanego Serca Matki Bo\u017cej o godz. 7.15. Odwiedziny chorych 8 i 9 listopada.<\/p>\n<p>6. Dzieci zapraszamy na Bal Wszystkich \u015awi\u0119tych w najbli\u017cszy czwartek w godz. 17.00 -18.30 do salki. Dzieci przebieraj\u0105 si\u0119 za ulubionego \u015bwi\u0119tego (ewentualnie anio\u0142a) i przygotowuj\u0105 kr\u00f3tk\u0105 informacj\u0119 na jego temat.<\/p>\n<p>7. Podobnie jak w latach ubieg\u0142ych, w niedziel\u0119 3 listopada br., obchodzony b\u0119dzie Dzie\u0144 Modlitw o Kanonizacj\u0119 B\u0142ogos\u0142awionych i Beatyfikacj\u0119 S\u0142ug Bo\u017cych z Archidiecezji Pozna\u0144skiej. Do grona tych os\u00f3b zalicza si\u0119 m.in.: b\u0142. Edmunda Bojanowskiego, b\u0142. Siostr\u0119 Sancj\u0119 Janin\u0119 Szymkowiak, b\u0142ogos\u0142awion\u0105 &#8222;Pozna\u0144sk\u0105 Pi\u0105tk\u0119&#8221;, b\u0142ogos\u0142awionych M\u0119czennik\u00f3w II wojny \u015bwiatowej, o. Bernarda z W\u0105brze\u017ana, ks. Wawrzy\u0144ca Ku\u017aniaka, ks. Kazimierza Rolewskiego, ks. Aleksandra \u017bychli\u0144skiego, ks. Stanis\u0142awa Streicha, ks. Ignacego Posadzego, ks. Aleksandra Wo\u017anego, o. Euzebiusza Huchrackiego, dr. Kazimierza Ho\u0142og\u0119, Jadwig\u0119 Zamoysk\u0105, o. Leandra Kubika, siostr\u0119 W\u0142odzimir\u0119 Wojtczak, ojca Mariana \u017belazka, dr Wand\u0119 B\u0142e\u0144sk\u0105, kleryka Alfonsa Ma\u0144k\u0119. W oczekiwaniu na chwa\u0142\u0119 o\u0142tarzy tych Os\u00f3b, kt\u00f3re \u017cy\u0142y i realizowa\u0142y \u015bwi\u0119to\u015b\u0107 na wielkopolskiej ziemi, w niedziel\u0119, 3 listopada br. o godzinie 10.00, w Bazylice Archikatedralnej w Poznaniu zostanie odprawiona Msza \u015bw. koncelebrowana pod przewodnictwem Ksi\u0119dza Arcybiskupa Stanis\u0142awa G\u0105deckiego Metropolity Pozna\u0144skiego. Do udzia\u0142u w tej uroczysto\u015bci zapraszamy wszystkich, a zw\u0142aszcza tych, kt\u00f3rzy s\u0105 zwi\u0105zani ze \u015brodowiskami, w kt\u00f3rych \u017cyli i zdobywali \u015bwi\u0119to\u015b\u0107 nasi kandydaci na o\u0142tarze.<\/p>\n<p>8. Zach\u0119camy do czytania prasy katolickiej. Przy zakrystii: Przewodnik Katolicki (z modlitewnikiem na listopad)), Ma\u0142y Przewodnik Katolicki, Go\u015b\u0107 Niedzielny, Ziarno, gazeta parafialna.<\/p>\n<p>MODLITWA O POK\u00d3J<\/p>\n<p>(na motywach Listu do Efezjan]<\/p>\n<p>Panie Jezu Chryste,<\/p>\n<p>Ty, kt\u00f3ry jeste\u015b naszym pokojem,<\/p>\n<p>Ty, kt\u00f3ry zburzy\u0142e\u015b rozdzielaj\u0105cy ludzi mur \u2013 wrogo\u015b\u0107,<\/p>\n<p>Ty, kt\u00f3ry ludzi dalekich czynisz bliskimi,<\/p>\n<p>Ty, kt\u00f3ry w sobie zada\u0142e\u015b \u015bmier\u0107 wrogo\u015bci!<\/p>\n<p>Prosimy, zadaj \u015bmier\u0107 tak\u017ce jakiejkolwiek wrogo\u015bci w nas!<\/p>\n<p>Daj nam \u015bwiat\u0142e oczy serca, by\u015bmy przestali widzie\u0107 w sobie wzajemnie przeciwnik\u00f3w, a zobaczyli wsp\u00f3\u0142domownik\u00f3w \u2013 w Twoim Domu, a tak\u017ce w tym domu, kt\u00f3ry ma na imi\u0119 Polska;<\/p>\n<p>Nawr\u00f3\u0107 nasze wzajemne my\u015blenie o sobie, i daj nam s\u0142owa i czyny na miar\u0119 tego nawr\u00f3cenia.<\/p>\n<p>W\u0142\u00f3\u017c nam w usta \u2013 a jeszcze wcze\u015bniej w nasze my\u015bli \u2013 s\u0142owa, kt\u00f3re buduj\u0105, nie rujnuj\u0105; lecz\u0105, nie zadaj\u0105 rany; pocieszaj\u0105, nie odbieraj\u0105 nadziej\u0119; nios\u0105 pok\u00f3j, nie wywo\u0142uj\u0105 agresj\u0119.<\/p>\n<p>Wska\u017c nam czyny konkretnej mi\u0142o\u015bci i mi\u0142osierdzia, wok\u00f3\u0142 kt\u00f3rych odbudujemy nasz\u0105 wsp\u00f3lnot\u0119.<\/p>\n<p>Uczy\u0144 ka\u017cdego z nas \u201enowym cz\u0142owiekiem\u201d, a nastanie pok\u00f3j!<\/p>\n<p>Modlimy si\u0119 za wszystkich!<\/p>\n<p>O m\u0105dro\u015b\u0107 i pragnienie dobra wsp\u00f3lnego dla ka\u017cdego, kto w obecnym sporze zabiera g\u0142os;<\/p>\n<p>Za polityk\u00f3w wszystkich opcji w parlamencie i poza nim.<\/p>\n<p>Za tych, kt\u00f3rzy modl\u0105 si\u0119 w ko\u015bcio\u0142ach, za wierz\u0105cych w Boga, i za tych, kt\u00f3rzy warto\u015bci prawdy, sprawiedliwo\u015bci, dobra i pi\u0119kna wywodz\u0105 z \u201einnych \u017ar\u00f3de\u0142\u201d;<\/p>\n<p>R\u00f3wnie\u017c za tych, kt\u00f3rzy w tej chwili wcale ich nie szukaj\u0105.<\/p>\n<p>Ty \u2013 rozpoznany czy nierozpoznany \u2013 znajd\u017a drog\u0119 do ka\u017cdego z nas, wska\u017c nam w\u0142a\u015bciwe drogi ku sobie nawzajem. I skutecznie nas po nich poprowad\u017a.<\/p>\n<p>Amen.<\/p>\n<p>&nbsp;<\/p>\n<p>&nbsp;<\/p>\n<p>&nbsp;<\/p>\n<p>&nbsp;<\/p>\n<p>&nbsp;<\/p>\n<p>&nbsp;<\/p>\n<p>&nbsp;<\/p>\n<p>&nbsp;<\/p>\n<p>&nbsp;<\/p>\n<p>&nbsp;<\/p>\n<p>&nbsp;<\/p>\n<p>&nbsp;<\/p>\n<p>&nbsp;<\/p>\n<p>&nbsp;<\/p>\n<p>&nbsp;<\/p>\n<p>&nbsp;<\/p>\n<p>&nbsp;<\/p>\n<p>&nbsp;<\/p>\n<p>&nbsp;<\/p>\n<p>&nbsp;<\/p>\n<p>&nbsp;<\/p>\n<p>&nbsp;<\/p>\n<p>&nbsp;<\/p>\n<p>&nbsp;<\/p>\n<p>&nbsp;<\/p>\n<p>&nbsp;<\/p>\n<p>&nbsp;<\/p>\n<p>&nbsp;<\/p>\n<p>&nbsp;<\/p>\n<p>&nbsp;<\/p>\n<p>&nbsp;<\/p>\n<p>&nbsp;<\/p>\n<p>&nbsp;<\/p>\n<p>&nbsp;<\/p>\n<p>&nbsp;<\/p>\n<p>&nbsp;<\/p>\n<p>&nbsp;<\/p>\n<p>&nbsp;<\/p>\n<p>&nbsp;<\/p>\n<p>&nbsp;<\/p>\n","protected":false},"excerpt":{"rendered":"<p>&nbsp; &nbsp; OG\u0141OSZENIA DUSZPASTERSKIE NIEDZIELA XXX ZWYK\u0141A 27 pa\u017adziernika 2024 r. 1. W Uroczysto\u015b\u0107 Wszystkich \u015awi\u0119tych. Msza \u015bw. w przeddzie\u0144 o godz. 18.00 i o godz. 8.00, 9.30, 11.15 i 18.00. Nie b\u0119dzie Mszy \u015bw. o godz. 12.30. Nie obowi\u0105zuje post. Na cmentarzach pozna\u0144skich nabo\u017ce\u0144stwa \u017ca\u0142obne o godz. 15.00. 2. W Dzie\u0144 Zaduszny, (sobota) msza &#8230; <span class=\"more\"><a class=\"more-link\" href=\"https:\/\/www.chnk.pl\/?p=4199\">czytaj wi\u0119cej<\/a><\/span><\/p>\n","protected":false},"author":3,"featured_media":0,"comment_status":"open","ping_status":"open","sticky":false,"template":"","format":"standard","meta":{"ngg_post_thumbnail":0,"footnotes":""},"categories":[1],"tags":[],"_links":{"self":[{"href":"https:\/\/www.chnk.pl\/index.php?rest_route=\/wp\/v2\/posts\/4199"}],"collection":[{"href":"https:\/\/www.chnk.pl\/index.php?rest_route=\/wp\/v2\/posts"}],"about":[{"href":"https:\/\/www.chnk.pl\/index.php?rest_route=\/wp\/v2\/types\/post"}],"author":[{"embeddable":true,"href":"https:\/\/www.chnk.pl\/index.php?rest_route=\/wp\/v2\/users\/3"}],"replies":[{"embeddable":true,"href":"https:\/\/www.chnk.pl\/index.php?rest_route=%2Fwp%2Fv2%2Fcomments&post=4199"}],"version-history":[{"count":1,"href":"https:\/\/www.chnk.pl\/index.php?rest_route=\/wp\/v2\/posts\/4199\/revisions"}],"predecessor-version":[{"id":4200,"href":"https:\/\/www.chnk.pl\/index.php?rest_route=\/wp\/v2\/posts\/4199\/revisions\/4200"}],"wp:attachment":[{"href":"https:\/\/www.chnk.pl\/index.php?rest_route=%2Fwp%2Fv2%2Fmedia&parent=4199"}],"wp:term":[{"taxonomy":"category","embeddable":true,"href":"https:\/\/www.chnk.pl\/index.php?rest_route=%2Fwp%2Fv2%2Fcategories&post=4199"},{"taxonomy":"post_tag","embeddable":true,"href":"https:\/\/www.chnk.pl\/index.php?rest_route=%2Fwp%2Fv2%2Ftags&post=4199"}],"curies":[{"name":"wp","href":"https:\/\/api.w.org\/{rel}","templated":true}]}}